{"id":3797,"date":"2012-05-21T09:21:38","date_gmt":"2012-05-21T09:21:38","guid":{"rendered":"http:\/\/wp.leiklist.is\/?p=3797"},"modified":"2012-05-21T09:21:38","modified_gmt":"2012-05-21T09:21:38","slug":"fjorar-aukasyningar-a-oralandi","status":"publish","type":"post","link":"https:\/\/leiklist.is\/en\/fjorar-aukasyningar-a-oralandi\/","title":{"rendered":"Fj\u00f3rar aukas\u00fdningar \u00e1 \u00d3ralandi"},"content":{"rendered":"<p \/>Vegna g\u00f3\u00f0rar a\u00f0s\u00f3knar hefur fj\u00f3rum aukas\u00fdningum veri\u00f0 b\u00e6tt vi\u00f0 \u00e1 s\u00fdningu Nemendaleikh\u00fass LH\u00cd \u00e1 \u00d3ralandi. S\u00fdnt er \u00ed\u00a0 Smi\u00f0junni. Leikstj\u00f3ri er Una \u00deorleifsd\u00f3ttir, a\u00f0j\u00fankt \u00ed svi\u00f0slistum vi\u00f0 leiklistar- og dansdeild Listah\u00e1sk\u00f3la \u00cdslands og a\u00f0rir listr\u00e6nir stj\u00f3rnendur eru J\u00f3n Atli J\u00f3nasson, Egill Ingibergsson og Magn\u00fas \u00de\u00f3r \u00deorbergsson.  <!--more-->  <\/p>\n<p>S\u00fdnt ver\u00f0ur:<br \/>M\u00e1nudaginn 21.05, kl. 20.00<br \/>Fimmtudaginn 24.05., kl. 20.00<br \/>F\u00f6studaguinn 25.05., kl. 20.00<br \/>Laugardaginn 26.05., kl. 16.00<\/p>\n<p>\u00d3ralandi\u00f0 er land sem vi\u00f0 \u00feekkjum \u00f6ll. \u00dea\u00f0 er nefnilega svo vins\u00e6ll fer\u00f0amannasta\u00f0ur. \u00dea\u00f0 veitir okkur r\u00edkisfang \u00e1n nokkurra spurninga. F\u00e1ni \u00feess er\u2026 tja, s\u00e1 f\u00e1ni sem vi\u00f0 kj\u00f3sum a\u00f0 flagga eftir \u00fev\u00ed hvernig \u00e1 okkur liggur. Vi\u00f0 eigum marga f\u00e1na. \u00d3ralandi\u00f0 minnir stundum \u00e1 \u00f6nnur l\u00f6nd. Og stundum minna \u00f6nnur l\u00f6nd \u00e1 \u00f3ralandi\u00f0. \u00dea\u00f0 getur veri\u00f0 erfitt a\u00f0 sj\u00e1 hvar landam\u00e6rin liggja. Til \u00feess a\u00f0 fara \u00feanga\u00f0 er ekki h\u00e6gt a\u00f0 b\u00f3ka neina fer\u00f0 \u00e1 netinu. Ef \u00fe\u00fa g\u00faglar \u00fea\u00f0 gerist f\u00e1tt. \u00de\u00fa ert \u00fe\u00edn eigin fer\u00f0askrifstofa og fararstj\u00f3ri. G\u00f3\u00f0a fer\u00f0.<\/p>\n<p>T\u00f3nlist: Bj\u00f6rn P\u00e1lmi P\u00e1lmason og Oddur S. B\u00e1ruson, nemendur \u00ed t\u00f3nsm\u00ed\u00f0um vi\u00f0 Listah\u00e1sk\u00f3la \u00cdslands. Listr\u00e6nir a\u00f0sto\u00f0armenn eru Eva Sign\u00fd Berger, M\u00f3ei\u00f0ur Helgad\u00f3ttir og Sveinbj\u00f6rg \u00de\u00f3rhallsd\u00f3ttir.<\/p>\n<p>S\u00fdningafj\u00f6ldi er takmarka\u00f0ur og \u00fev\u00ed er r\u00e1\u00f0legt a\u00f0 tryggja s\u00e9r mi\u00f0a \u00ed t\u00edma. Mi\u00f0aver\u00f0 er 1.500 kr.<\/p>\n<p>ATHUGI\u00d0 a\u00f0 s\u00fdningin er ekki vi\u00f0 h\u00e6fi barna.<\/p>\n<p>{mos_fb_discuss:2}<\/p>","protected":false},"excerpt":{"rendered":"<p>Vegna g\u00f3\u00f0rar a\u00f0s\u00f3knar hefur fj\u00f3rum aukas\u00fdningum veri\u00f0 b\u00e6tt vi\u00f0 \u00e1 s\u00fdningu Nemendaleikh\u00fass LH\u00cd \u00e1 \u00d3ralandi. S\u00fdnt er \u00ed\u00a0 Smi\u00f0junni. Leikstj\u00f3ri er Una \u00deorleifsd\u00f3ttir, a\u00f0j\u00fankt \u00ed svi\u00f0slistum vi\u00f0 leiklistar- og dansdeild Listah\u00e1sk\u00f3la \u00cdslands og a\u00f0rir listr\u00e6nir stj\u00f3rnendur eru J\u00f3n Atli J\u00f3nasson, Egill Ingibergsson og Magn\u00fas \u00de\u00f3r \u00deorbergsson.<\/p>","protected":false},"author":3,"featured_media":3796,"comment_status":"open","ping_status":"open","sticky":false,"template":"","format":"standard","meta":{"_et_pb_use_builder":"","_et_pb_old_content":"","_et_gb_content_width":"","footnotes":""},"categories":[187],"tags":[],"class_list":["post-3797","post","type-post","status-publish","format-standard","has-post-thumbnail","hentry","category-allar-frir","et-has-post-format-content","et_post_format-et-post-format-standard"],"_links":{"self":[{"href":"https:\/\/leiklist.is\/en\/wp-json\/wp\/v2\/posts\/3797","targetHints":{"allow":["GET"]}}],"collection":[{"href":"https:\/\/leiklist.is\/en\/wp-json\/wp\/v2\/posts"}],"about":[{"href":"https:\/\/leiklist.is\/en\/wp-json\/wp\/v2\/types\/post"}],"author":[{"embeddable":true,"href":"https:\/\/leiklist.is\/en\/wp-json\/wp\/v2\/users\/3"}],"replies":[{"embeddable":true,"href":"https:\/\/leiklist.is\/en\/wp-json\/wp\/v2\/comments?post=3797"}],"version-history":[{"count":0,"href":"https:\/\/leiklist.is\/en\/wp-json\/wp\/v2\/posts\/3797\/revisions"}],"wp:featuredmedia":[{"embeddable":true,"href":"https:\/\/leiklist.is\/en\/wp-json\/"}],"wp:attachment":[{"href":"https:\/\/leiklist.is\/en\/wp-json\/wp\/v2\/media?parent=3797"}],"wp:term":[{"taxonomy":"category","embeddable":true,"href":"https:\/\/leiklist.is\/en\/wp-json\/wp\/v2\/categories?post=3797"},{"taxonomy":"post_tag","embeddable":true,"href":"https:\/\/leiklist.is\/en\/wp-json\/wp\/v2\/tags?post=3797"}],"curies":[{"name":"wp","href":"https:\/\/api.w.org\/{rel}","templated":true}]}}