{"id":3789,"date":"2012-05-11T09:58:29","date_gmt":"2012-05-11T09:58:29","guid":{"rendered":"http:\/\/wp.leiklist.is\/?p=3789"},"modified":"2012-05-11T09:58:29","modified_gmt":"2012-05-11T09:58:29","slug":"leikfelag-seyeisfjarear-frumsynir-pelikanann","status":"publish","type":"post","link":"https:\/\/leiklist.is\/en\/leikfelag-seyeisfjarear-frumsynir-pelikanann\/","title":{"rendered":"Leikf\u00e9lag Sey\u00f0isfjar\u00f0ar frums\u00fdnir Pel\u00edkanann"},"content":{"rendered":"<p \/>F\u00f6studaginn 11. ma\u00ed frums\u00fdnir Leikf\u00e9lag Sey\u00f0isfjar\u00f0ar leikriti\u00f0 Pel\u00edkaninn eftir Sey\u00f0fir\u00f0inginn \u00c1g\u00fast Torfa Magn\u00fasson sem jafnframt er leikstj\u00f3ri. Pel\u00edkaninn er \u00feri\u00f0ja leikriti\u00f0 sem \u00c1g\u00fast skrifar fyrir Leikf\u00e9lag Sey\u00f0isfjar\u00f0ar, \u00e1\u00f0ur hefur skrifa\u00f0 verkin Kallar\u00f0u \u00feetta leikrit? og \u00deetta er bara prinsippm\u00e1l! sem hann skrifa\u00f0i \u00e1samt Snorra Emilssyni. S\u00fdnt er \u00ed F\u00e9lagsheimilinu Her\u00f0ubrei\u00f0, Sey\u00f0isfir\u00f0i og hefjast s\u00fdningar kl. 20.30.  <!--more-->  <\/p>\n<p>\u00dea\u00f0 er 6. \u00e1ratugur s\u00ed\u00f0ustu aldar og t\u00f3nlistarmenn eins og t.d. Elvis Presley og Buddy Holly voru upp\u00e1 sitt besta. N\u00fa gefst ykkur einstakt t\u00e6kif\u00e6ri til a\u00f0 reka inn nefi\u00f0 \u00e1 Pelikananum, sem er h\u00e1klassa veitinga- og skemmtista\u00f0ur, og fylgjast \u00fear me\u00f0 \u00f6rl\u00f6gum eiganda, starfsmanna og n\u00e1granna. T\u00f3nlist fr\u00e1 \u00feessum t\u00edma ver\u00f0ur \u00ed h\u00e1vegum h\u00f6f\u00f0, me\u00f0 splunkun\u00fdjum \u00edslenskum textum.<\/p>\n<p>S\u00fdningar ver\u00f0a sem h\u00e9r segir:<br \/>Frums\u00fdning &#8211; f\u00f6stud. 11. ma\u00ed kl. 20.30<br \/>2. s\u00fdning &#8211; sunnud. 13. ma\u00ed kl. 20.30<br \/>3. s\u00fdning &#8211; \u00feri\u00f0jud. 15. ma\u00ed kl. 20.30<br \/>4. s\u00fdning &#8211; f\u00f6stud. 25. ma\u00ed kl. 20.30<\/p>\n<p>Mi\u00f0aver\u00f0 kr. 2.200.-<br \/>Mi\u00f0apantanir \u00ed s\u00edmum 851-1535 og 866-7859.<\/p>\n<p>{mos_fb_discuss:2}<\/p>","protected":false},"excerpt":{"rendered":"<p>F\u00f6studaginn 11. ma\u00ed frums\u00fdnir Leikf\u00e9lag Sey\u00f0isfjar\u00f0ar leikriti\u00f0 Pel\u00edkaninn eftir Sey\u00f0fir\u00f0inginn \u00c1g\u00fast Torfa Magn\u00fasson sem jafnframt er leikstj\u00f3ri. Pel\u00edkaninn er \u00feri\u00f0ja leikriti\u00f0 sem \u00c1g\u00fast skrifar fyrir Leikf\u00e9lag Sey\u00f0isfjar\u00f0ar, \u00e1\u00f0ur hefur skrifa\u00f0 verkin Kallar\u00f0u \u00feetta leikrit? og \u00deetta er bara prinsippm\u00e1l! sem hann skrifa\u00f0i \u00e1samt Snorra Emilssyni. S\u00fdnt er \u00ed F\u00e9lagsheimilinu Her\u00f0ubrei\u00f0, Sey\u00f0isfir\u00f0i og hefjast s\u00fdningar kl. [&hellip;]<\/p>\n","protected":false},"author":3,"featured_media":3788,"comment_status":"open","ping_status":"open","sticky":false,"template":"","format":"standard","meta":{"_et_pb_use_builder":"","_et_pb_old_content":"","_et_gb_content_width":"","footnotes":""},"categories":[187],"tags":[],"class_list":["post-3789","post","type-post","status-publish","format-standard","has-post-thumbnail","hentry","category-allar-frir","et-has-post-format-content","et_post_format-et-post-format-standard"],"_links":{"self":[{"href":"https:\/\/leiklist.is\/en\/wp-json\/wp\/v2\/posts\/3789","targetHints":{"allow":["GET"]}}],"collection":[{"href":"https:\/\/leiklist.is\/en\/wp-json\/wp\/v2\/posts"}],"about":[{"href":"https:\/\/leiklist.is\/en\/wp-json\/wp\/v2\/types\/post"}],"author":[{"embeddable":true,"href":"https:\/\/leiklist.is\/en\/wp-json\/wp\/v2\/users\/3"}],"replies":[{"embeddable":true,"href":"https:\/\/leiklist.is\/en\/wp-json\/wp\/v2\/comments?post=3789"}],"version-history":[{"count":0,"href":"https:\/\/leiklist.is\/en\/wp-json\/wp\/v2\/posts\/3789\/revisions"}],"wp:featuredmedia":[{"embeddable":true,"href":"https:\/\/leiklist.is\/en\/wp-json\/"}],"wp:attachment":[{"href":"https:\/\/leiklist.is\/en\/wp-json\/wp\/v2\/media?parent=3789"}],"wp:term":[{"taxonomy":"category","embeddable":true,"href":"https:\/\/leiklist.is\/en\/wp-json\/wp\/v2\/categories?post=3789"},{"taxonomy":"post_tag","embeddable":true,"href":"https:\/\/leiklist.is\/en\/wp-json\/wp\/v2\/tags?post=3789"}],"curies":[{"name":"wp","href":"https:\/\/api.w.org\/{rel}","templated":true}]}}