{"id":37838,"date":"2022-06-28T15:13:27","date_gmt":"2022-06-28T15:13:27","guid":{"rendered":"https:\/\/leiklist.is\/?p=37838"},"modified":"2022-10-19T13:33:26","modified_gmt":"2022-10-19T13:33:26","slug":"leikilstarskola-bil-slitid-i-25-sinn","status":"publish","type":"post","link":"https:\/\/leiklist.is\/en\/leikilstarskola-bil-slitid-i-25-sinn\/","title":{"rendered":"Leikilstarsk\u00f3la B\u00cdL sliti\u00f0 \u00ed 25. sinn"},"content":{"rendered":"<p>Leiklistarsk\u00f3la B\u00cdL var sliti\u00f0 \u00ed 25 sinn um li\u00f0na helgi. Fj\u00f6rut\u00edu nemendur \u00fatskrifu\u00f0ust af 3 n\u00e1mskei\u00f0um en auk \u00feeirra voru 11 h\u00f6fundar \u00ed heims\u00f3kn a\u00f0 vinna a\u00f0 verkum s\u00ednum. Haldin voru n\u00e1mskei\u00f0in Leiklist I \u00ed stj\u00f3rn \u00d3lafs \u00c1sgeirssonar, Leikstj\u00f3rn II sem Jenn\u00fd L\u00e1ra Arn\u00f3rsd\u00f3ttir st\u00fdr\u00f0i og s\u00e9rn\u00e1mskei\u00f0i\u00f0 Hvernig segjum vi\u00f0 s\u00f6gu? \u00ed stj\u00f3rn \u00c1g\u00fastu Sk\u00falad\u00f3ttur.<span class=\"Apple-converted-space\">\u00a0<\/span><\/p>\n<p><a href=\"https:\/\/leiklist.is\/wp-content\/uploads\/2022\/06\/Skolastyrur_small.jpg\"><img loading=\"lazy\" decoding=\"async\" class=\"alignright size-medium wp-image-37840\" src=\"https:\/\/leiklist.is\/wp-content\/uploads\/2022\/06\/Skolastyrur_small-300x225.jpg\" alt=\"\" width=\"300\" height=\"225\" srcset=\"https:\/\/leiklist.is\/wp-content\/uploads\/2022\/06\/Skolastyrur_small-300x225.jpg 300w, https:\/\/leiklist.is\/wp-content\/uploads\/2022\/06\/Skolastyrur_small-768x576.jpg 768w, https:\/\/leiklist.is\/wp-content\/uploads\/2022\/06\/Skolastyrur_small-16x12.jpg 16w, https:\/\/leiklist.is\/wp-content\/uploads\/2022\/06\/Skolastyrur_small-600x450.jpg 600w, https:\/\/leiklist.is\/wp-content\/uploads\/2022\/06\/Skolastyrur_small.jpg 1008w\" sizes=\"auto, (max-width: 300px) 100vw, 300px\" \/><\/a>\u00deau t\u00ed\u00f0indi voru tilkynnt \u00e1 lokakv\u00f6ldi a\u00f0 sk\u00f3last\u00fdrur til 15 \u00e1ra, \u00fe\u00e6r D\u00fdrlif J\u00f3nsd\u00f3ttir og Hrefna Fri\u00f0riksd\u00f3ttir myndu n\u00fa l\u00e1ta af st\u00f6rfum. Var \u00feeim klappa\u00f0 lof \u00ed l\u00f3fa og \u00fe\u00e6r leystar \u00fat me\u00f0 gj\u00f6fum me\u00f0 \u00feakkl\u00e6ti fyrir f\u00f3rnf\u00fast starf \u00ed \u00fe\u00e1gu sk\u00f3lans \u00ed einn og h\u00e1lfan \u00e1ratug. \u00de\u00e1 voru n\u00fdir sk\u00f3lastj\u00f3rnendur kynntir til s\u00f6gunnar en \u00fea\u00f0 eru \u00feau F. Elli Hafli\u00f0ason og J\u00f3nhei\u00f0ur \u00cdsleifsd\u00f3ttir.<span class=\"Apple-converted-space\">\u00a0<\/span><\/p>","protected":false},"excerpt":{"rendered":"<p>Leiklistarsk\u00f3la B\u00cdL var sliti\u00f0 \u00ed 25 sinn um li\u00f0na helgi. Fj\u00f6rut\u00edu nemendur \u00fatskrifu\u00f0ust af 3 n\u00e1mskei\u00f0um en auk \u00feeirra voru 11 h\u00f6fundar \u00ed heims\u00f3kn a\u00f0 vinna a\u00f0 verkum s\u00ednum. Haldin voru n\u00e1mskei\u00f0in Leiklist I \u00ed stj\u00f3rn \u00d3lafs \u00c1sgeirssonar, Leikstj\u00f3rn II sem Jenn\u00fd L\u00e1ra Arn\u00f3rsd\u00f3ttir st\u00fdr\u00f0i og s\u00e9rn\u00e1mskei\u00f0i\u00f0 Hvernig segjum vi\u00f0 s\u00f6gu? \u00ed stj\u00f3rn \u00c1g\u00fastu Sk\u00falad\u00f3ttur.\u00a0 [&hellip;]<\/p>\n","protected":false},"author":3,"featured_media":37841,"comment_status":"closed","ping_status":"closed","sticky":false,"template":"","format":"standard","meta":{"_et_pb_use_builder":"","_et_pb_old_content":"","_et_gb_content_width":"","footnotes":""},"categories":[187,213],"tags":[],"class_list":["post-37838","post","type-post","status-publish","format-standard","has-post-thumbnail","hentry","category-allar-frir","category-vikupostur","et-has-post-format-content","et_post_format-et-post-format-standard"],"_links":{"self":[{"href":"https:\/\/leiklist.is\/en\/wp-json\/wp\/v2\/posts\/37838","targetHints":{"allow":["GET"]}}],"collection":[{"href":"https:\/\/leiklist.is\/en\/wp-json\/wp\/v2\/posts"}],"about":[{"href":"https:\/\/leiklist.is\/en\/wp-json\/wp\/v2\/types\/post"}],"author":[{"embeddable":true,"href":"https:\/\/leiklist.is\/en\/wp-json\/wp\/v2\/users\/3"}],"replies":[{"embeddable":true,"href":"https:\/\/leiklist.is\/en\/wp-json\/wp\/v2\/comments?post=37838"}],"version-history":[{"count":0,"href":"https:\/\/leiklist.is\/en\/wp-json\/wp\/v2\/posts\/37838\/revisions"}],"wp:featuredmedia":[{"embeddable":true,"href":"https:\/\/leiklist.is\/en\/wp-json\/wp\/v2\/media\/37841"}],"wp:attachment":[{"href":"https:\/\/leiklist.is\/en\/wp-json\/wp\/v2\/media?parent=37838"}],"wp:term":[{"taxonomy":"category","embeddable":true,"href":"https:\/\/leiklist.is\/en\/wp-json\/wp\/v2\/categories?post=37838"},{"taxonomy":"post_tag","embeddable":true,"href":"https:\/\/leiklist.is\/en\/wp-json\/wp\/v2\/tags?post=37838"}],"curies":[{"name":"wp","href":"https:\/\/api.w.org\/{rel}","templated":true}]}}