{"id":3761,"date":"2012-04-27T09:12:13","date_gmt":"2012-04-27T09:12:13","guid":{"rendered":"http:\/\/wp.leiklist.is\/?p=3761"},"modified":"2020-03-02T10:14:23","modified_gmt":"2020-03-02T10:14:23","slug":"ekki-einleikinn-samningur-hja-act-alone","status":"publish","type":"post","link":"https:\/\/leiklist.is\/en\/ekki-einleikinn-samningur-hja-act-alone\/","title":{"rendered":"Ekki einleikinn samningur hj\u00e1 Act alone"},"content":{"rendered":"<p \/>Hin r\u00f3tgr\u00f3na einleikjah\u00e1t\u00ed\u00f0 Act alone ver\u00f0ur haldin helgina 9.\u201312. \u00e1g\u00fast \u00e1 Su\u00f0ureyri. Fisherman \u00e1 Su\u00f0ureyri og Act alone hafa gert me\u00f0 s\u00e9r fimm \u00e1ra samning um a\u00f0 byggja h\u00e1t\u00ed\u00f0ina upp svo h\u00fan festi sig enn frekar \u00ed sessi sem einn af hornsteinum \u00ed menningarfl\u00f3ru Vestfir\u00f0inga. \u00deessu tengt ver\u00f0ur stofna\u00f0 til vin\u00e1ttusambands vi\u00f0 leikh\u00f3pinn Vesturport um frekari \u00fer\u00f3un \u00e1 h\u00e1t\u00ed\u00f0inni.  <!--more-->  <\/p>\n<p>Enn er unni\u00f0 a\u00f0 dagskr\u00e1 fyrir komandi h\u00e1t\u00ed\u00f0 en h\u00fan ver\u00f0ur endanlega kynnt 1. j\u00fal\u00ed. Sem d\u00e6mi \u00far dagskr\u00e1 m\u00e1 nefna danss\u00fdninguna Superhero sem st\u00e1tar af Gr\u00edmuver\u00f0launum og svo ver\u00f0ur einleikin t\u00f3nlist alla helgina og \u00fear m\u00e1 nefna Svavar Kn\u00fat og Valgeir Gu\u00f0j\u00f3nsson. \u201eVi\u00f0 \u00e6tlum a\u00f0 koma gestum skemmtilega \u00e1 \u00f3vart n\u00e6stu \u00e1rin \u00ed samvinnu vi\u00f0 n\u00fdja bakhjarlinn okkar Fisherman\u201c segir Elfar Logi forsprakki Act alone.<\/p>\n<p>{mos_fb_discuss:3}<\/p>","protected":false},"excerpt":{"rendered":"<p>Hin r\u00f3tgr\u00f3na einleikjah\u00e1t\u00ed\u00f0 Act alone ver\u00f0ur haldin helgina 9.\u201312. \u00e1g\u00fast \u00e1 Su\u00f0ureyri. Fisherman \u00e1 Su\u00f0ureyri og Act alone hafa gert me\u00f0 s\u00e9r fimm \u00e1ra samning um a\u00f0 byggja h\u00e1t\u00ed\u00f0ina upp svo h\u00fan festi sig enn frekar \u00ed sessi sem einn af hornsteinum \u00ed menningarfl\u00f3ru Vestfir\u00f0inga. \u00deessu tengt ver\u00f0ur stofna\u00f0 til vin\u00e1ttusambands vi\u00f0 leikh\u00f3pinn Vesturport um [&hellip;]<\/p>\n","protected":false},"author":3,"featured_media":3760,"comment_status":"open","ping_status":"open","sticky":false,"template":"","format":"standard","meta":{"_et_pb_use_builder":"","_et_pb_old_content":"","_et_gb_content_width":"","footnotes":""},"categories":[200],"tags":[],"class_list":["post-3761","post","type-post","status-publish","format-standard","has-post-thumbnail","hentry","category-markvert","et-has-post-format-content","et_post_format-et-post-format-standard"],"_links":{"self":[{"href":"https:\/\/leiklist.is\/en\/wp-json\/wp\/v2\/posts\/3761","targetHints":{"allow":["GET"]}}],"collection":[{"href":"https:\/\/leiklist.is\/en\/wp-json\/wp\/v2\/posts"}],"about":[{"href":"https:\/\/leiklist.is\/en\/wp-json\/wp\/v2\/types\/post"}],"author":[{"embeddable":true,"href":"https:\/\/leiklist.is\/en\/wp-json\/wp\/v2\/users\/3"}],"replies":[{"embeddable":true,"href":"https:\/\/leiklist.is\/en\/wp-json\/wp\/v2\/comments?post=3761"}],"version-history":[{"count":0,"href":"https:\/\/leiklist.is\/en\/wp-json\/wp\/v2\/posts\/3761\/revisions"}],"wp:featuredmedia":[{"embeddable":true,"href":"https:\/\/leiklist.is\/en\/wp-json\/"}],"wp:attachment":[{"href":"https:\/\/leiklist.is\/en\/wp-json\/wp\/v2\/media?parent=3761"}],"wp:term":[{"taxonomy":"category","embeddable":true,"href":"https:\/\/leiklist.is\/en\/wp-json\/wp\/v2\/categories?post=3761"},{"taxonomy":"post_tag","embeddable":true,"href":"https:\/\/leiklist.is\/en\/wp-json\/wp\/v2\/tags?post=3761"}],"curies":[{"name":"wp","href":"https:\/\/api.w.org\/{rel}","templated":true}]}}