{"id":3757,"date":"2012-04-24T09:19:49","date_gmt":"2012-04-24T09:19:49","guid":{"rendered":"http:\/\/wp.leiklist.is\/?p=3757"},"modified":"2012-04-24T09:19:49","modified_gmt":"2012-04-24T09:19:49","slug":"frumflutningur-a-operettupari","status":"publish","type":"post","link":"https:\/\/leiklist.is\/en\/frumflutningur-a-operettupari\/","title":{"rendered":"Frumflutningur \u00e1 \u00f3perettupari"},"content":{"rendered":"<p \/>\u00d3perettupari\u00f0 Fj\u00e1rsj\u00f3\u00f0urinn \u00ed t\u00f3nlistarsk\u00f3lanum ver\u00f0ur frums\u00fdnt \u00ed I\u00f0n\u00f3 \u00feri\u00f0judaginn 24. apr\u00edl kl. 20.00. Fyrri hlutinn er T\u00f3nlistarsk\u00f3linn, splunkun\u00fdtt verk eftir \u00de\u00f3runni Gu\u00f0mundsd\u00f3ttur og s\u00ed\u00f0ari hlutinn er \u00f3perettan Falinn fj\u00e1rsj\u00f3\u00f0ur eftir Offenbach \u00ed n\u00fdrri \u00fe\u00fd\u00f0ingu \u00de\u00f3runnar. Flytjendur eru nemendur \u00ed T\u00f3nlistarsk\u00f3lanum \u00ed Reykjav\u00edk, 14 s\u00f6ngvarar og hlj\u00f3msveit. Stj\u00f3rnandi er Tryggvi M. Baldvinsson og leikstj\u00f3ri er \u00de\u00f3runn Gu\u00f0mundsd\u00f3ttir.  <!--more-->  <\/p>\n<p>T\u00f3nlistarsk\u00f3linn gerist \u00ed t\u00f3nlistarsk\u00f3la sem er \u00ed g\u00edfurlegu fj\u00e1rsvelti. \u00dea\u00f0 veldur \u00fev\u00ed a\u00f0 sk\u00f3lastj\u00f3rinn ver\u00f0ur \u00e1kaflega \u00feunglyndur og missir alla tr\u00fa \u00e1 t\u00f3nfr\u00e6\u00f0i og t\u00f3nlist. \u00deegar nemendurnir fr\u00e9tta \u00feetta \u00e1kve\u00f0a \u00feeir a\u00f0 setja upp \u00f3peru til a\u00f0 hressa hann vi\u00f0 og koma sk\u00f3lanum \u00e1 korti\u00f0. Vi\u00f0 fylgjumst svo me\u00f0 a\u00f0dragandanum a\u00f0 uppf\u00e6rslunni, en inn \u00ed s\u00f6gu\u00fer\u00e1\u00f0inn blandast metna\u00f0ur og \u00e1starfl\u00e6kjur nemendanna. Loks fylgjumst vi\u00f0 me\u00f0 generalprufunni \u00e1 \u00f3perettu Offenbachs, \u00fear sem \u00fdmislegt fer \u00farskei\u00f0is og l\u00edtur jafnvel \u00fat fyrir a\u00f0 \u00fea\u00f0 ver\u00f0i a\u00f0 afl\u00fdsa s\u00fdningum, en allt fer \u00fe\u00f3 vel a\u00f0 lokum.<\/p>\n<p>\u00deetta er frumflutningur \u00e1 \u00f3perettu Offenbachs \u00e1 \u00cdslandi og a\u00f0 sj\u00e1lfs\u00f6g\u00f0u frumflutningur \u00e1 T\u00f3nlistarsk\u00f3lanum eftir \u00de\u00f3runni. \u00deetta er fj\u00f3r\u00f0a s\u00f6ngverki\u00f0 sem \u00de\u00f3runn skrifar gagngert fyrir T\u00f3nlistarsk\u00f3lann \u00ed Reykjav\u00edk, en \u00e1\u00f0ur hafa veri\u00f0 settar upp eftir hana \u00f3perurnar M\u00e6r\u00fe\u00f6ll, Gilitrutt og Hlini, sem allar s\u00e6kja efnivi\u00f0 \u00ed \u00edslensk \u00e6vint\u00fdri.<\/p>\n<p>S\u00fdningar ver\u00f0a \u00ed I\u00f0n\u00f3 kl. 20.00 \u00feri\u00f0judag, mi\u00f0vikudag og fimmtudag \u00ed \u00feessari viku, en a\u00f0eins ver\u00f0a s\u00fdndar \u00feessar \u00ferj\u00e1r s\u00fdningar. H\u00e6gt er a\u00f0 kaupa mi\u00f0a \u00e1 midi.is og vi\u00f0 innganginn.<\/p>\n<p>{mos_fb_discuss:2}<\/p>","protected":false},"excerpt":{"rendered":"<p>\u00d3perettupari\u00f0 Fj\u00e1rsj\u00f3\u00f0urinn \u00ed t\u00f3nlistarsk\u00f3lanum ver\u00f0ur frums\u00fdnt \u00ed I\u00f0n\u00f3 \u00feri\u00f0judaginn 24. apr\u00edl kl. 20.00. Fyrri hlutinn er T\u00f3nlistarsk\u00f3linn, splunkun\u00fdtt verk eftir \u00de\u00f3runni Gu\u00f0mundsd\u00f3ttur og s\u00ed\u00f0ari hlutinn er \u00f3perettan Falinn fj\u00e1rsj\u00f3\u00f0ur eftir Offenbach \u00ed n\u00fdrri \u00fe\u00fd\u00f0ingu \u00de\u00f3runnar. Flytjendur eru nemendur \u00ed T\u00f3nlistarsk\u00f3lanum \u00ed Reykjav\u00edk, 14 s\u00f6ngvarar og hlj\u00f3msveit. Stj\u00f3rnandi er Tryggvi M. Baldvinsson og leikstj\u00f3ri er \u00de\u00f3runn [&hellip;]<\/p>\n","protected":false},"author":3,"featured_media":3756,"comment_status":"open","ping_status":"open","sticky":false,"template":"","format":"standard","meta":{"_et_pb_use_builder":"","_et_pb_old_content":"","_et_gb_content_width":"","footnotes":""},"categories":[187],"tags":[],"class_list":["post-3757","post","type-post","status-publish","format-standard","has-post-thumbnail","hentry","category-allar-frir","et-has-post-format-content","et_post_format-et-post-format-standard"],"_links":{"self":[{"href":"https:\/\/leiklist.is\/en\/wp-json\/wp\/v2\/posts\/3757","targetHints":{"allow":["GET"]}}],"collection":[{"href":"https:\/\/leiklist.is\/en\/wp-json\/wp\/v2\/posts"}],"about":[{"href":"https:\/\/leiklist.is\/en\/wp-json\/wp\/v2\/types\/post"}],"author":[{"embeddable":true,"href":"https:\/\/leiklist.is\/en\/wp-json\/wp\/v2\/users\/3"}],"replies":[{"embeddable":true,"href":"https:\/\/leiklist.is\/en\/wp-json\/wp\/v2\/comments?post=3757"}],"version-history":[{"count":0,"href":"https:\/\/leiklist.is\/en\/wp-json\/wp\/v2\/posts\/3757\/revisions"}],"wp:featuredmedia":[{"embeddable":true,"href":"https:\/\/leiklist.is\/en\/wp-json\/"}],"wp:attachment":[{"href":"https:\/\/leiklist.is\/en\/wp-json\/wp\/v2\/media?parent=3757"}],"wp:term":[{"taxonomy":"category","embeddable":true,"href":"https:\/\/leiklist.is\/en\/wp-json\/wp\/v2\/categories?post=3757"},{"taxonomy":"post_tag","embeddable":true,"href":"https:\/\/leiklist.is\/en\/wp-json\/wp\/v2\/tags?post=3757"}],"curies":[{"name":"wp","href":"https:\/\/api.w.org\/{rel}","templated":true}]}}