{"id":37419,"date":"2022-04-21T11:25:46","date_gmt":"2022-04-21T11:25:46","guid":{"rendered":"https:\/\/leiklist.is\/?p=37419"},"modified":"2022-05-25T11:44:50","modified_gmt":"2022-05-25T11:44:50","slug":"nei-radherra-a-kroknum","status":"publish","type":"post","link":"https:\/\/leiklist.is\/en\/nei-radherra-a-kroknum\/","title":{"rendered":"Nei, r\u00e1\u00f0herra \u00e1 Kr\u00f3knum"},"content":{"rendered":"<p>Leikf\u00e9lag Sau\u00f0\u00e1rkr\u00f3ks frums\u00fdnir hinn vel \u00feekkta farsa\u00a0<strong>Nei, r\u00e1\u00f0herra<\/strong> eftir Ray Cooney, \u00ed \u00fe\u00fd\u00f0ingu G\u00edsla R\u00fanars J\u00f3nssonar, sunnudaginn 24. apr\u00edl klukkan 20:00. \u00a0Leikstj\u00f3ri er J\u00f3el S\u00e6mundsson.<\/p>\n<p>Alls koma 35 manns a\u00f0 s\u00fdningunni, \u00fear af eru 10 leikarar en \u00a0leikarah\u00f3purinn er blanda\u00f0ur reynsluboltum\u00a0 og \u00feeim sem eru a\u00f0 st\u00edga s\u00edn fyrstu skref \u00e1 svi\u00f0inu.\u00a0Nei, r\u00e1\u00f0herra\u00a0 er allt \u00ed senn sigildur, hra\u00f0ur, sn\u00fainn og fyndinn gamanleikur og fullur af s\u00edgildu hr\u00e1efni farsans svo sem misskilningi, framhj\u00e1haldi, \u00e1st og hur\u00f0askellum.<\/p>\n<p>\u00c6fingat\u00edmabili\u00f0 hefur gengi\u00f0 vel sem er mikil breyting hj\u00e1 f\u00e9laginu eftir hremmingar vegna Covid undanfarin misseri.<br \/>\nS\u00fdningar ver\u00f0ar 13 talsins og mi\u00f0asala er hafin \u00ed\u00a0 s\u00edma 8499434.<\/p>\n<p>Myndirnar eru teknar \u00e1 \u00e6fingu af Gunnhildi G\u00edslad\u00f3ttur.<\/p>","protected":false},"excerpt":{"rendered":"<p>Leikf\u00e9lag Sau\u00f0\u00e1rkr\u00f3ks frums\u00fdnir hinn vel \u00feekkta farsa\u00a0Nei, r\u00e1\u00f0herra eftir Ray Cooney, \u00ed \u00fe\u00fd\u00f0ingu G\u00edsla R\u00fanars J\u00f3nssonar, sunnudaginn 24. apr\u00edl klukkan 20:00. \u00a0Leikstj\u00f3ri er J\u00f3el S\u00e6mundsson. Alls koma 35 manns a\u00f0 s\u00fdningunni, \u00fear af eru 10 leikarar en \u00a0leikarah\u00f3purinn er blanda\u00f0ur reynsluboltum\u00a0 og \u00feeim sem eru a\u00f0 st\u00edga s\u00edn fyrstu skref \u00e1 svi\u00f0inu.\u00a0Nei, r\u00e1\u00f0herra\u00a0 er allt [&hellip;]<\/p>\n","protected":false},"author":3,"featured_media":37421,"comment_status":"closed","ping_status":"closed","sticky":false,"template":"","format":"standard","meta":{"_et_pb_use_builder":"","_et_pb_old_content":"","_et_gb_content_width":"","footnotes":""},"categories":[187,213],"tags":[],"class_list":["post-37419","post","type-post","status-publish","format-standard","has-post-thumbnail","hentry","category-allar-frir","category-vikupostur","et-has-post-format-content","et_post_format-et-post-format-standard"],"_links":{"self":[{"href":"https:\/\/leiklist.is\/en\/wp-json\/wp\/v2\/posts\/37419","targetHints":{"allow":["GET"]}}],"collection":[{"href":"https:\/\/leiklist.is\/en\/wp-json\/wp\/v2\/posts"}],"about":[{"href":"https:\/\/leiklist.is\/en\/wp-json\/wp\/v2\/types\/post"}],"author":[{"embeddable":true,"href":"https:\/\/leiklist.is\/en\/wp-json\/wp\/v2\/users\/3"}],"replies":[{"embeddable":true,"href":"https:\/\/leiklist.is\/en\/wp-json\/wp\/v2\/comments?post=37419"}],"version-history":[{"count":0,"href":"https:\/\/leiklist.is\/en\/wp-json\/wp\/v2\/posts\/37419\/revisions"}],"wp:featuredmedia":[{"embeddable":true,"href":"https:\/\/leiklist.is\/en\/wp-json\/wp\/v2\/media\/37421"}],"wp:attachment":[{"href":"https:\/\/leiklist.is\/en\/wp-json\/wp\/v2\/media?parent=37419"}],"wp:term":[{"taxonomy":"category","embeddable":true,"href":"https:\/\/leiklist.is\/en\/wp-json\/wp\/v2\/categories?post=37419"},{"taxonomy":"post_tag","embeddable":true,"href":"https:\/\/leiklist.is\/en\/wp-json\/wp\/v2\/tags?post=37419"}],"curies":[{"name":"wp","href":"https:\/\/api.w.org\/{rel}","templated":true}]}}