{"id":3719,"date":"2012-03-27T10:28:45","date_gmt":"2012-03-27T10:28:45","guid":{"rendered":"http:\/\/wp.leiklist.is\/?p=3719"},"modified":"2012-03-27T10:28:45","modified_gmt":"2012-03-27T10:28:45","slug":"sieasta-taekifaeri-til-ae-sja-suldarsker","status":"publish","type":"post","link":"https:\/\/leiklist.is\/en\/sieasta-taekifaeri-til-ae-sja-suldarsker\/","title":{"rendered":"S\u00ed\u00f0asta t\u00e6kif\u00e6ri til a\u00f0 sj\u00e1 S\u00faldarsker"},"content":{"rendered":"<p>S\u00e9rst\u00f6k aukas\u00fdning ver\u00f0ur \u00e1 S\u00faldarskeri eftir S\u00f6lku Gu\u00f0mundsd\u00f3ttur \u00ed Tjarnarb\u00ed\u00f3i mi\u00f0vikudagskv\u00f6ldi\u00f0 28. mars kl. 20. \u00deessi br\u00e1\u00f0skemmtilega s\u00fdning sl\u00f3 r\u00e6kilega \u00ed gegn \u00feegar h\u00fan var frums\u00fdnd \u00ed fyrra og hlaut miki\u00f0 lof gagnr\u00fdnenda og \u00e1horfenda, en s\u00fdningum var h\u00e6tt fyrir fullu h\u00fasi vegna anna. Me\u00f0al annars var S\u00faldarsker tilnefnt til tvennra Gr\u00edmuver\u00f0launa. H\u00f3purinn er n\u00fdkominn \u00far leikfer\u00f0 til Akureyrar \u00fear sem s\u00fdningin var leikin tvisvar fyrir fullu h\u00fasi. \u00cd tilefni \u00feess var \u00e1kve\u00f0i\u00f0 a\u00f0 leyfa skerinu a\u00f0 r\u00edsa \u00ed allra s\u00ed\u00f0asta sinn n\u00e6stkomandi mi\u00f0vikudagskv\u00f6ld.<\/p>\n<p>  <!--more-->  Tveimur a\u00f0komukonum skolar upp \u00e1 hi\u00f0 gr\u00e1myglulega S\u00faldarsker \u00ed \u00f3l\u00edkum erindagj\u00f6r\u00f0um. Koma \u00feeirra setur samf\u00e9lagi\u00f0 \u00far skor\u00f0um og hrindir af sta\u00f0 \u00e6sispennandi atbur\u00f0ar\u00e1s \u00fear sem vi\u00f0 s\u00f6gu koma gamlir vitaver\u00f0ir, b\u00e6jarh\u00e1t\u00ed\u00f0in Hryssingsdagar, \u00e1r\u00e1sargjarnir m\u00e1var, krullum\u00f3t \u00ed f\u00e9lagsheimilinu og s\u00ed\u00f0ast en ekki s\u00edst leyndard\u00f3mar hinnar \u00f3gangsettu kassettuverksmi\u00f0ju sem gn\u00e6fir yfir samf\u00e9laginu. <\/p>\n<p>\u00de\u00e6r A\u00f0albj\u00f6rg \u00c1rnad\u00f3ttir og Mar\u00edanna Clara L\u00fathersd\u00f3ttir fara me\u00f0 \u00f6ll hlutverkin \u00ed s\u00fdningunni sem alls eru t\u00e6plega tuttugu talsins, en auk \u00feeirra kemur t\u00f3nlistarma\u00f0urinn \u00d3lafur Bj\u00f6rn \u00d3lafsson fram \u00ed S\u00faldarskeri. Leikh\u00faskonan fj\u00f6lh\u00e6fa Harpa Arnard\u00f3ttir leikst\u00fdr\u00f0i verkinu.<\/p>\n<p>{mos_fb_discuss:2}<\/p>","protected":false},"excerpt":{"rendered":"<p>S\u00e9rst\u00f6k aukas\u00fdning ver\u00f0ur \u00e1 S\u00faldarskeri eftir S\u00f6lku Gu\u00f0mundsd\u00f3ttur \u00ed Tjarnarb\u00ed\u00f3i mi\u00f0vikudagskv\u00f6ldi\u00f0 28. mars kl. 20. \u00deessi br\u00e1\u00f0skemmtilega s\u00fdning sl\u00f3 r\u00e6kilega \u00ed gegn \u00feegar h\u00fan var frums\u00fdnd \u00ed fyrra og hlaut miki\u00f0 lof gagnr\u00fdnenda og \u00e1horfenda, en s\u00fdningum var h\u00e6tt fyrir fullu h\u00fasi vegna anna. Me\u00f0al annars var S\u00faldarsker tilnefnt til tvennra Gr\u00edmuver\u00f0launa. H\u00f3purinn er n\u00fdkominn [&hellip;]<\/p>\n","protected":false},"author":3,"featured_media":3107,"comment_status":"open","ping_status":"open","sticky":false,"template":"","format":"standard","meta":{"_et_pb_use_builder":"","_et_pb_old_content":"","_et_gb_content_width":"","footnotes":""},"categories":[187],"tags":[],"class_list":["post-3719","post","type-post","status-publish","format-standard","has-post-thumbnail","hentry","category-allar-frir","et-has-post-format-content","et_post_format-et-post-format-standard"],"_links":{"self":[{"href":"https:\/\/leiklist.is\/en\/wp-json\/wp\/v2\/posts\/3719","targetHints":{"allow":["GET"]}}],"collection":[{"href":"https:\/\/leiklist.is\/en\/wp-json\/wp\/v2\/posts"}],"about":[{"href":"https:\/\/leiklist.is\/en\/wp-json\/wp\/v2\/types\/post"}],"author":[{"embeddable":true,"href":"https:\/\/leiklist.is\/en\/wp-json\/wp\/v2\/users\/3"}],"replies":[{"embeddable":true,"href":"https:\/\/leiklist.is\/en\/wp-json\/wp\/v2\/comments?post=3719"}],"version-history":[{"count":0,"href":"https:\/\/leiklist.is\/en\/wp-json\/wp\/v2\/posts\/3719\/revisions"}],"wp:featuredmedia":[{"embeddable":true,"href":"https:\/\/leiklist.is\/en\/wp-json\/"}],"wp:attachment":[{"href":"https:\/\/leiklist.is\/en\/wp-json\/wp\/v2\/media?parent=3719"}],"wp:term":[{"taxonomy":"category","embeddable":true,"href":"https:\/\/leiklist.is\/en\/wp-json\/wp\/v2\/categories?post=3719"},{"taxonomy":"post_tag","embeddable":true,"href":"https:\/\/leiklist.is\/en\/wp-json\/wp\/v2\/tags?post=3719"}],"curies":[{"name":"wp","href":"https:\/\/api.w.org\/{rel}","templated":true}]}}