{"id":37106,"date":"2022-01-20T17:02:10","date_gmt":"2022-01-20T17:02:10","guid":{"rendered":"https:\/\/leiklist.is\/?p=37106"},"modified":"2022-02-18T11:09:02","modified_gmt":"2022-02-18T11:09:02","slug":"ferdamadur-deyr-2","status":"publish","type":"post","link":"https:\/\/leiklist.is\/en\/ferdamadur-deyr-2\/","title":{"rendered":"Fer\u00f0ama\u00f0ur deyr"},"content":{"rendered":"<p>Leikf\u00e9lag Hafnarfjar\u00f0ar frums\u00fdnir laugardaginn 22. jan\u00faar n\u00fdtt gamanleikrit eftir h\u00f6fundasmi\u00f0ju leikf\u00e9lagsins \u00ed leikstj\u00f3rn \u00d3lafs \u00de\u00f3r\u00f0arsonar.<\/p>\n<p>\u00cd kjallara \u00ed Reykjav\u00edk er h\u00f3pur f\u00f3lks \u00ed mi\u00f0jum kl\u00ed\u00f0um a\u00f0 standsetja \u00edb\u00fa\u00f0 fyrir \u00fatleigu til fer\u00f0amanna. Af \u00f3vi\u00f0r\u00e1\u00f0anlegum \u00e1st\u00e6\u00f0um ney\u00f0ast \u00feau skyndilega til a\u00f0 h\u00fdsa fer\u00f0amann \u00ed h\u00e1lfk\u00f6ru\u00f0u h\u00fasn\u00e6\u00f0inu, sem lei\u00f0ir af s\u00e9r atbur\u00f0ar\u00e1s sem ekkert \u00feeirra hef\u00f0i nokkurn t\u00edma \u00f3ra\u00f0 fyrir.<\/p>\n<p>S\u00fdningar ver\u00f0a \u00ed Leikh\u00fasinu, Funalind 2 \u00ed K\u00f3pavogi og s\u00fdnt ver\u00f0ur \u00e1 eftirt\u00f6ldum d\u00f6gum:<\/p>\n<p>Laugardagur 22. jan\u00faar kl. 20.00 (frums\u00fdning, uppselt)<br \/>\nSunnudagur 23. jan\u00faar kl. 20.00<br \/>\n\u00deri\u00f0judagur 25. jan\u00faar kl. 20.00<br \/>\nFimmtudagur 27. jan\u00faar kl. 20.00<br \/>\nLaugardagur 29. jan\u00faar kl. 20.00<br \/>\nSunnudagur 30. jan\u00faar kl. 20.00<\/p>\n<p>Mi\u00f0aver\u00f0 2.500 kr.<br \/>\nMi\u00f0apantanir \u00e1 <a href=\"mailto:leikfelag@gmail.com\">leikfelag@gmail.com<\/a>.<\/p>\n<p>Athugi\u00f0 a\u00f0 vegna s\u00f3ttvarna er takmarka\u00f0 s\u00e6taframbo\u00f0.<\/p>","protected":false},"excerpt":{"rendered":"<p>Leikf\u00e9lag Hafnarfjar\u00f0ar frums\u00fdnir laugardaginn 22. jan\u00faar n\u00fdtt gamanleikrit eftir h\u00f6fundasmi\u00f0ju leikf\u00e9lagsins \u00ed leikstj\u00f3rn \u00d3lafs \u00de\u00f3r\u00f0arsonar. \u00cd kjallara \u00ed Reykjav\u00edk er h\u00f3pur f\u00f3lks \u00ed mi\u00f0jum kl\u00ed\u00f0um a\u00f0 standsetja \u00edb\u00fa\u00f0 fyrir \u00fatleigu til fer\u00f0amanna. Af \u00f3vi\u00f0r\u00e1\u00f0anlegum \u00e1st\u00e6\u00f0um ney\u00f0ast \u00feau skyndilega til a\u00f0 h\u00fdsa fer\u00f0amann \u00ed h\u00e1lfk\u00f6ru\u00f0u h\u00fasn\u00e6\u00f0inu, sem lei\u00f0ir af s\u00e9r atbur\u00f0ar\u00e1s sem ekkert \u00feeirra hef\u00f0i nokkurn [&hellip;]<\/p>\n","protected":false},"author":3,"featured_media":37107,"comment_status":"closed","ping_status":"closed","sticky":false,"template":"","format":"standard","meta":{"_et_pb_use_builder":"","_et_pb_old_content":"","_et_gb_content_width":"","footnotes":""},"categories":[187,213],"tags":[],"class_list":["post-37106","post","type-post","status-publish","format-standard","has-post-thumbnail","hentry","category-allar-frir","category-vikupostur","et-has-post-format-content","et_post_format-et-post-format-standard"],"_links":{"self":[{"href":"https:\/\/leiklist.is\/en\/wp-json\/wp\/v2\/posts\/37106","targetHints":{"allow":["GET"]}}],"collection":[{"href":"https:\/\/leiklist.is\/en\/wp-json\/wp\/v2\/posts"}],"about":[{"href":"https:\/\/leiklist.is\/en\/wp-json\/wp\/v2\/types\/post"}],"author":[{"embeddable":true,"href":"https:\/\/leiklist.is\/en\/wp-json\/wp\/v2\/users\/3"}],"replies":[{"embeddable":true,"href":"https:\/\/leiklist.is\/en\/wp-json\/wp\/v2\/comments?post=37106"}],"version-history":[{"count":0,"href":"https:\/\/leiklist.is\/en\/wp-json\/wp\/v2\/posts\/37106\/revisions"}],"wp:featuredmedia":[{"embeddable":true,"href":"https:\/\/leiklist.is\/en\/wp-json\/wp\/v2\/media\/37107"}],"wp:attachment":[{"href":"https:\/\/leiklist.is\/en\/wp-json\/wp\/v2\/media?parent=37106"}],"wp:term":[{"taxonomy":"category","embeddable":true,"href":"https:\/\/leiklist.is\/en\/wp-json\/wp\/v2\/categories?post=37106"},{"taxonomy":"post_tag","embeddable":true,"href":"https:\/\/leiklist.is\/en\/wp-json\/wp\/v2\/tags?post=37106"}],"curies":[{"name":"wp","href":"https:\/\/api.w.org\/{rel}","templated":true}]}}