{"id":3699,"date":"2012-03-19T10:44:09","date_gmt":"2012-03-19T10:44:09","guid":{"rendered":"http:\/\/wp.leiklist.is\/?p=3699"},"modified":"2012-03-19T10:44:09","modified_gmt":"2012-03-19T10:44:09","slug":"sa-glataei-syndur-a-aukasyningu","status":"publish","type":"post","link":"https:\/\/leiklist.is\/en\/sa-glataei-syndur-a-aukasyningu\/","title":{"rendered":"S\u00e1 glata\u00f0i s\u00fdndur \u00e1 aukas\u00fdningu"},"content":{"rendered":"<p>Vegna g\u00f3\u00f0rar a\u00f0s\u00f3knar hefur veri\u00f0 \u00e1kve\u00f0i\u00f0 a\u00f0 b\u00e6ta vi\u00f0 aukas\u00fdningu \u00e1 \u00deeim glata\u00f0a. H\u00fan ver\u00f0ur\u00a0 sunnudaginn 25. mars kl. 20. S\u00e1 glata\u00f0i nefnist n\u00fdtt \u00edslenskt leikrit eftir Sigr\u00ed\u00f0i L\u00e1ru Sigurj\u00f3nsd\u00f3ttur, leikstj\u00f3ra og leikh\u00f3pinn \u00ed leikstj\u00f3rn \u00c1g\u00fastu Sk\u00falad\u00f3ttur sem Hugleikur frums\u00fdndi \u00ed h\u00fasn\u00e6\u00f0i leikf\u00e9lagsins a\u00f0 Eyjarsl\u00f3\u00f0 9 \u00ed seinasta m\u00e1nu\u00f0i.<\/p>\n<p>  <!--more-->  <\/p>\n<p>A\u00f0 \u00feessu sinni f\u00e6st Hugleikur vi\u00f0 eitt af grundvallarritum vestr\u00e6nnar menningar, sj\u00e1lfa Bibl\u00eduna. Megin efnivi\u00f0urinn eru d\u00e6mis\u00f6gur Jes\u00fa \u00ed N\u00fdja Testamentinu, b\u00e6\u00f0i \u00feessar al\u00feekktu um glata\u00f0a soninn og miskunnsama Samverjann en einnig a\u00f0rar minna \u00feekktar sem gjarnan fjalla um peninga og kallast \u00feannig me\u00f0 \u00e1\u00fereifanlegum h\u00e6tti \u00e1 vi\u00f0 samt\u00edmann. \u00c1g\u00fasta s\u00e9r um a\u00f0 \u00fer\u00e6\u00f0a \u00feessar perlur upp \u00e1 band me\u00f0 leikh\u00f3pnum sem inniheldur b\u00e6\u00f0i gamlar og glj\u00e1f\u00e6g\u00f0ar Hugleikskan\u00f3nur og ferska og ilmandi n\u00fdli\u00f0a. L\u00edkt og oft \u00e1\u00f0ur \u00ed s\u00fdningum Hugleiks er t\u00f3nlistin fyrirfer\u00f0armikil, en t\u00f3nlistarstj\u00f3ri er \u00deorgeir Tryggvason.<\/p>\n<p>Allar n\u00e1nari uppl\u00fdsingar um uppsetninguna og leikf\u00e9lagi\u00f0 m\u00e1 n\u00e1lgast \u00e1 vefnum www.hugleikur.is en \u00fear er einnig teki\u00f0 vi\u00f0 mi\u00f0ap\u00f6ntunum. Almennt mi\u00f0aver\u00f0 er 2.000 kr. en 1.500 kr. fyrir n\u00e1msmenn, eldri borgara og \u00f6ryrkja.<\/p>\n<p>{mos_fb_discuss:2}<\/p>","protected":false},"excerpt":{"rendered":"<p>Vegna g\u00f3\u00f0rar a\u00f0s\u00f3knar hefur veri\u00f0 \u00e1kve\u00f0i\u00f0 a\u00f0 b\u00e6ta vi\u00f0 aukas\u00fdningu \u00e1 \u00deeim glata\u00f0a. H\u00fan ver\u00f0ur\u00a0 sunnudaginn 25. mars kl. 20. S\u00e1 glata\u00f0i nefnist n\u00fdtt \u00edslenskt leikrit eftir Sigr\u00ed\u00f0i L\u00e1ru Sigurj\u00f3nsd\u00f3ttur, leikstj\u00f3ra og leikh\u00f3pinn \u00ed leikstj\u00f3rn \u00c1g\u00fastu Sk\u00falad\u00f3ttur sem Hugleikur frums\u00fdndi \u00ed h\u00fasn\u00e6\u00f0i leikf\u00e9lagsins a\u00f0 Eyjarsl\u00f3\u00f0 9 \u00ed seinasta m\u00e1nu\u00f0i.<\/p>","protected":false},"author":3,"featured_media":3622,"comment_status":"open","ping_status":"open","sticky":false,"template":"","format":"standard","meta":{"_et_pb_use_builder":"","_et_pb_old_content":"","_et_gb_content_width":"","footnotes":""},"categories":[187],"tags":[],"class_list":["post-3699","post","type-post","status-publish","format-standard","has-post-thumbnail","hentry","category-allar-frir","et-has-post-format-content","et_post_format-et-post-format-standard"],"_links":{"self":[{"href":"https:\/\/leiklist.is\/en\/wp-json\/wp\/v2\/posts\/3699","targetHints":{"allow":["GET"]}}],"collection":[{"href":"https:\/\/leiklist.is\/en\/wp-json\/wp\/v2\/posts"}],"about":[{"href":"https:\/\/leiklist.is\/en\/wp-json\/wp\/v2\/types\/post"}],"author":[{"embeddable":true,"href":"https:\/\/leiklist.is\/en\/wp-json\/wp\/v2\/users\/3"}],"replies":[{"embeddable":true,"href":"https:\/\/leiklist.is\/en\/wp-json\/wp\/v2\/comments?post=3699"}],"version-history":[{"count":0,"href":"https:\/\/leiklist.is\/en\/wp-json\/wp\/v2\/posts\/3699\/revisions"}],"wp:featuredmedia":[{"embeddable":true,"href":"https:\/\/leiklist.is\/en\/wp-json\/"}],"wp:attachment":[{"href":"https:\/\/leiklist.is\/en\/wp-json\/wp\/v2\/media?parent=3699"}],"wp:term":[{"taxonomy":"category","embeddable":true,"href":"https:\/\/leiklist.is\/en\/wp-json\/wp\/v2\/categories?post=3699"},{"taxonomy":"post_tag","embeddable":true,"href":"https:\/\/leiklist.is\/en\/wp-json\/wp\/v2\/tags?post=3699"}],"curies":[{"name":"wp","href":"https:\/\/api.w.org\/{rel}","templated":true}]}}