{"id":3694,"date":"2012-03-14T10:51:56","date_gmt":"2012-03-14T10:51:56","guid":{"rendered":"http:\/\/wp.leiklist.is\/?p=3694"},"modified":"2012-03-14T10:51:56","modified_gmt":"2012-03-14T10:51:56","slug":"la-boheme-frumsynd-i-eldborg","status":"publish","type":"post","link":"https:\/\/leiklist.is\/en\/la-boheme-frumsynd-i-eldborg\/","title":{"rendered":"La Boh\u00e8me frums\u00fdnd \u00ed Eldborg"},"content":{"rendered":"<p \/>Hi\u00f0 \u00f3dau\u00f0lega meistaraverk, \u00f3peran La Boh\u00e8me eftir Puccini, ver\u00f0ur frums\u00fdnd f\u00f6studaginn 16. mars kl. 20 \u00ed Eldborg \u00ed H\u00f6rpu. H\u00e9r er um a\u00f0 r\u00e6\u00f0a a\u00f0ra s\u00fdningu \u00cdslensku \u00f3perunnar \u00ed hinum n\u00fdju h\u00fasakynnum, en skemmst er a\u00f0 minnast fyrstu uppsetningarinnar, T\u00f6fraflautunnar, sem 13.000 manns s\u00e1u s\u00ed\u00f0astli\u00f0i\u00f0 haust. N\u00fa er komi\u00f0 a\u00f0 meistaraverki Puccini um b\u00f3hemana \u00ed Par\u00eds, umfangsmikill og fj\u00f6lmennri s\u00fdningu sem krefst mikils af \u00f6llum \u00feeim listr\u00e6nu kr\u00f6ftum sem a\u00f0 henni standa. \u00deessi hr\u00edfandi \u00f3pera \u00feykir ein fegursta sm\u00ed\u00f0 t\u00f3nb\u00f3kmenntanna og er h\u00fan jafnan \u00e1 fj\u00f6lum helstu \u00f3peruh\u00fasa heims.  <!--more-->  <\/p>\n<p>\u00cd La Boh\u00e8me segir fr\u00e1 h\u00f3pi listamanna \u00ed Par\u00eds \u00ed byrjun s\u00ed\u00f0ustu aldar, sem b\u00faa vi\u00f0 \u00fer\u00f6ngan kost og s\u00e1ra f\u00e1t\u00e6kt. Sj\u00f3num er beint a\u00f0 \u00e1starsambandi saumakonunnar Mim\u00ec og sk\u00e1ldsins Rodolfo, sem fella hugi saman, en vi\u00f0 fylgjumst einnig me\u00f0 vinum \u00feeirra, heimspekingnum Colline, t\u00f3nlistarmanninum Schaunard og kvikmyndarger\u00f0armanninum Marcello, a\u00f0 \u00f3gleymdri hinni skrautlegu k\u00e6rustu hins s\u00ed\u00f0astnefnda, s\u00f6ngkonunni Musettu. Mim\u00ec heyr \u00fe\u00f3 bar\u00e1ttu vi\u00f0 hinn miskunnarlausa v\u00e1gest t\u00e6ringu, sem a\u00f0 lokum dregur hana til dau\u00f0a \u00ed \u00f6rmum Rodolfo.<\/p>\n<p>A\u00f0 uppf\u00e6rslunni standa Dan\u00edel Bjarnason sem hlj\u00f3msveitarstj\u00f3ri, Jamie Hayes sem leikstj\u00f3ri og Will Bowen sem leikmyndah\u00f6nnu\u00f0ur, en \u00feeir Jamie og Will unnu einnig saman a\u00f0 uppsetningum \u00cdslensku \u00f3perunnar \u00e1 Macbeth Verdis og Toscu Puccinis \u00e1 s\u00ed\u00f0astli\u00f0num \u00e1ratug, sem \u00fe\u00f3ttu afar \u00e1hrifamiklar og gl\u00e6silegar s\u00fdningar. B\u00faninga hannar Filipp\u00eda I. El\u00edsd\u00f3ttir, og l\u00fdsingu hannar Bj\u00f6rn Bergsteinn Gu\u00f0mundsson, auk Henriks Linnet, sem s\u00e9r um myndvinnslu, og Stellu Sigurgeirsd\u00f3ttur \u2013 sem \u00e1 hei\u00f0urinn a\u00f0 \u00feeim fj\u00f6lm\u00f6rgu leikmunum sem pr\u00fd\u00f0a s\u00fdninguna.<\/p>\n<p>\u00cd a\u00f0alhlutverkum eru Hulda Bj\u00f6rk Gar\u00f0arsd\u00f3ttir sem Mim\u00ec, og Gissur P\u00e1ll Gissurarson sem Rodolfo, en \u00de\u00f3ra Einarsd\u00f3ttir og Gar\u00f0ar Th\u00f3r Cortes syngja einnig hlutverkin \u00e1 tveimur s\u00fdningum. \u00de\u00e1 syngur \u00c1g\u00fast \u00d3lafsson hlutverk Marcello, J\u00f3hann Sm\u00e1ri S\u00e6varsson hlutverk Colline, Berg\u00fe\u00f3r P\u00e1lsson syngur hlutverk Beno\u00eet og Alcindoro, Hr\u00f3lfur S\u00e6mundsson hlutverk Schaunard og Herd\u00eds Anna J\u00f3nasd\u00f3ttir syngur hlutverk Musettu, og er \u00feetta frumraun tveggja hinna s\u00ed\u00f0astnefndu \u00ed \u00cdslensku \u00f3perunni. \u00de\u00e1 syngur K\u00f3r \u00cdslensku \u00f3perunnar \u00ed s\u00fdningunni, auk \u00feess sem 32 manna barnak\u00f3r tekur \u00fe\u00e1tt \u00ed uppf\u00e6rslunni, sem og l\u00fa\u00f0rasveit skipu\u00f0 me\u00f0limum \u00far Sk\u00f3lahlj\u00f3msveit K\u00f3pavogs, me\u00f0limir \u00far Sirkus \u00cdslands og hundurinn Drak\u00fala \u00e1 stutta innkomu. Hlj\u00f3msveit \u00cdslensku \u00f3perunnar leikur og er konsertmeistari Sigr\u00fan E\u00f0valdsd\u00f3ttir. Yfir 200 manns koma a\u00f0 svi\u00f0ssetningu \u00cdslensku \u00f3perunnar \u00e1 \u00feessu \u00feekkta verki n\u00fa, og eru yfir 160 manns \u00e1 svi\u00f0i og \u00ed gryfju \u00feegar mest l\u00e6tur!<\/p>\n<p>Alls ver\u00f0a sex s\u00fdningar \u00e1 La Boh\u00e8me &#8211; frums\u00fdning ver\u00f0ur n\u00e6stkomandi f\u00f6studag, 16. mars, og s\u00ed\u00f0an ver\u00f0a s\u00fdningar laugardaginn 17. mars, laugardaginn 31. mars, sunnudaginn 1. apr\u00edl, laugardaginn 14. apr\u00edl og f\u00f6studaginn 20. apr\u00edl.<\/p>\n<p>{mos_fb_discuss:2}<\/p>","protected":false},"excerpt":{"rendered":"<p>Hi\u00f0 \u00f3dau\u00f0lega meistaraverk, \u00f3peran La Boh\u00e8me eftir Puccini, ver\u00f0ur frums\u00fdnd f\u00f6studaginn 16. mars kl. 20 \u00ed Eldborg \u00ed H\u00f6rpu. H\u00e9r er um a\u00f0 r\u00e6\u00f0a a\u00f0ra s\u00fdningu \u00cdslensku \u00f3perunnar \u00ed hinum n\u00fdju h\u00fasakynnum, en skemmst er a\u00f0 minnast fyrstu uppsetningarinnar, T\u00f6fraflautunnar, sem 13.000 manns s\u00e1u s\u00ed\u00f0astli\u00f0i\u00f0 haust. N\u00fa er komi\u00f0 a\u00f0 meistaraverki Puccini um b\u00f3hemana \u00ed [&hellip;]<\/p>\n","protected":false},"author":3,"featured_media":3693,"comment_status":"open","ping_status":"open","sticky":false,"template":"","format":"standard","meta":{"_et_pb_use_builder":"","_et_pb_old_content":"","_et_gb_content_width":"","footnotes":""},"categories":[187],"tags":[],"class_list":["post-3694","post","type-post","status-publish","format-standard","has-post-thumbnail","hentry","category-allar-frir","et-has-post-format-content","et_post_format-et-post-format-standard"],"_links":{"self":[{"href":"https:\/\/leiklist.is\/en\/wp-json\/wp\/v2\/posts\/3694","targetHints":{"allow":["GET"]}}],"collection":[{"href":"https:\/\/leiklist.is\/en\/wp-json\/wp\/v2\/posts"}],"about":[{"href":"https:\/\/leiklist.is\/en\/wp-json\/wp\/v2\/types\/post"}],"author":[{"embeddable":true,"href":"https:\/\/leiklist.is\/en\/wp-json\/wp\/v2\/users\/3"}],"replies":[{"embeddable":true,"href":"https:\/\/leiklist.is\/en\/wp-json\/wp\/v2\/comments?post=3694"}],"version-history":[{"count":0,"href":"https:\/\/leiklist.is\/en\/wp-json\/wp\/v2\/posts\/3694\/revisions"}],"wp:featuredmedia":[{"embeddable":true,"href":"https:\/\/leiklist.is\/en\/wp-json\/"}],"wp:attachment":[{"href":"https:\/\/leiklist.is\/en\/wp-json\/wp\/v2\/media?parent=3694"}],"wp:term":[{"taxonomy":"category","embeddable":true,"href":"https:\/\/leiklist.is\/en\/wp-json\/wp\/v2\/categories?post=3694"},{"taxonomy":"post_tag","embeddable":true,"href":"https:\/\/leiklist.is\/en\/wp-json\/wp\/v2\/tags?post=3694"}],"curies":[{"name":"wp","href":"https:\/\/api.w.org\/{rel}","templated":true}]}}