{"id":3643,"date":"2012-02-15T11:19:00","date_gmt":"2012-02-15T11:19:00","guid":{"rendered":"http:\/\/wp.leiklist.is\/?p=3643"},"modified":"2012-02-15T11:19:00","modified_gmt":"2012-02-15T11:19:00","slug":"leikfelag-selfoss-aefir-solarfere","status":"publish","type":"post","link":"https:\/\/leiklist.is\/en\/leikfelag-selfoss-aefir-solarfere\/","title":{"rendered":"Leikf\u00e9lag Selfoss \u00e6fir S\u00f3larfer\u00f0"},"content":{"rendered":"<p \/>Leikf\u00e9lag Selfoss tekur stefnuna til s\u00f3lr\u00edkari stranda \u00ed vetur en n\u00fa standa yfir \u00e6fingar \u00e1 leikritinu S\u00f3larfer\u00f0 eftir Gu\u00f0mund Steinsson og hefur R\u00fanar Gu\u00f0brandsson veri\u00f0 fenginn til a\u00f0 leikst\u00fdra. Leikriti\u00f0 gerist \u00e1 mi\u00f0jum \u00e1ttunda \u00e1ratugnum og fjallar um fer\u00f0 nokkurra \u00edslenskra hj\u00f3na til Costa del Sol. \u00dea\u00f0 gengur \u00e1 \u00fdmsu og teki\u00f0 er \u00e1 \u00fev\u00ed sem gerist \u00e1 gamansaman h\u00e1tt en \u00fe\u00f3 me\u00f0 alvarlegum undirt\u00f3n. Stefnt er a\u00f0 \u00fev\u00ed a\u00f0 frums\u00fdning ver\u00f0i 24. febr\u00faar n.k.  <!--more-->  <\/p>\n<p>{mos_fb_discuss:2}<\/p>","protected":false},"excerpt":{"rendered":"<p>Leikf\u00e9lag Selfoss tekur stefnuna til s\u00f3lr\u00edkari stranda \u00ed vetur en n\u00fa standa yfir \u00e6fingar \u00e1 leikritinu S\u00f3larfer\u00f0 eftir Gu\u00f0mund Steinsson og hefur R\u00fanar Gu\u00f0brandsson veri\u00f0 fenginn til a\u00f0 leikst\u00fdra. Leikriti\u00f0 gerist \u00e1 mi\u00f0jum \u00e1ttunda \u00e1ratugnum og fjallar um fer\u00f0 nokkurra \u00edslenskra hj\u00f3na til Costa del Sol. \u00dea\u00f0 gengur \u00e1 \u00fdmsu og teki\u00f0 er \u00e1 \u00fev\u00ed [&hellip;]<\/p>\n","protected":false},"author":3,"featured_media":3642,"comment_status":"open","ping_status":"open","sticky":false,"template":"","format":"standard","meta":{"_et_pb_use_builder":"","_et_pb_old_content":"","_et_gb_content_width":"","footnotes":""},"categories":[187],"tags":[],"class_list":["post-3643","post","type-post","status-publish","format-standard","has-post-thumbnail","hentry","category-allar-frir","et-has-post-format-content","et_post_format-et-post-format-standard"],"_links":{"self":[{"href":"https:\/\/leiklist.is\/en\/wp-json\/wp\/v2\/posts\/3643","targetHints":{"allow":["GET"]}}],"collection":[{"href":"https:\/\/leiklist.is\/en\/wp-json\/wp\/v2\/posts"}],"about":[{"href":"https:\/\/leiklist.is\/en\/wp-json\/wp\/v2\/types\/post"}],"author":[{"embeddable":true,"href":"https:\/\/leiklist.is\/en\/wp-json\/wp\/v2\/users\/3"}],"replies":[{"embeddable":true,"href":"https:\/\/leiklist.is\/en\/wp-json\/wp\/v2\/comments?post=3643"}],"version-history":[{"count":0,"href":"https:\/\/leiklist.is\/en\/wp-json\/wp\/v2\/posts\/3643\/revisions"}],"wp:featuredmedia":[{"embeddable":true,"href":"https:\/\/leiklist.is\/en\/wp-json\/"}],"wp:attachment":[{"href":"https:\/\/leiklist.is\/en\/wp-json\/wp\/v2\/media?parent=3643"}],"wp:term":[{"taxonomy":"category","embeddable":true,"href":"https:\/\/leiklist.is\/en\/wp-json\/wp\/v2\/categories?post=3643"},{"taxonomy":"post_tag","embeddable":true,"href":"https:\/\/leiklist.is\/en\/wp-json\/wp\/v2\/tags?post=3643"}],"curies":[{"name":"wp","href":"https:\/\/api.w.org\/{rel}","templated":true}]}}