{"id":3637,"date":"2012-02-08T11:05:12","date_gmt":"2012-02-08T11:05:12","guid":{"rendered":"http:\/\/wp.leiklist.is\/?p=3637"},"modified":"2012-02-08T11:05:12","modified_gmt":"2012-02-08T11:05:12","slug":"goi-og-aevintyrin-baunagrasie-frumsynt","status":"publish","type":"post","link":"https:\/\/leiklist.is\/en\/goi-og-aevintyrin-baunagrasie-frumsynt\/","title":{"rendered":"G\u00f3i og \u00c6vint\u00fdrin: Baunagrasi\u00f0 frums\u00fdnt"},"content":{"rendered":"<p>\u00deann 11. febr\u00faar n\u00e6stkomandi kl. 13 ver\u00f0ur leikriti\u00f0 Baunagrasi\u00f0 frums\u00fdnt \u00e1 Litla svi\u00f0inu. G\u00f3i og \u00der\u00f6stur opna dyr leikh\u00fassins upp \u00e1 g\u00e1tt fyrir \u00f6llum landsm\u00f6nnum, ungum sem \u00f6ldnum og fer\u00f0ast um t\u00f6fraheim \u00e6vint\u00fdranna. \u00c1 fer\u00f0alaginu n\u00fdta \u00feeir til hins \u00fdtrasta leik, s\u00f6ng og dans og breg\u00f0a s\u00e9r \u00ed allra kvikinda l\u00edki \u00ed anda fur\u00f0usagnanna. Fyrst komu Eldf\u00e6rin \u2013 n\u00fa er \u00fea\u00f0 Baunagrasi\u00f0. Eldf\u00e6rin hlutu tv\u00e6r tilnefningar til Gr\u00edmunnar \u00e1 s\u00ed\u00f0asta \u00e1ri, sem \u00e1horfendas\u00fdning \u00e1rsins og barnas\u00fdning \u00e1rsins.<\/p>\n<p>  <!--more-->  <\/p>\n<p>G\u00f3i og \u00der\u00f6stur halda n\u00fa \u00e1fram a\u00f0 kafa \u00ed g\u00f6mlu \u00e6vint\u00fdrin og bl\u00e1sa \u00ed \u00feau n\u00fdju l\u00edfi \u00e1 leiksvi\u00f0inu. Risinn, gamla konan, fallega r\u00edka stelpan, sj\u00e1lfspilandi harpan, h\u00e6nan sem verpir gulleggjum og allir \u00feorpsb\u00faarnir m\u00e6ta til leiks \u00e1 Litla svi\u00f0i Borgarleikh\u00fassins. G\u00f3i leikur J\u00f3a og \u00der\u00f6stur s\u00e9r um rest.<\/p>\n<p>Leikger\u00f0ina ger\u00f0i Gu\u00f0j\u00f3n Dav\u00ed\u00f0 Karlsson, leikmynd og b\u00faninga hanna\u00f0i Rannveig Eva Karlsd\u00f3ttir og lj\u00f3s Kjartan \u00de\u00f3risson. T\u00f3nlistin s\u00f6mdu Vignir \u00de\u00f3r Vigf\u00fassson og Gu\u00f0j\u00f3n Dav\u00ed\u00f0 Karlsson.<\/p>\n<p>{mos_fb_discuss:2}<\/p>","protected":false},"excerpt":{"rendered":"<p>\u00deann 11. febr\u00faar n\u00e6stkomandi kl. 13 ver\u00f0ur leikriti\u00f0 Baunagrasi\u00f0 frums\u00fdnt \u00e1 Litla svi\u00f0inu. G\u00f3i og \u00der\u00f6stur opna dyr leikh\u00fassins upp \u00e1 g\u00e1tt fyrir \u00f6llum landsm\u00f6nnum, ungum sem \u00f6ldnum og fer\u00f0ast um t\u00f6fraheim \u00e6vint\u00fdranna. \u00c1 fer\u00f0alaginu n\u00fdta \u00feeir til hins \u00fdtrasta leik, s\u00f6ng og dans og breg\u00f0a s\u00e9r \u00ed allra kvikinda l\u00edki \u00ed anda fur\u00f0usagnanna. Fyrst [&hellip;]<\/p>\n","protected":false},"author":3,"featured_media":3636,"comment_status":"open","ping_status":"open","sticky":false,"template":"","format":"standard","meta":{"_et_pb_use_builder":"","_et_pb_old_content":"","_et_gb_content_width":"","footnotes":""},"categories":[187],"tags":[],"class_list":["post-3637","post","type-post","status-publish","format-standard","has-post-thumbnail","hentry","category-allar-frir","et-has-post-format-content","et_post_format-et-post-format-standard"],"_links":{"self":[{"href":"https:\/\/leiklist.is\/en\/wp-json\/wp\/v2\/posts\/3637","targetHints":{"allow":["GET"]}}],"collection":[{"href":"https:\/\/leiklist.is\/en\/wp-json\/wp\/v2\/posts"}],"about":[{"href":"https:\/\/leiklist.is\/en\/wp-json\/wp\/v2\/types\/post"}],"author":[{"embeddable":true,"href":"https:\/\/leiklist.is\/en\/wp-json\/wp\/v2\/users\/3"}],"replies":[{"embeddable":true,"href":"https:\/\/leiklist.is\/en\/wp-json\/wp\/v2\/comments?post=3637"}],"version-history":[{"count":0,"href":"https:\/\/leiklist.is\/en\/wp-json\/wp\/v2\/posts\/3637\/revisions"}],"wp:featuredmedia":[{"embeddable":true,"href":"https:\/\/leiklist.is\/en\/wp-json\/"}],"wp:attachment":[{"href":"https:\/\/leiklist.is\/en\/wp-json\/wp\/v2\/media?parent=3637"}],"wp:term":[{"taxonomy":"category","embeddable":true,"href":"https:\/\/leiklist.is\/en\/wp-json\/wp\/v2\/categories?post=3637"},{"taxonomy":"post_tag","embeddable":true,"href":"https:\/\/leiklist.is\/en\/wp-json\/wp\/v2\/tags?post=3637"}],"curies":[{"name":"wp","href":"https:\/\/api.w.org\/{rel}","templated":true}]}}