{"id":3616,"date":"2012-02-01T09:35:48","date_gmt":"2012-02-01T09:35:48","guid":{"rendered":"http:\/\/wp.leiklist.is\/?p=3616"},"modified":"2020-03-02T10:14:23","modified_gmt":"2020-03-02T10:14:23","slug":"listahatiein-aeringur-i-frystiklefanum-i-rifi-2012","status":"publish","type":"post","link":"https:\/\/leiklist.is\/en\/listahatiein-aeringur-i-frystiklefanum-i-rifi-2012\/","title":{"rendered":"Listah\u00e1t\u00ed\u00f0in \u00c6ringur \u00ed Frystiklefanum \u00ed Rifi 2012"},"content":{"rendered":"<p>N\u00fa \u00ed \u00e1r mun listah\u00e1t\u00ed\u00f0in \u00c6ringur koma s\u00e9r fyrir \u00ed Frystiklefanum nor\u00f0anmeginn vi\u00f0 Sn\u00e6fellsnes \u00ed sj\u00e1var\u00feorpinu Rifi. H\u00e1t\u00ed\u00f0in er sta\u00f0bundin og munu listamennirnir dvelja um 10-14 daga \u00e1 sta\u00f0num vi\u00f0 vinnslu \u00e1 verkum s\u00ednum, ver\u00f0a fyrir \u00e1hrifum, anda a\u00f0 s\u00e9r s\u00f6ltu sj\u00e1varloftinu og upplifa einstaka n\u00e1tt\u00faru sem Sn\u00e6fellsnes hefur upp \u00e1 a\u00f0 bj\u00f3\u00f0a. Opnun h\u00e1t\u00ed\u00f0arinnar ver\u00f0ur laugardaginn 7. j\u00fal\u00ed.<\/p>\n<p>  <!--more-->  <\/p>\n<p>Frystiklefinn er leikh\u00fas \u00ed uppbyggingu sem eitt sinn \u00fej\u00f3na\u00f0i afur\u00f0um hafsins en hefur n\u00fa fengi\u00f0 upplyftingu og b\u00ed\u00f0ur alla leikh\u00f3pa, dansh\u00f3pa og listamenn velkomin til starfa. R\u00fdmi\u00f0 er st\u00f3rt og b\u00fd\u00f0ur upp \u00e1 marga m\u00f6guleika og hvetjum vi\u00f0 \u00fev\u00ed myndlistarmenn \u00ed \u00f6llum mi\u00f0lum sem og leik og dansh\u00f3pa a\u00f0 s\u00e6kja um.<\/p>\n<p>Sendi\u00f0 ums\u00f3kn \u00e1 <a href=\"mailto:aeringur@gmail.com\">aeringur@gmail.com<\/a> \u00fear sem \u00e1 framkoma upp\u00e6l\u00fdsingar um:<\/p>\n<p>Frekari uppl\u00fdsingar m\u00e1 finna \u00e1 <a href=\"http:\/\/.aeringur.com\">www.aeringur.com<\/a><\/p>\n<p>{mos_fb_discuss:3}<\/p>","protected":false},"excerpt":{"rendered":"<p>N\u00fa \u00ed \u00e1r mun listah\u00e1t\u00ed\u00f0in \u00c6ringur koma s\u00e9r fyrir \u00ed Frystiklefanum nor\u00f0anmeginn vi\u00f0 Sn\u00e6fellsnes \u00ed sj\u00e1var\u00feorpinu Rifi. H\u00e1t\u00ed\u00f0in er sta\u00f0bundin og munu listamennirnir dvelja um 10-14 daga \u00e1 sta\u00f0num vi\u00f0 vinnslu \u00e1 verkum s\u00ednum, ver\u00f0a fyrir \u00e1hrifum, anda a\u00f0 s\u00e9r s\u00f6ltu sj\u00e1varloftinu og upplifa einstaka n\u00e1tt\u00faru sem Sn\u00e6fellsnes hefur upp \u00e1 a\u00f0 bj\u00f3\u00f0a. Opnun h\u00e1t\u00ed\u00f0arinnar [&hellip;]<\/p>\n","protected":false},"author":3,"featured_media":3615,"comment_status":"open","ping_status":"open","sticky":false,"template":"","format":"standard","meta":{"_et_pb_use_builder":"","_et_pb_old_content":"","_et_gb_content_width":"","footnotes":""},"categories":[200],"tags":[],"class_list":["post-3616","post","type-post","status-publish","format-standard","has-post-thumbnail","hentry","category-markvert","et-has-post-format-content","et_post_format-et-post-format-standard"],"_links":{"self":[{"href":"https:\/\/leiklist.is\/en\/wp-json\/wp\/v2\/posts\/3616","targetHints":{"allow":["GET"]}}],"collection":[{"href":"https:\/\/leiklist.is\/en\/wp-json\/wp\/v2\/posts"}],"about":[{"href":"https:\/\/leiklist.is\/en\/wp-json\/wp\/v2\/types\/post"}],"author":[{"embeddable":true,"href":"https:\/\/leiklist.is\/en\/wp-json\/wp\/v2\/users\/3"}],"replies":[{"embeddable":true,"href":"https:\/\/leiklist.is\/en\/wp-json\/wp\/v2\/comments?post=3616"}],"version-history":[{"count":0,"href":"https:\/\/leiklist.is\/en\/wp-json\/wp\/v2\/posts\/3616\/revisions"}],"wp:featuredmedia":[{"embeddable":true,"href":"https:\/\/leiklist.is\/en\/wp-json\/"}],"wp:attachment":[{"href":"https:\/\/leiklist.is\/en\/wp-json\/wp\/v2\/media?parent=3616"}],"wp:term":[{"taxonomy":"category","embeddable":true,"href":"https:\/\/leiklist.is\/en\/wp-json\/wp\/v2\/categories?post=3616"},{"taxonomy":"post_tag","embeddable":true,"href":"https:\/\/leiklist.is\/en\/wp-json\/wp\/v2\/tags?post=3616"}],"curies":[{"name":"wp","href":"https:\/\/api.w.org\/{rel}","templated":true}]}}