{"id":35940,"date":"2021-05-11T21:20:37","date_gmt":"2021-05-11T21:20:37","guid":{"rendered":"https:\/\/leiklist.is\/?p=35940"},"modified":"2021-05-27T11:38:27","modified_gmt":"2021-05-27T11:38:27","slug":"afmaelissyning-leikfelags-solheima-i-thjodleikhusinu","status":"publish","type":"post","link":"https:\/\/leiklist.is\/en\/afmaelissyning-leikfelags-solheima-i-thjodleikhusinu\/","title":{"rendered":"Afm\u00e6liss\u00fdning Leikf\u00e9lags S\u00f3lheima \u00ed \u00dej\u00f3\u00f0leikh\u00fasinu"},"content":{"rendered":"<p>H\u00e1t\u00ed\u00f0ars\u00fdning ver\u00f0ur \u00e1 \u00c1rum, \u00e1lfum og tr\u00f6llum, leiks\u00fdningu Leikf\u00e9lags S\u00f3lheima \u00ed \u00dej\u00f3\u00f0leikh\u00fasinu 24. ma\u00ed n\u00e6stkomandi. Leikf\u00e9lag S\u00f3lheima var stofna\u00f0 \u00e1ri\u00f0 1931 og \u00e1 \u00fev\u00ed 90 \u00e1ra afm\u00e6li \u00ed \u00e1r.<\/p>\n<p>Leikriti\u00f0 \u00c1rar, \u00e1lfar og tr\u00f6ll var frums\u00fdnt \u00ed S\u00f3lheimaleikh\u00fasinu \u00e1 sumardaginn fyrsta, \u00feann 22. apr\u00edl sl. S\u00fdningin sl\u00f3 r\u00e6kilega \u00ed gegn og uppselt var\u00f0 \u00e1 allar s\u00fdningarnar fimm. Verki\u00f0 er skrifa\u00f0 af Hannesi Blandon og Gu\u00f0mundi L\u00fa\u00f0v\u00edk \u00deorvaldssyni en L\u00e1rus Sigur\u00f0sson ger\u00f0i t\u00f3nlistina. Verki\u00f0 er skrifa\u00f0 s\u00e9rstaklega \u00ed tilefni 90 \u00e1ra afm\u00e6lis S\u00f3lheima og er byggt \u00e1 s\u00f6gu Sesselju Hreind\u00edsar Sigmundsd\u00f3ttur, stofnanda S\u00f3lheima. Sagan er sett \u00ed \u00e6vint\u00fdralegan b\u00faning. Gu\u00f0mundur L\u00fa\u00f0v\u00edk leikst\u00fdrir verkinu en hann er leikf\u00e9laginu a\u00f0 g\u00f3\u00f0u kunnur \u00fear sem \u00feetta er \u00ed fimmta sinn sem hann leikst\u00fdrir \u00e1 S\u00f3lheimum. Fj\u00f6ldi \u00edb\u00faa S\u00f3lheima kemur a\u00f0 verkinu, b\u00e6\u00f0i \u00ed leikhlutverkum og bakvi\u00f0 tj\u00f6ldin.<\/p>\n<p>Verki\u00f0 er \u00e6vint\u00fdri sem fjallar um bar\u00e1ttukonuna Sesselju sem \u00e1 s\u00e9r \u00feann draum a\u00f0 opna barnaheimili \u00fear sem allir geta lifa\u00f0 \u00ed s\u00e1tt og samlyndi. Til \u00feess a\u00f0 l\u00e1ta draum sinn r\u00e6tast \u00fearf h\u00fan a\u00f0 takast \u00e1 vi\u00f0 konungsr\u00edki og alls kyns verur, svo sem \u00e1lfa og tr\u00f6ll. L\u00f6ng hef\u00f0 er fyrir \u00fev\u00ed hj\u00e1 Leikf\u00e9lagi S\u00f3lheima a\u00f0 frums\u00fdna \u00e1 sumardaginn fyrsta og var engin undantekning \u00e1 \u00fev\u00ed \u00ed \u00e1r. Leikh\u00f3purinn er s\u00e9rstaklega spenntur fyrir h\u00e1t\u00ed\u00f0ars\u00fdningu \u00ed \u00dej\u00f3\u00f0leikh\u00fasinu \u00e1 90 \u00e1ra afm\u00e6li s\u00ednu.<\/p>\n<p>N\u00e1nar m\u00e1 lesa um s\u00fdninguna <a href=\"https:\/\/leikhusid.is\/frettir\/leikfelag-solheima-synir-afmaelissyninguna-arar-alfar-og-troll-i-thjodleikhusinu\/\">\u00e1 vef \u00dej\u00f3\u00f0leikh\u00fassins<\/a>.<\/p>","protected":false},"excerpt":{"rendered":"<p>H\u00e1t\u00ed\u00f0ars\u00fdning ver\u00f0ur \u00e1 \u00c1rum, \u00e1lfum og tr\u00f6llum, leiks\u00fdningu Leikf\u00e9lags S\u00f3lheima \u00ed \u00dej\u00f3\u00f0leikh\u00fasinu 24. ma\u00ed n\u00e6stkomandi. Leikf\u00e9lag S\u00f3lheima var stofna\u00f0 \u00e1ri\u00f0 1931 og \u00e1 \u00fev\u00ed 90 \u00e1ra afm\u00e6li \u00ed \u00e1r. Leikriti\u00f0 \u00c1rar, \u00e1lfar og tr\u00f6ll var frums\u00fdnt \u00ed S\u00f3lheimaleikh\u00fasinu \u00e1 sumardaginn fyrsta, \u00feann 22. apr\u00edl sl. S\u00fdningin sl\u00f3 r\u00e6kilega \u00ed gegn og uppselt var\u00f0 \u00e1 allar [&hellip;]<\/p>\n","protected":false},"author":3,"featured_media":35741,"comment_status":"closed","ping_status":"closed","sticky":false,"template":"","format":"standard","meta":{"_et_pb_use_builder":"","_et_pb_old_content":"","_et_gb_content_width":"","footnotes":""},"categories":[187,213],"tags":[],"class_list":["post-35940","post","type-post","status-publish","format-standard","has-post-thumbnail","hentry","category-allar-frir","category-vikupostur","et-has-post-format-content","et_post_format-et-post-format-standard"],"_links":{"self":[{"href":"https:\/\/leiklist.is\/en\/wp-json\/wp\/v2\/posts\/35940","targetHints":{"allow":["GET"]}}],"collection":[{"href":"https:\/\/leiklist.is\/en\/wp-json\/wp\/v2\/posts"}],"about":[{"href":"https:\/\/leiklist.is\/en\/wp-json\/wp\/v2\/types\/post"}],"author":[{"embeddable":true,"href":"https:\/\/leiklist.is\/en\/wp-json\/wp\/v2\/users\/3"}],"replies":[{"embeddable":true,"href":"https:\/\/leiklist.is\/en\/wp-json\/wp\/v2\/comments?post=35940"}],"version-history":[{"count":0,"href":"https:\/\/leiklist.is\/en\/wp-json\/wp\/v2\/posts\/35940\/revisions"}],"wp:featuredmedia":[{"embeddable":true,"href":"https:\/\/leiklist.is\/en\/wp-json\/wp\/v2\/media\/35741"}],"wp:attachment":[{"href":"https:\/\/leiklist.is\/en\/wp-json\/wp\/v2\/media?parent=35940"}],"wp:term":[{"taxonomy":"category","embeddable":true,"href":"https:\/\/leiklist.is\/en\/wp-json\/wp\/v2\/categories?post=35940"},{"taxonomy":"post_tag","embeddable":true,"href":"https:\/\/leiklist.is\/en\/wp-json\/wp\/v2\/tags?post=35940"}],"curies":[{"name":"wp","href":"https:\/\/api.w.org\/{rel}","templated":true}]}}