{"id":35740,"date":"2021-04-16T09:06:51","date_gmt":"2021-04-16T09:06:51","guid":{"rendered":"https:\/\/leiklist.is\/?p=35740"},"modified":"2021-05-10T16:03:50","modified_gmt":"2021-05-10T16:03:50","slug":"arar-alfar-og-troll-a-solheimum","status":"publish","type":"post","link":"https:\/\/leiklist.is\/en\/arar-alfar-og-troll-a-solheimum\/","title":{"rendered":"\u00c1rar, \u00e1lfar og tr\u00f6ll \u00e1 S\u00f3lheimum"},"content":{"rendered":"<p>Leikf\u00e9lag S\u00f3lheima hefur s\u00fdningar \u00e1 verkinu <strong>\u00c1rar,\u00e1lfar og tr\u00f6ll: S\u00f3lheima\u00e6vint\u00fdri<\/strong>. Frums\u00fdnt ver\u00f0ur \u00ed S\u00f3lheimaleikh\u00fasinu \u00e1 sumardaginn fyrsta, \u00feann 22.apr\u00edl og ver\u00f0a 5 talsins. Verki\u00f0 er skrifa\u00f0 af Hannesi Blandon og Gu\u00f0mundi L\u00fa\u00f0v\u00edk \u00deorvaldssyni en L\u00e1rus Sigur\u00f0sson ger\u00f0i t\u00f3nlistina. Gu\u00f0mundur leikst\u00fdrir einnig verkinu en hann er leikf\u00e9laginu a\u00f0 g\u00f3\u00f0u kunnur \u00fear sem \u00feetta er \u00ed fimmta sinn sem hann leikst\u00fdrir \u00e1 S\u00f3lheimum. Fj\u00f6ldi \u00edb\u00faa S\u00f3lheima kemur a\u00f0 verkinu b\u00e6\u00f0i \u00ed leikhlutverkum og bakvi\u00f0 tj\u00f6ldin.<\/p>\n<p>Verki\u00f0 er \u00e6vint\u00fdri sem fjallar um bar\u00e1ttukonuna Sesselju sem \u00e1 s\u00e9r \u00feann draum a\u00f0 opna barnaheimili \u00fear sem allir geta lifa\u00f0 \u00ed s\u00e1tt og samlyndi en \u00fearf til \u00feess fyrst a\u00f0 takast \u00e1 vi\u00f0 konungsr\u00edki\u00f0 og alls kyns verur, svo sem tr\u00f6ll og \u00e1lfa. Leikf\u00e9lag S\u00f3lheima var stofna\u00f0 1931 og \u00e1 \u00fev\u00ed 90 \u00e1ra afm\u00e6li \u00ed \u00e1r. Leikf\u00e9lagi\u00f0 frums\u00fdnir alla jafna alltaf \u00e1 sumardaginn fyrsta en engin s\u00fdning var \u00e1ri\u00f0 2020 vegna heimsfaraldursins. \u00dea\u00f0 er \u00fev\u00ed s\u00e9rst\u00f6k eftirv\u00e6nting \u00ed \u00e1r a\u00f0 sj\u00e1 leikrit aftur \u00e1 S\u00f3lheimum Mi\u00f0asala fer eing\u00f6ngu fram \u00e1 heimas\u00ed\u00f0u S\u00f3lheima <a href=\"http:\/\/www.solheimar.is\">www.solheimar.is<\/a>. N\u00e1nari uppl\u00fdsingar og fyrirspurnir \u00ed s\u00edma 847-5323.<\/p>","protected":false},"excerpt":{"rendered":"<p>Leikf\u00e9lag S\u00f3lheima hefur s\u00fdningar \u00e1 verkinu \u00c1rar,\u00e1lfar og tr\u00f6ll: S\u00f3lheima\u00e6vint\u00fdri. Frums\u00fdnt ver\u00f0ur \u00ed S\u00f3lheimaleikh\u00fasinu \u00e1 sumardaginn fyrsta, \u00feann 22.apr\u00edl og ver\u00f0a 5 talsins. Verki\u00f0 er skrifa\u00f0 af Hannesi Blandon og Gu\u00f0mundi L\u00fa\u00f0v\u00edk \u00deorvaldssyni en L\u00e1rus Sigur\u00f0sson ger\u00f0i t\u00f3nlistina. Gu\u00f0mundur leikst\u00fdrir einnig verkinu en hann er leikf\u00e9laginu a\u00f0 g\u00f3\u00f0u kunnur \u00fear sem \u00feetta er \u00ed fimmta [&hellip;]<\/p>\n","protected":false},"author":3,"featured_media":35741,"comment_status":"closed","ping_status":"closed","sticky":false,"template":"","format":"standard","meta":{"_et_pb_use_builder":"","_et_pb_old_content":"","_et_gb_content_width":"","footnotes":""},"categories":[187,213],"tags":[],"class_list":["post-35740","post","type-post","status-publish","format-standard","has-post-thumbnail","hentry","category-allar-frir","category-vikupostur","et-has-post-format-content","et_post_format-et-post-format-standard"],"_links":{"self":[{"href":"https:\/\/leiklist.is\/en\/wp-json\/wp\/v2\/posts\/35740","targetHints":{"allow":["GET"]}}],"collection":[{"href":"https:\/\/leiklist.is\/en\/wp-json\/wp\/v2\/posts"}],"about":[{"href":"https:\/\/leiklist.is\/en\/wp-json\/wp\/v2\/types\/post"}],"author":[{"embeddable":true,"href":"https:\/\/leiklist.is\/en\/wp-json\/wp\/v2\/users\/3"}],"replies":[{"embeddable":true,"href":"https:\/\/leiklist.is\/en\/wp-json\/wp\/v2\/comments?post=35740"}],"version-history":[{"count":0,"href":"https:\/\/leiklist.is\/en\/wp-json\/wp\/v2\/posts\/35740\/revisions"}],"wp:featuredmedia":[{"embeddable":true,"href":"https:\/\/leiklist.is\/en\/wp-json\/wp\/v2\/media\/35741"}],"wp:attachment":[{"href":"https:\/\/leiklist.is\/en\/wp-json\/wp\/v2\/media?parent=35740"}],"wp:term":[{"taxonomy":"category","embeddable":true,"href":"https:\/\/leiklist.is\/en\/wp-json\/wp\/v2\/categories?post=35740"},{"taxonomy":"post_tag","embeddable":true,"href":"https:\/\/leiklist.is\/en\/wp-json\/wp\/v2\/tags?post=35740"}],"curies":[{"name":"wp","href":"https:\/\/api.w.org\/{rel}","templated":true}]}}