{"id":3559,"date":"2011-11-30T11:52:41","date_gmt":"2011-11-30T11:52:41","guid":{"rendered":"http:\/\/wp.leiklist.is\/?p=3559"},"modified":"2011-11-30T11:52:41","modified_gmt":"2011-11-30T11:52:41","slug":"verkstaeei-jolasveinanna-i-mosfellsbae","status":"publish","type":"post","link":"https:\/\/leiklist.is\/en\/verkstaeei-jolasveinanna-i-mosfellsbae\/","title":{"rendered":"Verkst\u00e6\u00f0i j\u00f3lasveinanna \u00ed Mosfellsb\u00e6"},"content":{"rendered":"<p>\u00dea\u00f0 er sannkalla\u00f0 j\u00f3lafj\u00f6r \u00ed j\u00f3las\u00fdningu Leikf\u00e9lags Mosfellssveitar, en sunnudaginn 20. n\u00f3vember var barnaleikriti\u00f0 Verkst\u00e6\u00f0i j\u00f3lasveinanna frums\u00fdnt \u00ed B\u00e6jarleikh\u00fasinu. Leikstj\u00f3ri er Stef\u00e1n Bjarnarson. \u00cd s\u00fdningunni fylgjast \u00e1horfendur me\u00f0 undirb\u00faningi j\u00f3lanna hj\u00e1 j\u00f3lasveinunum \u00e1 verkst\u00e6\u00f0i j\u00f3lasveinanna. Verkst\u00e6\u00f0i j\u00f3lasveinanna kom \u00fat \u00e1ri\u00f0 1973 og er upphaflega \u00fatvarpsleikrit eftir Thorbj\u00f6rn Egner en \u00fe\u00e6r Agnes \u00deorkelsd\u00f3ttir Wild og Mar\u00eda Gu\u00f0mundsd\u00f3ttir st\u00edlf\u00e6r\u00f0u og a\u00f0l\u00f6gu\u00f0u fyrir svi\u00f0.<\/p>\n<p>  <!--more-->  <\/p>\n<p>Leikriti\u00f0 er fullt af gle\u00f0i og s\u00f6ng og var uppselt \u00e1 fyrstu \u00ferj\u00e1r s\u00fdningarnar. N\u00e6stu s\u00fdningar ver\u00f0a sunnudagana 11. og 18. desember kl. 14. Mi\u00f0apantanir eru \u00ed s\u00edma 566 7788 og mi\u00f0aver\u00f0 a\u00f0eins 1000 kr\u00f3nur.<\/p>\n<p>{mos_fb_discuss:2}<\/p>","protected":false},"excerpt":{"rendered":"<p>\u00dea\u00f0 er sannkalla\u00f0 j\u00f3lafj\u00f6r \u00ed j\u00f3las\u00fdningu Leikf\u00e9lags Mosfellssveitar, en sunnudaginn 20. n\u00f3vember var barnaleikriti\u00f0 Verkst\u00e6\u00f0i j\u00f3lasveinanna frums\u00fdnt \u00ed B\u00e6jarleikh\u00fasinu. Leikstj\u00f3ri er Stef\u00e1n Bjarnarson. \u00cd s\u00fdningunni fylgjast \u00e1horfendur me\u00f0 undirb\u00faningi j\u00f3lanna hj\u00e1 j\u00f3lasveinunum \u00e1 verkst\u00e6\u00f0i j\u00f3lasveinanna. Verkst\u00e6\u00f0i j\u00f3lasveinanna kom \u00fat \u00e1ri\u00f0 1973 og er upphaflega \u00fatvarpsleikrit eftir Thorbj\u00f6rn Egner en \u00fe\u00e6r Agnes \u00deorkelsd\u00f3ttir Wild og Mar\u00eda [&hellip;]<\/p>\n","protected":false},"author":3,"featured_media":3558,"comment_status":"open","ping_status":"open","sticky":false,"template":"","format":"standard","meta":{"_et_pb_use_builder":"","_et_pb_old_content":"","_et_gb_content_width":"","footnotes":""},"categories":[187],"tags":[],"class_list":["post-3559","post","type-post","status-publish","format-standard","has-post-thumbnail","hentry","category-allar-frir","et-has-post-format-content","et_post_format-et-post-format-standard"],"_links":{"self":[{"href":"https:\/\/leiklist.is\/en\/wp-json\/wp\/v2\/posts\/3559","targetHints":{"allow":["GET"]}}],"collection":[{"href":"https:\/\/leiklist.is\/en\/wp-json\/wp\/v2\/posts"}],"about":[{"href":"https:\/\/leiklist.is\/en\/wp-json\/wp\/v2\/types\/post"}],"author":[{"embeddable":true,"href":"https:\/\/leiklist.is\/en\/wp-json\/wp\/v2\/users\/3"}],"replies":[{"embeddable":true,"href":"https:\/\/leiklist.is\/en\/wp-json\/wp\/v2\/comments?post=3559"}],"version-history":[{"count":0,"href":"https:\/\/leiklist.is\/en\/wp-json\/wp\/v2\/posts\/3559\/revisions"}],"wp:featuredmedia":[{"embeddable":true,"href":"https:\/\/leiklist.is\/en\/wp-json\/"}],"wp:attachment":[{"href":"https:\/\/leiklist.is\/en\/wp-json\/wp\/v2\/media?parent=3559"}],"wp:term":[{"taxonomy":"category","embeddable":true,"href":"https:\/\/leiklist.is\/en\/wp-json\/wp\/v2\/categories?post=3559"},{"taxonomy":"post_tag","embeddable":true,"href":"https:\/\/leiklist.is\/en\/wp-json\/wp\/v2\/tags?post=3559"}],"curies":[{"name":"wp","href":"https:\/\/api.w.org\/{rel}","templated":true}]}}