{"id":355,"date":"2005-10-03T15:40:09","date_gmt":"2005-10-03T15:40:09","guid":{"rendered":"http:\/\/wp.leiklist.is\/?p=355"},"modified":"2005-10-03T15:40:09","modified_gmt":"2005-10-03T15:40:09","slug":"ingar-hafnar-rm","status":"publish","type":"post","link":"https:\/\/leiklist.is\/en\/ingar-hafnar-rm\/","title":{"rendered":"\u00c6fingar hafnar \u00e1 Kr\u00f3knum"},"content":{"rendered":"<p>Jens og risaferskjan er &#8230;<br \/> <!--more--> <img loading=\"lazy\" decoding=\"async\" src=\"http:\/\/www.leiklist.is\/10\/images\/stories\/Adildarfelog\/Nordur\/Saudarkrokur\/hopur.jpg\" width=\"200\" height=\"150\" style=\"float: right;\" hspace=\"6\" alt=\"Image\" title=\"Image\" border=\"0\" \/>Jens og risaferskjan er haustverkefni Leikf&eacute;lags Sau&eth;\u00e1rkr\u00f3ks \u00ed \u00e1r og h\u00f3fust &aelig;fingar \u00e1 verkinu n\u00fa \u00e1 d&ouml;gunum. Jens og risaferskjan er barnaleikrit sem byggt er \u00e1 s&ouml;gu eftir breska rith&ouml;fundinn Roald Dahl og ver&eth;ur &thorn;a&eth; frums\u00fdnt &thorn;ann 29. okt\u00f3ber nk. \u00ed Bifr&ouml;st. Leikstj\u00f3ri er \u00c1rmann Gu&eth;mundsson en hann &thorn;\u00fd&eth;ir jafnframt verki&eth; og semur vi&eth; &thorn;a&eth; t\u00f3nlist.<\/p>\n<p> Jens og risaferskjan segir fr\u00e1 dreng sem ver&eth;ur muna&eth;arlaus &thorn;egar \u00f3&eth;ur nashyrningur &eacute;tur foreldra hans. Honum er &thorn;\u00e1 komi&eth; fyrir hj\u00e1 tveimur fr&aelig;nkum s\u00ednum sem eru v&aelig;gast sagt andstyggilegar vi&eth; hann og l\u00e1ta hann &thorn;r&aelig;la myrkrana \u00e1 milli. Dag einn hittir hann svo undarlegan mann sem gefur honum poka me&eth; litlum gr&aelig;num &ouml;gnum. Jens missir \u00far pokanum yfir r&aelig;tur gamla ferskjutr&eacute;sins og vi&eth; &thorn;a&eth; fer risast\u00f3r ferskja a&eth; vaxa \u00e1 tr&eacute;nu. &THORN;ar me&eth; hefst \u00f3tr\u00falegt &aelig;vint\u00fdri Jens.<\/p>\n<p> &THORN;a&eth; hefur um \u00e1rabil veri&eth; fastur li&eth;ur \u00ed starfsemi Leikf&eacute;lags Sau&eth;\u00e1rkr\u00f3ks a&eth; setja upp barnaleikrit a&eth; hausti. F&eacute;lagi&eth; frums\u00fdnir svo jafnan anna&eth; verk \u00ed S&aelig;luviku Skagfir&eth;inga \u00ed lok apr\u00edl. A&eth; &thorn;essu sinni taka 16 leikarar og &thorn;r\u00edr hlj\u00f3&eth;f&aelig;raleikarar &thorn;\u00e1tt \u00ed s\u00fdningunni, &thorn;ar af eru margir a&eth; taka \u00ed fyrsta sinn &thorn;\u00e1tt \u00ed leiks\u00fdningu me&eth; f&eacute;laginu.<\/p>\n<p> Roald Dahl er einn &thorn;ekktasti barnab\u00f3ka h&ouml;fundur heims og \u00e1 me&eth;al &thorn;ekktustu b\u00f3ka hans eru Kalli og s\u00fakkula&eth;iverksmi&eth;jan, Matthildur og Nornirnar.<\/p>","protected":false},"excerpt":{"rendered":"<p>Jens og risaferskjan er &#8230;<\/p>","protected":false},"author":3,"featured_media":0,"comment_status":"open","ping_status":"open","sticky":false,"template":"","format":"standard","meta":{"_et_pb_use_builder":"","_et_pb_old_content":"","_et_gb_content_width":"","footnotes":""},"categories":[187],"tags":[],"class_list":["post-355","post","type-post","status-publish","format-standard","hentry","category-allar-frir","et-doesnt-have-format-content","et_post_format-et-post-format-standard"],"_links":{"self":[{"href":"https:\/\/leiklist.is\/en\/wp-json\/wp\/v2\/posts\/355","targetHints":{"allow":["GET"]}}],"collection":[{"href":"https:\/\/leiklist.is\/en\/wp-json\/wp\/v2\/posts"}],"about":[{"href":"https:\/\/leiklist.is\/en\/wp-json\/wp\/v2\/types\/post"}],"author":[{"embeddable":true,"href":"https:\/\/leiklist.is\/en\/wp-json\/wp\/v2\/users\/3"}],"replies":[{"embeddable":true,"href":"https:\/\/leiklist.is\/en\/wp-json\/wp\/v2\/comments?post=355"}],"version-history":[{"count":0,"href":"https:\/\/leiklist.is\/en\/wp-json\/wp\/v2\/posts\/355\/revisions"}],"wp:attachment":[{"href":"https:\/\/leiklist.is\/en\/wp-json\/wp\/v2\/media?parent=355"}],"wp:term":[{"taxonomy":"category","embeddable":true,"href":"https:\/\/leiklist.is\/en\/wp-json\/wp\/v2\/categories?post=355"},{"taxonomy":"post_tag","embeddable":true,"href":"https:\/\/leiklist.is\/en\/wp-json\/wp\/v2\/tags?post=355"}],"curies":[{"name":"wp","href":"https:\/\/api.w.org\/{rel}","templated":true}]}}