{"id":3549,"date":"2011-11-28T13:00:29","date_gmt":"2011-11-28T13:00:29","guid":{"rendered":"http:\/\/wp.leiklist.is\/?p=3549"},"modified":"2011-11-28T13:00:29","modified_gmt":"2011-11-28T13:00:29","slug":"nemendaleikhusie-synir-jareskjalfta-i-london","status":"publish","type":"post","link":"https:\/\/leiklist.is\/en\/nemendaleikhusie-synir-jareskjalfta-i-london\/","title":{"rendered":"Nemendaleikh\u00fasi\u00f0 s\u00fdnir Jar\u00f0skj\u00e1lfta \u00ed London"},"content":{"rendered":"<p>F\u00f6studaginn 2. desember n\u00e6stkomandi frums\u00fdnir Nemendaleikh\u00fas Listah\u00e1sk\u00f3la \u00cdslands verki\u00f0 Jar\u00f0skj\u00e1lftar \u00ed London eftir Mike Bartlett \u00ed Smi\u00f0junni, Leikh\u00fasi Listah\u00e1sk\u00f3la \u00cdslands a\u00f0 S\u00f6lvh\u00f3lsg\u00f6tu 13. Verki\u00f0 er n\u00fa sett upp \u00ed fyrsta sinn \u00e1 \u00cdslandi \u00ed \u00fe\u00fd\u00f0ingu Hei\u00f0ars Sumarli\u00f0asonar og leikstj\u00f3rn Halld\u00f3rs E. Laxness. \u00cd \u00feessari m\u00f6gnu\u00f0u r\u00fass\u00edbanafer\u00f0\u00a0\u00feeytumst vi\u00f0 um \u00ed t\u00edma og r\u00fami fr\u00e1 1968  til 2525 og aftur til baka. \u00d6grandi upp\u00e1komur, h\u00famor og umfj\u00f6llunarefni  sem \u00e1 erindi vi\u00f0 alla \u00ed dag. S\u00fdningin fl\u00e9ttar saman t\u00f3nlist, dans, og  myndbandsverk sem \u00e1 spennandi h\u00e1tt fylla alla fleti leikh\u00fassins.<\/p>\n<p>  <!--more-->  <\/p>\n<p>Verki\u00f0 var frums\u00fdnt \u00ed National Theatre \u00ed London \u00e1ri\u00f0 2010 vi\u00f0 fr\u00e1b\u00e6rar undirtektir og var Bartlett \u00ed kj\u00f6lfari\u00f0 hampa\u00f0 sem ferskri r\u00f6dd \u00ed bresku leikh\u00fasl\u00edfi. S\u00fdningin er hressileg umfj\u00f6llun um \u00fea\u00f0 sem framt\u00ed\u00f0in ber \u00ed skauti s\u00e9r og \u00fe\u00e6r miklu hamfarir sem ganga yfir samf\u00e9l\u00f6g okkar \u00ed dag. S\u00f6g\u00f0 er saga af sn\u00f6rpum hr\u00e6ringum \u00ed l\u00edfi \u00feriggja systra sem reyna af\u00a0\u00f6llum m\u00e6tti a\u00f0 bjarga s\u00e9r og s\u00ednum\u00a0\u00far hamf\u00f6rum og framf\u00f6rum n\u00fat\u00edmans \u00e1 me\u00f0an fa\u00f0ir \u00feeirra, heimsfr\u00e6gur v\u00edsindama\u00f0ur, bo\u00f0ar heimsendi. Burlesque fatafellur, martra\u00f0ir, p\u00f3lit\u00edsk spilling, mannfj\u00f6ldasprengingar og allsherjar paranoia!<\/p>\n<p>Halld\u00f3r E. Laxness hefur leikst\u00fdrt fj\u00f6lda s\u00fdninga allt fr\u00e1 \u00e1rinu 1981 b\u00e6\u00f0i h\u00e9rlendis og erlendis og er hann einnig listr\u00e6nn stj\u00f3rnandi The Festival of New European Opera \u00ed Frakklandi og stofnandi Paradox h\u00f3psins \u00ed Los Angeles.\u00a0 Leikmynd og b\u00faningar eru h\u00f6nnun Tinnu Ottesen og myndb\u00f6nd fyrir verki\u00f0 eru unnin af Brynju Bj\u00f6rnsd\u00f3ttur. Hlj\u00f3\u00f0mynd er \u00ed h\u00f6ndum Georgs K\u00e1ra Hilmarssonar, l\u00fdsingu annast J\u00f3hann Fri\u00f0rik \u00c1g\u00fastsson og dansh\u00f6fundur er Brogan Davison.<\/p>\n<p>Nemendaleikh\u00fasi\u00f0 \u00ed vetur skipa: Hj\u00f6rtur J\u00f3hann J\u00f3nsson, Kolbeinn Arnbj\u00f6rnsson, Olga Sonja Thorarensen, \u00d3l\u00f6f Haraldsd\u00f3ttir, P\u00e9tur \u00c1rmannsson, Saga Gar\u00f0arsd\u00f3ttir, Sara Margr\u00e9t Nordahl, Sigur\u00f0ur \u00de\u00f3r \u00d3skarsson, Snorri Engilbertsson og Tinna Sverrisd\u00f3ttir.<\/p>\n<p>S\u00fdningafj\u00f6ldi er takmarka\u00f0ur og er \u00fev\u00ed r\u00e1\u00f0legt a\u00f0 tryggja s\u00e9r mi\u00f0a \u00ed t\u00edma.\u00a0 Mi\u00f0asala fer fram \u00e1 <a href=\"mailto:midasala@lhi.is\">midasala@lhi.is<\/a>, \u00ed s\u00edma 895 6994 og \u00e1 midi.is.\u00a0 Mi\u00f0aver\u00f0 er einungis 1500 kr\u00f3nur.<\/p>\n<p>{mos_fb_discuss:2}<\/p>","protected":false},"excerpt":{"rendered":"<p>F\u00f6studaginn 2. desember n\u00e6stkomandi frums\u00fdnir Nemendaleikh\u00fas Listah\u00e1sk\u00f3la \u00cdslands verki\u00f0 Jar\u00f0skj\u00e1lftar \u00ed London eftir Mike Bartlett \u00ed Smi\u00f0junni, Leikh\u00fasi Listah\u00e1sk\u00f3la \u00cdslands a\u00f0 S\u00f6lvh\u00f3lsg\u00f6tu 13. Verki\u00f0 er n\u00fa sett upp \u00ed fyrsta sinn \u00e1 \u00cdslandi \u00ed \u00fe\u00fd\u00f0ingu Hei\u00f0ars Sumarli\u00f0asonar og leikstj\u00f3rn Halld\u00f3rs E. Laxness. \u00cd \u00feessari m\u00f6gnu\u00f0u r\u00fass\u00edbanafer\u00f0\u00a0\u00feeytumst vi\u00f0 um \u00ed t\u00edma og r\u00fami fr\u00e1 1968 til [&hellip;]<\/p>\n","protected":false},"author":3,"featured_media":3548,"comment_status":"open","ping_status":"open","sticky":false,"template":"","format":"standard","meta":{"_et_pb_use_builder":"","_et_pb_old_content":"","_et_gb_content_width":"","footnotes":""},"categories":[187],"tags":[],"class_list":["post-3549","post","type-post","status-publish","format-standard","has-post-thumbnail","hentry","category-allar-frir","et-has-post-format-content","et_post_format-et-post-format-standard"],"_links":{"self":[{"href":"https:\/\/leiklist.is\/en\/wp-json\/wp\/v2\/posts\/3549","targetHints":{"allow":["GET"]}}],"collection":[{"href":"https:\/\/leiklist.is\/en\/wp-json\/wp\/v2\/posts"}],"about":[{"href":"https:\/\/leiklist.is\/en\/wp-json\/wp\/v2\/types\/post"}],"author":[{"embeddable":true,"href":"https:\/\/leiklist.is\/en\/wp-json\/wp\/v2\/users\/3"}],"replies":[{"embeddable":true,"href":"https:\/\/leiklist.is\/en\/wp-json\/wp\/v2\/comments?post=3549"}],"version-history":[{"count":0,"href":"https:\/\/leiklist.is\/en\/wp-json\/wp\/v2\/posts\/3549\/revisions"}],"wp:featuredmedia":[{"embeddable":true,"href":"https:\/\/leiklist.is\/en\/wp-json\/"}],"wp:attachment":[{"href":"https:\/\/leiklist.is\/en\/wp-json\/wp\/v2\/media?parent=3549"}],"wp:term":[{"taxonomy":"category","embeddable":true,"href":"https:\/\/leiklist.is\/en\/wp-json\/wp\/v2\/categories?post=3549"},{"taxonomy":"post_tag","embeddable":true,"href":"https:\/\/leiklist.is\/en\/wp-json\/wp\/v2\/tags?post=3549"}],"curies":[{"name":"wp","href":"https:\/\/api.w.org\/{rel}","templated":true}]}}