{"id":34895,"date":"2020-09-28T10:59:16","date_gmt":"2020-09-28T10:59:16","guid":{"rendered":"https:\/\/leiklist.is\/?p=34895"},"modified":"2020-09-28T12:02:37","modified_gmt":"2020-09-28T12:02:37","slug":"fundargerd-adalfundar-i-kopavogi-19-september-2020","status":"publish","type":"post","link":"https:\/\/leiklist.is\/en\/fundargerd-adalfundar-i-kopavogi-19-september-2020\/","title":{"rendered":"Fundarger\u00f0 a\u00f0alfundar \u00ed K\u00f3pavogi 19. september 2020"},"content":{"rendered":"<h4><strong>A\u00f0alfundur Bandalags \u00edslenskra leikf\u00e9laga 2020 &#8211; 70. fundur<\/strong><\/h4>\n<ol>\n<li>Fundarsetning. Kosning 2ja fundarstj\u00f3ra og 2ja fundarritara, sem taka \u00feegar til starfa. L\u00f6gm\u00e6ti fundarins kanna\u00f0.<span class=\"Apple-converted-space\">\u00a0<\/span><\/li>\n<\/ol>\n<p>Gu\u00f0finna Gunnarsd\u00f3ttir forma\u00f0ur B\u00cdL, st\u00edgur \u00ed pontu og setur fund vi\u00f0 \u00feessar s\u00e9rst\u00f6ku a\u00f0st\u00e6\u00f0ur.<\/p>\n<p>Stungi\u00f0 er upp \u00e1 Vilborgu Valgar\u00f0sd\u00f3ttur og \u00d6nnu Margr\u00e9ti P\u00e1lksd\u00f3ttur sem fundarstj\u00f3rum og J\u00f3nhei\u00f0i \u00cdsleifsd\u00f3ttur og G\u00edsla Birni Heimissyni sem fundarriturum og \u00fea\u00f0 sam\u00feykkt me\u00f0 l\u00f3fataki.<\/p>\n<p>Gu\u00f0finna<span class=\"Apple-converted-space\">\u00a0 <\/span>\u00feakkar Leikf\u00e9lagi K\u00f3pavogs fyrir a\u00f0 skapa s\u00f3tthreinsa\u00f0 umhverfi fyrir okkur og h\u00fdsa fundinn.<\/p>\n<p>Vilborg fundarstj\u00f3ri st\u00edgur \u00ed pontu og b\u00fd\u00f0ur alla velkomna.<\/p>\n<ol start=\"2\">\n<li>Kj\u00f6rnefnd afgrei\u00f0ir kj\u00f6rbr\u00e9f og afhendir atkv\u00e6\u00f0aspj\u00f6ld, sk\u00fdrir st\u00f6\u00f0u m\u00e1la var\u00f0andi stj\u00f3rnarkj\u00f6r og augl\u00fdsir eftir till\u00f6gum.<span class=\"Apple-converted-space\">\u00a0<\/span><\/li>\n<\/ol>\n<p>D\u00fdrleif st\u00edgur \u00ed pontu og tilkynnir a\u00f0 \u00fea\u00f0 s\u00e9u 11 atv\u00e6\u00f0i \u00ed h\u00fasi, 1 kemur seint.\u00a0B\u00fai\u00f0 er a\u00f0 kanna l\u00f6gm\u00e6ti fundar og hann er l\u00f6glegur.<\/p>\n<ol start=\"3\">\n<li>Menningarstefna Bandalagsins lesin og r\u00e6dd.<span class=\"Apple-converted-space\">\u00a0<\/span><\/li>\n<\/ol>\n<p>Sigr\u00ed\u00f0ur Hafsteinsd\u00f3ttir st\u00edgur \u00ed pontu og les menningarstefnu Bandalagsins.<\/p>\n<ol start=\"4\">\n<li>Sta\u00f0fest inntaka n\u00fdrra f\u00e9laga, f\u00e9l\u00f6g tekin af f\u00e9lagaskr\u00e1.<span class=\"Apple-converted-space\">\u00a0<\/span><\/li>\n<\/ol>\n<p>H\u00f6r\u00f0ur st\u00edgur \u00ed pontu og fer yfir n\u00fd f\u00e9l\u00f6g og f\u00e9l\u00f6g tekin af skr\u00e1. 39 f\u00e9l\u00f6g greiddu \u00e1rgjald \u00ed fyrra.<span class=\"Apple-converted-space\">\u00a0<\/span><\/p>\n<p>Leikdeild Ungmennaf\u00e9lags Stafholtstungna gekk \u00far Bandalaginu \u00e1 s\u00ed\u00f0asta \u00e1ri. Engar a\u00f0rar breytingar.<\/p>\n<ol start=\"5\">\n<li>Fundarger\u00f0 s\u00ed\u00f0asta a\u00f0alfundar afgreidd.<span class=\"Apple-converted-space\">\u00a0<\/span><\/li>\n<\/ol>\n<p>A\u00f0alfundarger\u00f0 s\u00ed\u00f0asta a\u00f0alfundar er borinn upp til atkv\u00e6\u00f0a af Vilborgu og er h\u00fan sam\u00feykkt me\u00f0 \u00f6llum atkv\u00e6\u00f0um.<\/p>\n<p>Vilborg stingur upp \u00e1 \u00fev\u00ed a\u00f0 fundarmenn kynni sig.\u00a0Fari\u00f0 er hringinn og allir kynna sig me\u00f0 nafni, leikf\u00e9lagi og st\u00f6rfum fyrir Bandalagi\u00f0.<\/p>\n<ol start=\"6\">\n<li>Sk\u00fdrsla stj\u00f3rnar.<span class=\"Apple-converted-space\">\u00a0<\/span><\/li>\n<\/ol>\n<p>Gu\u00f0finna st\u00edgur \u00ed pontu.<\/p>\n<p>H\u00f6r\u00f0ur st\u00edgur \u00ed pontu og kynnir hvar g\u00f6gn a\u00f0alfundar eru a\u00f0gengileg \u00e1 vefnum. H\u00e6gt er a\u00f0 n\u00e1lgast sk\u00fdrslu stj\u00f3rnar \u00fear. Einnig er h\u00e6gt a\u00f0 senda fyrirspurnir \u00e1 H\u00f6r\u00f0.<\/p>\n<p>Gu\u00f0finna les sk\u00fdrslu stj\u00f3rnar:<\/p>\n<p>Sk\u00fdrsla stj\u00f3rnar Bandalags \u00edslenskra leikf\u00e9laga \u00e1 a\u00f0alfundi \u00ed K\u00f3pavogi 19. september 2020<span class=\"Apple-converted-space\">\u00a0<\/span><\/p>\n<ol>\n<li><b>Stj\u00f3rn<\/b> \u00c1 starfs\u00e1rinu skipu\u00f0u stj\u00f3rn \u00feau: Gu\u00f0finna Gunnarsd\u00f3ttir, Selfossi, forma\u00f0ur \u00d3l\u00f6f \u00de\u00f3r\u00f0ard\u00f3ttir, Mosfellsb\u00e6, varaforma\u00f0ur G\u00edsli Bj\u00f6rn Heimisson, Reykjav\u00edk, ritari Anna Mar\u00eda Hj\u00e1lmarsd\u00f3ttir, Akureyri, me\u00f0stj\u00f3rnandi \u00der\u00e1inn Sigvaldason, H\u00f6rg\u00e1rdal, me\u00f0stj\u00f3rnandi. \u00cd varastj\u00f3rn s\u00e1tu: Sigr\u00ed\u00f0ur Hafsteinsd\u00f3ttir, Selfossi, Magn\u00fe\u00f3ra Kristj\u00e1nsd\u00f3ttir, \u00deorl\u00e1ksh\u00f6fn, J\u00f3nhei\u00f0ur \u00cdsleifsd\u00f3ttir, Selfossi, Hanna Margr\u00e9t Kristleifsd\u00f3ttir, Reykjav\u00edk og \u00c1g\u00fast J\u00f3nsson, H\u00f3lmav\u00edk. Framkv\u00e6mdastj\u00f3ri \u00ed \u00fej\u00f3nustumi\u00f0st\u00f6\u00f0 er H\u00f6r\u00f0ur Sigur\u00f0arson Stj\u00f3rn h\u00e9lt fj\u00f3ra starfsfundi \u00e1 \u00e1rinu, einn a\u00f0 afloknum a\u00f0alfundi \u00e1 H\u00fasav\u00edk og fj\u00f3ra \u00ed \u00fej\u00f3nustumi\u00f0st\u00f6\u00f0 okkar \u00ed Reykjav\u00edk. Fjarfundarb\u00fana\u00f0ur var nota\u00f0ur endrum og sinnum me\u00f0 g\u00f3\u00f0um \u00e1rangri. Einnig hefur f\u00e9sb\u00f3karh\u00f3pur okkar stj\u00f3rnarmanna veri\u00f0 n\u00fdttur til g\u00f3\u00f0ra samskipta \u00e1ri\u00f0 um kring. Svo var, \u00ed lj\u00f3si a\u00f0st\u00e6\u00f0na, funda\u00f0 aukalega me\u00f0 sk\u00f3lanefnd til a\u00f0 r\u00e6\u00f0a st\u00f6\u00f0una \u00e1 sk\u00f3lanum fyrir sumari\u00f0 2020. Eru stj\u00f3rn og framkv\u00e6mdastj\u00f3ra og sk\u00f3lanefndarf\u00f3lki \u00fe\u00f6kku\u00f0 g\u00f3\u00f0 samvinna \u00e1 \u00e1rinu.<span class=\"Apple-converted-space\">\u00a0<\/span><\/li>\n<\/ol>\n<ol start=\"2\">\n<li><b>Starfsemi f\u00e9laganna<\/b> 31 a\u00f0ildarf\u00e9lag Bandalagsins sendi inn styrkums\u00f3knir fyrir alls 81 leiks\u00fdningu og leik\u00fe\u00e6tti, 23 n\u00e1mskei\u00f0 og 36 sk\u00f3lanemendur fyrir leik\u00e1ri\u00f0 2018-2019. Fullur styrkur reyndist vera 361.614 kr\u00f3nur. \u00c1rsriti\u00f0 okkar inniheldur s\u00ed\u00f0an allar frekari uppl\u00fdsingar um starfsemina. F\u00e9l\u00f6g \u00ed Bandalaginu voru \u00ed vor 39 talsins.<span class=\"Apple-converted-space\">\u00a0<\/span><\/li>\n<\/ol>\n<ol start=\"3\">\n<li><b>Starfs\u00e1\u00e6tlun<\/b> \u00c1 s\u00ed\u00f0asta a\u00f0alfundi var a\u00f0 venju sam\u00feykkt starfs\u00e1\u00e6tlun og og ver\u00f0ur n\u00fa fari\u00f0 yfir hana og sagt fr\u00e1 hva\u00f0 gert var til a\u00f0 efna einstaka li\u00f0i hennar. <i>Rekstur \u00fej\u00f3nustumi\u00f0st\u00f6\u00f0var, Leiklistarsk\u00f3la, Leiklistarvefsins og annarra fastra li\u00f0a \u00ed starfseminni.<\/i> Rekstur \u00fej\u00f3nustumi\u00f0st\u00f6\u00f0var er alltaf \u00ed j\u00e1rnum. Reikningar ver\u00f0a kynntir h\u00e9r \u00e1 eftir og s\u00fdna hvernig sta\u00f0an er. Sala \u00ed verslun hefur veri\u00f0 \u00e1 ni\u00f0urlei\u00f0. Skipt var um vefsv\u00e6\u00f0i fyrir vefinn okkar og hann uppf\u00e6r\u00f0ur og er vefurinn allur betri \u00ed kj\u00f6lfari\u00f0. Um sk\u00f3lann mun fulltr\u00fai sk\u00f3lanefndar fjalla \u00ed sinni sk\u00fdrslu. Er sk\u00f3lanefnd \u00feakka\u00f0 fyrir fr\u00e1b\u00e6ra vinnu og samstarf \u00e1 \u00e1rinu. <i>Leita eftir h\u00e6kku\u00f0um framl\u00f6gum \u00far opinberum sj\u00f3\u00f0um og fr\u00e1 einkaa\u00f0ilum til starfsemi \u00e1hugaleikf\u00e9laganna og sameiginlegra verkefna<\/i>. Framlag til starfsemi \u00e1hugaleikf\u00e9laganna er n\u00fa 18,5 milj. kr. Til \u00fej\u00f3nustumi\u00f0st\u00f6\u00f0varinnar er framlagi\u00f0 6 milj. kr. \u00e1 \u00e1ri samkv\u00e6mt samningi, en s\u00fa upph\u00e6\u00f0 h\u00e6kka\u00f0i upp \u00ed 6,5 millj\u00f3nir \u00e1 \u00feessu \u00e1ri og h\u00e6kkar upp \u00ed 7 millj\u00f3nir \u00e1 n\u00e6sta \u00e1ri. Forma\u00f0ur og framkv\u00e6mdastj\u00f3ri fengu lang\u00fer\u00e1\u00f0an fund me\u00f0 r\u00e1\u00f0herra sl. vor. Var \u00fea\u00f0 tilfinning okkar a\u00f0 r\u00e1\u00f0herra v\u00e6ri viljugur til a\u00f0 h\u00e6kka framlag til \u00fej\u00f3nustumi\u00f0st\u00f6\u00f0var. Vi\u00f0 l\u00f6g\u00f0um til a\u00f0 \u00e1rleg upph\u00e6\u00f0 myndi h\u00e6kka \u00ed 9 millj\u00f3nir, en vorum ekki me\u00f0 miklar v\u00e6ntingar og bentum \u00e1 a\u00f0 allt hj\u00e1lpa\u00f0i til, \u00fe\u00f3 a\u00f0 styrkurinn h\u00e6kka\u00f0i \u00ed sm\u00e1sk\u00f6mmtum. <i>Halda leiklistarh\u00e1t\u00ed\u00f0 \u00ed tengslum vi\u00f0 70 \u00e1ra afm\u00e6li B\u00cdL \u00e1ri\u00f0 2020.<\/i> Ef allt hef\u00f0i veri\u00f0 \u00f6\u00f0ruv\u00edsi, v\u00e6ri \u00feessi h\u00e1t\u00ed\u00f0 afsta\u00f0in og vi\u00f0 ekki st\u00f6dd h\u00e9r \u00ed september, en vi\u00f0 vorum komin me\u00f0 skipulag fyrir h\u00e1t\u00ed\u00f0 og vorum \u00ed samtali vi\u00f0 Leikf\u00e9lag Keflav\u00edkur um stuttverkah\u00e1t\u00ed\u00f0 og Bandalags\u00feing. Vi\u00f0 stefnum \u00f3trau\u00f0 \u00e1 a\u00f0 reyna aftur vi\u00f0 \u00feennan vi\u00f0bur\u00f0 vori\u00f0 2021.<span class=\"Apple-converted-space\">\u00a0<\/span><\/li>\n<\/ol>\n<ol start=\"4\">\n<li><b>\u00d6nnur m\u00e1l<\/b> Uppf\u00e6rsla Leikf\u00e9lags H\u00fana\u00feings \u00e1 s\u00f6ngleiknum H\u00e1rinu var valin Athyglisver\u00f0asta \u00e1hugaleiks\u00fdning leik\u00e1rsins af valnefnd \u00dej\u00f3\u00f0leikh\u00fassins og var h\u00fan s\u00fdnd \u00ed \u00dej\u00f3\u00f0leikh\u00fasinu 14. j\u00fan\u00ed 2019 vi\u00f0 g\u00f3\u00f0an or\u00f0st\u00edr. \u00cd \u00e1r var engin s\u00fdning valin vegna lokunar. Af erlendum vettvangi: Til st\u00f3\u00f0 a\u00f0 halda NEATA leiklistarh\u00e1t\u00ed\u00f0 \u00ed Eistlandi \u00ed september, (um li\u00f0na helgi), og var be\u00f0i\u00f0 langt fram eftir sumri me\u00f0 a\u00f0 \u00e1kve\u00f0a hvort af yr\u00f0i e\u00f0a ekki, en h\u00fan var slegin af. Fulltr\u00faar landanna sem heyra undir NEATA eru \u00ed reglulegu sambandi og fjarfunda. Ekki hefur veri\u00f0 \u00e1kve\u00f0i\u00f0 hvert framhaldi\u00f0 ver\u00f0ur, hvort h\u00e1ti\u00f0in frestast um tv\u00f6 \u00e1r e\u00f0a f\u00e6rist yfir \u00e1 n\u00e6sta \u00e1r. Leik\u00e1ri\u00f0 hefur veri\u00f0 mj\u00f6g s\u00e9rstakt svo ekki s\u00e9 meira sagt. M\u00f6rg f\u00e9l\u00f6g \u00feurftu a\u00f0 h\u00e6tta a\u00f0 s\u00fdna e\u00f0a n\u00e1\u00f0u ekki a\u00f0 frums\u00fdna og deila sinni fr\u00e1b\u00e6ru vinnu me\u00f0 \u00e1horfendum. Vonandi horfir \u00fea\u00f0 til betri vegar. Vi\u00f0 getum a\u00f0 minnsta kosti hist og n\u00fa hefur veri\u00f0 gefi\u00f0 gr\u00e6nt lj\u00f3s \u00e1 \u00e6fingar me\u00f0 snertingu sem gefur okkur byr undir b\u00e1\u00f0a v\u00e6ngi. Vi\u00f0 \u00feurfum mj\u00f6g l\u00edklega a\u00f0 vinna hlutina me\u00f0 \u00f6\u00f0rum h\u00e6tti en vant er \u00e1 \u00feessu leik\u00e1ri og jafnvel hugsa \u00fat fyrir kassann me\u00f0 hvernig vi\u00f0 \u00fatf\u00e6rum s\u00fdningar og starfi\u00f0. Verum dugleg a\u00f0 heyrast og hittast. Vi\u00f0 hvetjum ykkur til a\u00f0 fylgjast me\u00f0 fr\u00e9ttum \u00e1 vefnum okkar og vera \u00ed sambandi vi\u00f0 okkur \u00ed stj\u00f3rninni e\u00f0a H\u00f6r\u00f0 ef spurningar vakna. Endilega sendi\u00f0 okkur fr\u00e9ttir af starfinu ykkar. Verum dugleg a\u00f0 koma okkar fr\u00e1b\u00e6ra starfi \u00e1 framf\u00e6ri. L\u00e1tum \u00ed okkur heyra. Leikum n\u00fana og svo alltaf meira.<span class=\"Apple-converted-space\">\u00a0<\/span><\/li>\n<\/ol>\n<p>Vilborg \u00feakkar Gu\u00f0finnu og b\u00fd\u00f0ur \u00c1g\u00fast \u00de. J\u00f3nsson fr\u00e1 Leikf\u00e9lagi H\u00f3lmav\u00edkur velkominn, \u00feannig a\u00f0 kj\u00f6rbr\u00e9fin eru or\u00f0i 12.<\/p>\n<ol start=\"7\">\n<li>Framkv\u00e6mdastj\u00f3ri leggur fram endursko\u00f0a\u00f0a reikninga s\u00ed\u00f0asta \u00e1rs og sk\u00fdrir \u00fe\u00e1.<span class=\"Apple-converted-space\">\u00a0<\/span><\/li>\n<\/ol>\n<p>Vilborg b\u00fd\u00f0ur H\u00f6r\u00f0 velkominn \u00ed pontu til a\u00f0 kynna reikninga Bandalagsins.<\/p>\n<p>\u00cd stuttu m\u00e1li er ni\u00f0ursta\u00f0an s\u00fa a\u00f0 rekstur enda\u00f0i \u00ed t\u00e6plega 1,4 millj\u00f3na kr\u00f3na tapi. \u00dea\u00f0 sk\u00fdrist a\u00f0 mestu a\u00f0 \u00fev\u00ed a\u00f0 hluta \u00e1rsins voru tveir starfsmenn \u00e1 me\u00f0an H\u00f6r\u00f0ur var a\u00f0 taka vi\u00f0 af Vilborgu.<\/p>\n<p>Leiklistarsk\u00f3linn st\u00f3\u00f0 undir s\u00e9r eins og venjulega og \u00f6nnur gj\u00f6ld og tekjur voru svipu\u00f0 og s\u00ed\u00f0ustu \u00e1r.<\/p>\n<ol start=\"8\">\n<li>Umr\u00e6\u00f0ur um sk\u00fdrslu stj\u00f3rnar og afgrei\u00f0sla reikninga.<span class=\"Apple-converted-space\">\u00a0<\/span><\/li>\n<\/ol>\n<p>Vilborg st\u00edgur \u00ed pontu og opnar fyrir umr\u00e6\u00f0ur og spurningar um sk\u00fdrslu stj\u00f3rnar og reikninga.<\/p>\n<p>Ingveldur spyr um dagpeninga kostna\u00f0 &#8211; er \u00feetta venjulegt og \u00ed hva\u00f0 fer \u00feessi peningur?<\/p>\n<p>Engar fleiri spurningar.<\/p>\n<p>H\u00f6r\u00f0ur st\u00edgur \u00ed pontu og \u00fatsk\u00fdrir a\u00f0 hluti af launum framkv\u00e6mdastj\u00f3ra er greiddur sem dagpeningar til a\u00f0 h\u00edfa laun framkv\u00e6mdastj\u00f3ra a\u00f0eins upp. \u00deetta hefur veri\u00f0 gert \u00ed yfir 20 \u00e1r.<\/p>\n<p>Vilborg st\u00edgur \u00ed pontu og bi\u00f0ur um leyfi til a\u00f0 f\u00e6ra li\u00f0 13 fram \u00ed dagskr\u00e1 fundar \u00feannig a\u00f0 Hrefna Fri\u00f0riksd\u00f3ttir n\u00e1i a\u00f0 kynna dr\u00f6g a\u00f0 verklagsreglum sem henni var fali\u00f0 a\u00f0 semja fyrir Bandalagi\u00f0.<\/p>\n<p>H\u00f6r\u00f0ur stingur upp \u00e1 vi\u00f0 t\u00f6kum kaffihl\u00e9 \u00e1\u00f0ur en vi\u00f0 h\u00f6ldum \u00e1fram \u00fear sem s\u00e1 li\u00f0ur g\u00e6ti dregist og \u00fea\u00f0 er sam\u00feykkt.<\/p>\n<p><i>Kaffihl\u00e9<\/i><\/p>\n<p>Vilborg st\u00edgur \u00ed pontu og ber reikninga upp til sam\u00feykktar. Reikningar sam\u00feykktir me\u00f0 \u00f6llum atkv\u00e6\u00f0um.<\/p>\n<p>H\u00fan b\u00fd\u00f0ur Hrefnu \u00ed pontu.<\/p>\n<p>13. Till\u00f6gur lag\u00f0ar fyrir fundinn <span class=\"Apple-converted-space\">\u00a0<\/span><\/p>\n<p>Hrefna Fri\u00f0riksd\u00f3ttir st\u00edgur \u00ed pontu og leggur fyrir fundinn verklagsreglur um vi\u00f0br\u00f6g\u00f0 vi\u00f0 kynbundinni- og kynfer\u00f0islegri \u00e1reitni og ofbeldi.<\/p>\n<p>Hrefna talar um a\u00f0 \u00fea\u00f0 s\u00e9 s\u00e9rst\u00f6k \u00fe\u00f6rf \u00e1 \u00fev\u00ed \u00ed leiklistarstarfi a\u00f0 r\u00e6\u00f0a \u00feessa hluti, b\u00e6\u00f0i vegna n\u00e1ndar og valda\u00f3jafnv\u00e6gis. F\u00f3lk er oft blint fyrir \u00fev\u00ed a\u00f0 \u00feeirra heg\u00f0un hafi \u00e1hrif \u00e1 a\u00f0ra sem g\u00e6tu \u00e1tt erfitt me\u00f0 a\u00f0 tj\u00e1 sig um \u00fea\u00f0 \u00feegar fari\u00f0 er yfir m\u00f6rk.<\/p>\n<p>Hrefna \u00fatsk\u00fdrir muninn \u00e1 kynbundinni og kynfer\u00f0islegri \u00e1reitni.<span class=\"Apple-converted-space\">\u00a0<\/span><\/p>\n<p>\u00cd \u00feessum reglum er lagt til a\u00f0 Bandalagi\u00f0 setji s\u00e9r reglur um s\u00edna starfsemi. Veri\u00f0 er a\u00f0 m\u00f3ta farveg um hvert f\u00f3lk getur leita\u00f0 ef \u00fev\u00ed finnst \u00e1 s\u00e9r broti\u00f0 og hvernig ver\u00f0ur brug\u00f0ist vi\u00f0 \u00fev\u00ed.<\/p>\n<p>Td. a\u00f0 bj\u00f3\u00f0a brota\u00feola forgang a\u00f0 \u00fe\u00e1ttt\u00f6ku \u00ed Leiklistarsk\u00f3la Bandalagsins e\u00f0a annarri \u00fe\u00e1ttt\u00f6ku \u00ed starfi og a\u00f0 h\u00e6gt s\u00e9 a\u00f0 \u00fatiloka \u00fe\u00e1ttt\u00f6ku f\u00f3lks ef \u00fea\u00f0 er meti\u00f0 \u00feannig a\u00f0 \u00f6\u00f0rum stafi af \u00fev\u00ed \u00f3gn.<\/p>\n<p>\u00deessar reglur gilda um Bandalagi\u00f0 en Hrefna hvetur leikf\u00e9l\u00f6gin einnig til a\u00f0 setja s\u00e9r s\u00ednar reglur, s\u00e9rstaklega \u00feegar starfa\u00f0 er me\u00f0 b\u00f6rnum.<\/p>\n<p>Gott a\u00f0 hafa mj\u00f6g sk\u00fdrt til hverra er h\u00e6gt a\u00f0 leita og a\u00f0 \u00fea\u00f0 s\u00e9u ekki fleiri en tveir og a\u00f0 \u00feeir g\u00e6ti nafnleyndar.<\/p>\n<p>Hrefna b\u00fd\u00f0ur upp \u00e1 spurningar.<\/p>\n<p>\u00d3l\u00f6f \u00de\u00f3r\u00f0ard\u00f3ttir \u00feakkar fyrir g\u00f3\u00f0ar reglur og spyr hvort Hrefna v\u00e6ri til a\u00f0 a\u00f0sto\u00f0a \u00feau f\u00e9l\u00f6g sem vilja m\u00f3ta s\u00e9r svona reglur.\u00a0Hrefna segist vera til \u00ed a\u00f0 hj\u00e1lpa me\u00f0 almenna \u00fe\u00e6tti.<\/p>\n<p>Gu\u00f0finna spyr hvort \u00ed\u00fer\u00f3ttahreyfingin s\u00e9 ekki b\u00fain a\u00f0 m\u00f3ta s\u00e9r reglur sem h\u00e6gt er a\u00f0 n\u00fdta s\u00e9r \u00ed vinnu vi\u00f0 a\u00f0 semja reglur.<br \/>\nHrefna bendir \u00e1 \u00c6skul\u00fd\u00f0s vettvanginn vefs\u00ed\u00f0a &#8211; \u00fear eru til reglur um einelti og m\u00f6gulega reglur gegn kynfer\u00f0isofbeldi.<\/p>\n<p>Hrefna minnist \u00e1 a\u00f0 \u00fe\u00e6r reglur sem h\u00fan hefur lagt fram taki ekki \u00e1 einelti, heldur hafi veri\u00f0 \u00e1kve\u00f0i\u00f0 a\u00f0 f\u00f3kusa \u00e1 \u00fe\u00e1 \u00fe\u00e6tti sem \u00fe\u00f3ttu l\u00edklegri \u00ed leiklistarstarfi me\u00f0 fullor\u00f0num \u00fear sem starf Bandalagsins yfirleitt ekki til barna.<\/p>\n<p>Sigurlaug talar um a\u00f0 gott s\u00e9 a\u00f0 hafa svona reglur \u00fev\u00ed \u00fea\u00f0 hafa komi\u00f0 upp svona m\u00e1l \u00fear sem hefur \u00feurft a\u00f0 \u00fatiloka f\u00f3lk fr\u00e1 starfsemi leikf\u00e9lagsins.<\/p>\n<p>Hrefna talar um a\u00f0 \u00fea\u00f0 g\u00e6ti veri\u00f0 gott a\u00f0 f\u00e1 einhvern til a\u00f0 tala vi\u00f0 okkur um \u00e6skilega og \u00f3\u00e6skilega heg\u00f0un \u00ed leiklistarstarfi t.d. \u00e1 n\u00e6sta a\u00f0alfundi Bandalagsins.<\/p>\n<p>\u00d3l\u00f6f talar um a\u00f0 \u00fea\u00f0 s\u00e9u g\u00f3\u00f0 pl\u00f6gg \u00e1 \u00c6skul\u00fd\u00f0svettvangs vefnum sem v\u00e6ri gott a\u00f0 n\u00fdta s\u00e9r.<\/p>\n<p>Gu\u00f0finna talar um a\u00f0 gott s\u00e9 a\u00f0 hafa skrifleg vi\u00f0mi\u00f0 um heg\u00f0un \u00ed starfi og r\u00e6\u00f0a m\u00f6rk \u00ed byrjun starfs og gefa f\u00f3lki m\u00f6guleikann \u00e1 \u00fev\u00ed a\u00f0 setja m\u00f6rk um snertingar og fleira. \u00dea\u00f0 hafi t.d, veri\u00f0 gert \u00e1 n\u00e1mskei\u00f0i sem h\u00fan s\u00f3tti \u00ed LH\u00cd \u00ed sumar og \u00fear hafi einnig veri\u00f0 reglur hangandi vi\u00f0 hverja stofu.<\/p>\n<p>Hrefna tala um a\u00f0 vi\u00f0 \u00feurfum a\u00f0 finna lei\u00f0ir til a\u00f0 halda \u00e1fram skapandi og \u00f6grandi starfi en a\u00f0 halda vir\u00f0ingu. Me\u00f0 \u00fev\u00ed a\u00f0 leyfa alltaf sumum a\u00f0 haga s\u00e9r \u00e1 \u00e1kve\u00f0in h\u00e1tt getum vi\u00f0 veri\u00f0 a\u00f0 \u00feagga ni\u00f0ur \u00ed \u00f6\u00f0rum.<\/p>\n<p>G\u00edsli spyr hvort \u00fea\u00f0 v\u00e6ri ekki gott a\u00f0 deila till\u00f6gum a\u00f0 verklagsreglum \u00feannig a\u00f0 f\u00e9l\u00f6gin \u00feurfi ekki \u00f6ll a\u00f0 byrja fr\u00e1 byrjun. Bandalagi\u00f0 g\u00e6ti haft millig\u00f6ngu um sl\u00edkt.<span class=\"Apple-converted-space\">\u00a0<\/span><\/p>\n<p>Hrefna talar um a\u00f0 hvert og eitt f\u00e9lag \u00feurfi a\u00f0 taka \u00e1byrg\u00f0 \u00e1 s\u00ednum reglum og ekki bara afrita reglur beint fr\u00e1 \u00f6\u00f0rum. Samtali\u00f0 innan f\u00e9lags er mikilv\u00e6gt.<\/p>\n<p>\u00de\u00f3rarinn fr\u00e1 Hugleik minnst \u00e1 a\u00f0 \u00fea\u00f0 s\u00e9 kostur a\u00f0 \u00fea\u00f0 s\u00e9u f\u00e1ir sem koma a\u00f0 svona m\u00e1lum \u00fe\u00e1 s\u00e9 m\u00f6gulega ekki reynsla til a\u00f0 taka \u00e1 svona m\u00e1lum \u00ed stj\u00f3rn allra f\u00e9laga. Stingur hann upp \u00e1 a\u00f0 \u00fea\u00f0 s\u00e9 til banki af \u201cs\u00f6gum\u201d af atvikum og hvernig var teki\u00f0 \u00e1 \u00feeim.<\/p>\n<p>Hrefna talar um a\u00f0 h\u00e6gt s\u00e9 a\u00f0 r\u00e6\u00f0a \u00feessi m\u00e1l \u00ed stj\u00f3rn \u00e1n \u00feess a\u00f0 minnast \u00e1 n\u00e1kv\u00e6mlega hva\u00f0 ger\u00f0ist og um hverja r\u00e6\u00f0ir. \u00dea\u00f0 \u00fearf alltaf a\u00f0 g\u00e6ta a\u00f0 pers\u00f3nuvernd.<br \/>\n\u00dea\u00f0 g\u00e6ti veri\u00f0 kostur a\u00f0 hafa atvik sem b\u00fai\u00f0 er a\u00f0 hreinsa af \u00f6llum pers\u00f3nuuppl\u00fdsingum.<\/p>\n<p>Gu\u00f0r\u00ed\u00f0ur minnist \u00e1 a\u00f0 einelti geti veri\u00f0 mj\u00f6g alvarlegt og haft mikil \u00e1hrif \u00feannig a\u00f0 \u00fea\u00f0 \u00feyrfti a\u00f0 vera me\u00f0, s\u00e9rstaklega \u00ed starfi me\u00f0 b\u00f6rnum.<\/p>\n<p>Hrefna talar um a\u00f0 \u00feessi \u00fatf\u00e6rsla mi\u00f0ist a\u00f0 leiklistarstarfi og a\u00f0 Bandalagi\u00f0 s\u00e9 me\u00f0 starfsemi fyrir fullor\u00f0na.<br \/>\n\u00dea\u00f0 er m\u00f6guleik a\u00f0 b\u00e6ta \u00fev\u00ed vi\u00f0 en meiri vi\u00f0kv\u00e6mni fyrir \u00feeim m\u00e1laflokkum sem reglurnar sem laga\u00f0ar eru fram n\u00fana n\u00e1 yfir.<\/p>\n<p>Ger\u00f0ur spyr Hrefnu hvort svona m\u00e1l s\u00e9u l\u00edklegri til a\u00f0 koma upp \u00ed leiklistarsk\u00f3lanum heldur en einelti.<span class=\"Apple-converted-space\"><br \/>\n<\/span>Hrefna segir a\u00f0 j\u00e1 h\u00fan haldi a\u00f0 \u00fea\u00f0 s\u00e9u meiri l\u00edkur \u00e1 svona m\u00e1lum en eineltism\u00e1lum en b\u00e6tir vi\u00f0 a\u00f0 sk\u00f3lastarfi\u00f0 \u00ed leiklistarsk\u00f3lanum hefi einkennst af samkennd og k\u00e6rleika. H\u00fan b\u00e6tir vi\u00f0 a\u00f0 vi\u00f0 h\u00f6fum samt veri\u00f0 blind fyrir \u00fev\u00ed hvernig vi\u00f0 umg\u00f6ngumst m\u00f6rk og sam\u00feykki og vi\u00f0 \u00feurfum a\u00f0 vera mj\u00f6g me\u00f0vitu\u00f0 um a\u00f0 margir hafa l\u00e1ti\u00f0 hluti yfir sig ganga \u00feegar \u00fea\u00f0 skapast svona mikil n\u00e1nd eins og \u00ed sk\u00f3lastarfinu okkar.<span class=\"Apple-converted-space\">\u00a0<\/span><\/p>\n<p>\u00dea\u00f0 hafa komi\u00f0 upp atvik \u00ed sk\u00f3lanum sem hefur \u00feurft a\u00f0 takast \u00e1 vi\u00f0. Vi\u00f0 \u00feurfum a\u00f0 opna umr\u00e6\u00f0una og taka \u00e1 \u00feeim. Skandalar gerast \u00feegar atvik koma upp og ekki er teki\u00f0 \u00e1 \u00feeim.<\/p>\n<p>Sigr\u00ed\u00f0ur \u00feakkar Hrefnu fyrir.<span class=\"Apple-converted-space\">\u00a0<\/span><\/p>\n<p>\u00d6nnu Mar\u00edu langar til a\u00f0 standa upp og klappa og gerir \u00fea\u00f0 og allir fara a\u00f0 hennar ford\u00e6mi.<\/p>\n<p>Hrefna \u00feakkar Bandalaginu fyrir a\u00f0 opna \u00e1 \u00feessa umr\u00e6\u00f0u.<\/p>\n<ol start=\"9\">\n<li>Sk\u00fdrslur nefnda og umr\u00e6\u00f0ur um \u00fe\u00e6r.<span class=\"Apple-converted-space\">\u00a0<\/span><\/li>\n<\/ol>\n<p>Vilborg \u00feakkar Hrefnu og heldur \u00e1fram me\u00f0 dagskr\u00e1.<\/p>\n<p>D\u00fdrleif st\u00edgur \u00ed pontu til a\u00f0 lesa sk\u00fdrslu sk\u00f3lanefndar.<\/p>\n<p><b>Sk\u00fdrsla sk\u00f3lanefndar<\/b><\/p>\n<p>\u00c1 li\u00f0nu starfs\u00e1ri s\u00e1tu me\u00f0 m\u00e9r \u00ed sk\u00f3lanefnd D\u00fdrleif J\u00f3nsd\u00f3ttir, Herd\u00eds \u00deorgeirsd\u00f3ttir, Hrund \u00d3lafsd\u00f3ttir og G\u00edsli Bj\u00f6rn Heimisson.<span class=\"Apple-converted-space\">\u00a0<\/span><\/p>\n<p>Sk\u00f3lanefndin ber sem fyrr h\u00f6fu\u00f0\u00e1byrg\u00f0 \u00e1 a\u00f0 skipuleggja starf leiklistarsk\u00f3la Bandalagsins og fundar reglulega allt \u00e1ri\u00f0. \u00c9g nota \u00feetta t\u00e6kif\u00e6ri til a\u00f0 \u00feakka k\u00e6rlega \u00f6llu samnefndarf\u00f3lki m\u00ednu og framkv\u00e6mdarstj\u00f3ra B\u00cdL fyrir metna\u00f0arfullt og skemmtilegt samstarf.<span class=\"Apple-converted-space\">\u00a0<\/span><\/p>\n<p>Leiklistarsk\u00f3li Bandalagsins var settur \u00ed 23. sinn \u00feann 8. j\u00fan\u00ed 2019 a\u00f0 Reykjum \u00ed Hr\u00fatafir\u00f0i. Sk\u00f3lann \u00e1ri\u00f0 2019 s\u00f3ttu alls 46 nemendur.<span class=\"Apple-converted-space\">\u00a0<\/span><\/p>\n<p>N\u00e1mskei\u00f0in voru:<span class=\"Apple-converted-space\">\u00a0<\/span><\/p>\n<ol>\n<li>Leiklist I &#8211; kennari A\u00f0albj\u00f6rg \u00c1rnad\u00f3ttir.<span class=\"Apple-converted-space\">\u00a0<\/span><\/li>\n<li>Leikritun II &#8211; kennari \u00c1rni Kristj\u00e1nsson.<span class=\"Apple-converted-space\">\u00a0<\/span><\/li>\n<li>S\u00e9rn\u00e1mskei\u00f0 fyrir leikara &#8211; kennari R\u00fanar Gu\u00f0brandsson.<span class=\"Apple-converted-space\">\u00a0<\/span><\/li>\n<\/ol>\n<p>\u00de\u00e1 fengum vi\u00f0 g\u00f3\u00f0an h\u00f3p h\u00f6funda \u00ed heims\u00f3kn. Ni\u00f0urst\u00f6\u00f0ur vi\u00f0horfsk\u00f6nnunar bentu til \u00e1n\u00e6gju me\u00f0 sk\u00f3lastarfi\u00f0.<span class=\"Apple-converted-space\">\u00a0<\/span><\/p>\n<p>\u00c1ri\u00f0 2020 var r\u00e1\u00f0gert a\u00f0 bj\u00f3\u00f0a upp \u00e1 fj\u00f6gur fj\u00f6lbreytt n\u00e1mskei\u00f0:<span class=\"Apple-converted-space\">\u00a0<\/span><\/p>\n<ol>\n<li>Leiklist II &#8211; kennari Hannes \u00d3li \u00c1g\u00fastsson.<span class=\"Apple-converted-space\">\u00a0<\/span><\/li>\n<li>Bak vi\u00f0 tj\u00f6ldin II &#8211; kennarar Eva Bj\u00f6rg Har\u00f0ard\u00f3ttur og Ingvar Gu\u00f0ni Brynj\u00f3lfsson.<span class=\"Apple-converted-space\">\u00a0<\/span><\/li>\n<li>Leikstj\u00f3rn I &#8211; kennari \u00c1rni Kristj\u00e1nsson.<span class=\"Apple-converted-space\">\u00a0<\/span><\/li>\n<li>S\u00e9rn\u00e1mskei\u00f0 um leikarann sem skapandi listamann &#8211; kennari R\u00fanar Gu\u00f0brandsson.<span class=\"Apple-converted-space\">\u00a0<\/span><\/li>\n<\/ol>\n<p>Vegna Covid-19 var tekin s\u00fa erfi\u00f0a \u00e1kv\u00f6r\u00f0un a\u00f0 fella ni\u00f0ur sumarsk\u00f3lann \u00e1ri\u00f0 2020. Stefnt er a\u00f0 \u00fev\u00ed a\u00f0 bj\u00f3\u00f0a ofangreind n\u00e1mskei\u00f0 \u00ed j\u00fan\u00ed 2021. R\u00e9tt er a\u00f0 geta \u00feess a\u00f0 \u00e1 haustm\u00e1nu\u00f0um 2020 h\u00f3fst \u00e1n\u00e6gjulegt samstarf vi\u00f0 \u00dej\u00f3\u00f0leikh\u00fasi\u00f0 um n\u00e1mskei\u00f0ahald. Vi\u00f0 hl\u00f6kkum til a\u00f0 segja n\u00e1nar fr\u00e1 \u00fev\u00ed \u00ed sk\u00fdrslu um yfirstandandi sk\u00f3la\u00e1r \u00e1 n\u00e6sta a\u00f0alfundi. Segi \u00e9g \u00fe\u00e1 loki\u00f0 sk\u00fdrslu sk\u00f3lanefndar.<span class=\"Apple-converted-space\">\u00a0<\/span><\/p>\n<p>Takk fyrir!<\/p>\n<ol start=\"10\">\n<li>Dr\u00f6g a\u00f0 starfs\u00e1\u00e6tlun n\u00e6sta \u00e1rs kynnt og skipa\u00f0 \u00ed starfsh\u00f3pa.<span class=\"Apple-converted-space\">\u00a0<\/span><\/li>\n<\/ol>\n<p>Vilborg st\u00edgur \u00ed pontu og kynnir \u00d3l\u00f6fu \u00ed pontu.<\/p>\n<p>\u00d3l\u00f6f leggur til a\u00f0 starfs\u00e1\u00e6tlun ver\u00f0i \u00f3breytt fr\u00e1 s\u00ed\u00f0asta \u00e1ri.<\/p>\n<p>Vilborg spyr hvort eigi a\u00f0 skipa \u00ed h\u00f3pa, H\u00f6r\u00f0ur svar a\u00f0 stj\u00f3rn hafi ekki \u00e6tla\u00f0 a\u00f0 skipa \u00ed h\u00f3pa \u00ed \u00feetta skipti en h\u00e6gt s\u00e9 a\u00f0 koma me\u00f0 till\u00f6gur undir li\u00f0 14.<\/p>\n<p>Gu\u00f0finna st\u00edgur \u00ed pontu og \u00fatsk\u00fdrir a\u00f0 vegna fjarl\u00e6g\u00f0artakmarkana hafi veri\u00f0 \u00e1kve\u00f0i\u00f0 a\u00f0 hafa ekki h\u00f3pastarf \u00ed \u00feetta skipti\u00f0.<\/p>\n<ol start=\"11\">\n<li>Kj\u00f6rnefnd tilkynnir ni\u00f0urst\u00f6\u00f0ur s\u00ednar og m\u00e6lir me\u00f0 a.m.k. 1 a\u00f0ila \u00ed hvert s\u00e6ti sem kj\u00f3sa skal \u00ed.<span class=\"Apple-converted-space\">\u00a0<\/span><\/li>\n<\/ol>\n<p>D\u00fdrleif st\u00edgur \u00ed pontu og segir fr\u00e1 a\u00f0 \u00fea\u00f0 \u00feurfi a\u00f0 kj\u00f3sa \u00ed \u00ferj\u00fa s\u00e6ti \u00ed a\u00f0alstj\u00f3rn. Anna Mar\u00eda og \u00d3l\u00f6f gefa kost \u00e1 s\u00e9r \u00e1fram en \u00der\u00e1inn gefur ekki kost \u00e1 s\u00e9r \u00e1fram.<\/p>\n<p>Anna Margr\u00e9t gefur kost \u00e1 s\u00e9r \u00ed varastj\u00f3rn og J\u00f3nhei\u00f0ur gefur kost \u00e1 s\u00e9r a\u00f0alstj\u00f3rn.<\/p>\n<ol start=\"12\">\n<li>Lagabreytingar.<span class=\"Apple-converted-space\">\u00a0<\/span><\/li>\n<\/ol>\n<p>Vilborg st\u00edgur \u00ed pontu og segir fr\u00e1 \u00fev\u00ed a\u00f0 engar lagabreytingar liggji fyrir fundi \u00ed \u00e1r.<\/p>\n<ol start=\"13\">\n<li>Till\u00f6gur lag\u00f0ar fyrir fundinn &#8211; b<\/li>\n<\/ol>\n<p>Vilborg ber upp \u201cVerklagsreglur Bandalags \u00edslenskra leikf\u00e9laga (Bandalagsins) um vi\u00f0br\u00f6g\u00f0 vi\u00f0 kynbundinni og kynfer\u00f0islegri \u00e1reitni og ofbeldi \u00ed leiklistarstarfi.\u201d \u00de\u00e6r eru sam\u00feykktar me\u00f0 \u00f6llum atkv\u00e6\u00f0um.<\/p>\n<p>H\u00f6r\u00f0ur st\u00edgur \u00ed pontu og talar um a\u00f0 upp hafi komi\u00f0 spurningar um \u00fea\u00f0 hvort f\u00f3lk geti s\u00f3tt fundinn og greitt atkv\u00e6\u00f0i rafr\u00e6nt. \u00dea\u00f0 \u00fearf a\u00f0 r\u00e6\u00f0a breytt fyrirkomulag \u00e1 a\u00f0alfundum og hvort megi grei\u00f0a atkv\u00e6\u00f0i rafr\u00e6nt. Vi\u00f0 \u00fea\u00f0 a\u00f0 breyta fyrirkomulagi og \u00fe\u00f3 \u00fea\u00f0 geti veri\u00f0 kostir vi\u00f0 fjarfundi \u00fe\u00e1 \u00f3ttast hann \u00fea\u00f0 a\u00f0 f\u00e9l\u00f6g g\u00e6tu h\u00e6tt \u00fev\u00ed a\u00f0 a\u00f0 m\u00e6ta \u00ed holdinu og vi\u00f0 myndum \u00fe\u00e1 glata \u00fev\u00ed a\u00f0 hittast og vera saman \u00ed eigin pers\u00f3nu.<br \/>\nVi\u00f0 \u00feurfum \u00e1 \u00feessum tengslum a\u00f0 halda. M\u00f6gulega \u00e1st\u00e6\u00f0a til a\u00f0 beina \u00fev\u00ed til stj\u00f3rnar a\u00f0 r\u00e6\u00f0a \u00feessa \u00fe\u00f6rf \u00e1 breytingum og \u00e1kve\u00f0a hva\u00f0 \u00e1 a\u00f0 gera.<\/p>\n<p>Inga spyr hvort vi\u00f0 eigum t\u00f6lfr\u00e6\u00f0i yfir m\u00e6tingu \u00e1 \u00feingin s\u00ed\u00f0ustu \u00e1r.<\/p>\n<p>H\u00f6r\u00f0ur svara a\u00f0 \u00fev\u00ed a\u00f0 \u00feetta s\u00e9 allt til en ekki b\u00fai\u00f0 a\u00f0 taka \u00fea\u00f0 formlega saman. H\u00f6r\u00f0ur og Vilborg svara \u00fev\u00ed a\u00f0 \u00fea\u00f0 s\u00e9u yfirleitt fulltr\u00faar fr\u00e1 17-20 f\u00e9l\u00f6gum sem m\u00e6ta \u00e1 Bandalags\u00feing.<\/p>\n<p>Ingveldur talar a\u00f0 \u00fea\u00f0 beina \u00fev\u00ed til stj\u00f3rnar a\u00f0 r\u00e6\u00f0a um mikilv\u00e6gi \u00feess a\u00f0 \u00f6rva \u00fe\u00e1ttt\u00f6ku hj\u00e1 f\u00e9l\u00f6gum sem hafa ekki veri\u00f0 a\u00f0 m\u00e6ta og ef \u00fea\u00f0 v\u00e6ri streymi, ekki bara fr\u00e1 formlegum fundi heldur l\u00edka fr\u00e1 f\u00e9lagslega \u00fe\u00e6ttinum \u00feannig a\u00f0 f\u00f3lk \u00e1tti sig \u00e1 \u00fev\u00ed af hverju \u00fea\u00f0 er a\u00f0 missa.<\/p>\n<p>\u00deetta g\u00e6ti haft \u00f6rvandi \u00e1hrif \u00feannig a\u00f0 f\u00f3lk \u00e1tti sig hva\u00f0 fer fram \u00e1 Bandalags\u00feingi.<\/p>\n<p>H\u00f6r\u00f0ur l\u00fdsir yfir \u00e1n\u00e6gju sinni yfir \u00fev\u00ed a\u00f0 a\u00f0 Leikf\u00e9lag Sau\u00f0\u00e1rkr\u00f3ks hafi sent fulltr\u00faa \u00e1 \u00feingi\u00f0 \u00fev\u00ed yfirleitt skarast \u00fea\u00f0 vi\u00f0 S\u00e6luvikuna \u00feeirra.<\/p>\n<p>Sigurlaug segir fr\u00e1 \u00fev\u00ed a\u00f0 \u00feau viti alveg af hverju \u00feau eru a\u00f0 missa en \u00feau frums\u00fdna alltaf helgina fyrir Bandalags\u00feing. \u00deau hafa alltaf gefi\u00f0 haust\u00feingi sitt atkv\u00e6\u00f0i og g\u00e6tu m\u00f6gulega fylgst me\u00f0 streymi \u00feessa helgi ef \u00fea\u00f0 v\u00e6ri \u00ed bo\u00f0i en myndu samt ekki vilja sleppa \u00fev\u00ed a\u00f0 koma ef \u00feau g\u00e6tu.<\/p>\n<p>Gu\u00f0finna st\u00edgur \u00ed pontu og talar um \u00fea\u00f0 \u00e1 IATA \u00feingi hafi veri\u00f0 bo\u00f0i\u00f0 upp \u00e1 proxy atkv\u00e6\u00f0i. \u00de.e. a\u00f0 fulltr\u00fai f\u00e9lags sem m\u00e6tir \u00e1 fundinn fari me\u00f0 atkv\u00e6\u00f0i fyrir anna\u00f0 f\u00e9lag. \u00deetta er \u00ed l\u00f6gum IATA og ef vi\u00f0 \u00e6tlu\u00f0um a\u00f0 n\u00fdta okkur proxy atkv\u00e6\u00f0i \u00fe\u00e1 \u00feyrftum vi\u00f0 a\u00f0 breyta l\u00f6gunum okkar. Stj\u00f3rn mun sko\u00f0a \u00fea\u00f0 hva\u00f0 \u00fearf a\u00f0 gerast til a\u00f0 anna\u00f0 hvort s\u00e9 h\u00e6gt a\u00f0 grei\u00f0a atkv\u00e6\u00f0i rafr\u00e6nt e\u00f0a vera me\u00f0 proxy atkv\u00e6\u00f0i og streymi.<\/p>\n<p>Vilborg st\u00edgur aftur \u00ed pontu og stingur upp \u00e1 samin s\u00e9 tillaga um a\u00f0 stj\u00f3rn taki \u00feetta upp \u00e1 n\u00e6sta starfs\u00e1ri e\u00f0a a\u00f0 b\u00e6ta \u00feessu vi\u00f0 starfs\u00e1\u00e6tlun.<\/p>\n<p>\u00d3l\u00f6f bendir \u00e1 a\u00f0 \u00feetta s\u00e9 tillaga og bendir einnig fundarm\u00f6nnum \u00e1 \u00fea\u00f0 a\u00f0 vera formleg og muna eftir a\u00f0 \u00e1varpa fundarstj\u00f3ra.<\/p>\n<p>Vilborg \u00feakkar fyrir \u00fea\u00f0 og stingur upp \u00e1 a\u00f0 vi\u00f0 t\u00f6kum matarhl\u00e9 \u00ed 20 m\u00edn\u00fatur.<\/p>\n<p>Matarhl\u00e9<\/p>\n<p>Gu\u00f0finna st\u00edgur \u00ed pontu og leggur till\u00f6gu fyrir fundinn.<\/p>\n<p>\u201cA\u00f0alfundur B\u00cdL, haldinn \u00ed K\u00f3pavogi 19. september leggur til a\u00f0 stj\u00f3rn sko\u00f0i hvort breyta eigi l\u00f6gum til a\u00f0 opna fyrir rafr\u00e6na \u00fe\u00e1ttt\u00f6ku og atkv\u00e6\u00f0agrei\u00f0slu \u00e1 a\u00f0alfundum B\u00cdL.\u201d<\/p>\n<p>Vilborg st\u00edgur \u00ed pontu og gengi\u00f0 er til atkv\u00e6\u00f0agrei\u00f0slu um till\u00f6guna og er h\u00fan sam\u00feykkt samhlj\u00f3\u00f0a.<\/p>\n<ol start=\"14\">\n<li>Starfs\u00e1\u00e6tlun afgreidd.<span class=\"Apple-converted-space\">\u00a0<\/span><\/li>\n<\/ol>\n<p>Vilborg bi\u00f0ur fund a\u00f0 ganga til atv\u00e6\u00f0a um starfs\u00e1\u00e6tlun.<\/p>\n<p>Gu\u00f0finna kemur me\u00f0 breytingatill\u00f6gu a\u00f0 starfs\u00e1\u00e6tlum um a\u00f0 halda \u00e1fram upp \u00e1 70 \u00e1ra afm\u00e6li.<\/p>\n<p>Starfs\u00e1\u00e6tlun er sam\u00feykkt me\u00f0 breytingu me\u00f0 \u00f6llum atkv\u00e6\u00f0um<span class=\"Apple-converted-space\">\u00a0<\/span><\/p>\n<ol start=\"15\">\n<li>Stj\u00f3rnarkj\u00f6r.<span class=\"Apple-converted-space\">\u00a0<\/span><\/li>\n<\/ol>\n<p>D\u00fdrleif st\u00edgur \u00ed pontu og kynnir \u00fe\u00e1 sem hafa bo\u00f0i\u00f0 sig fram \u00ed a\u00f0alstj\u00f3rn, kj\u00f3sa \u00fearf \u00ed \u00ferj\u00fa s\u00e6ti, \u00d3l\u00f6f \u00de\u00f3r\u00f0ard\u00f3ttir (Leikf\u00e9laga Mosfellsb\u00e6jar) og Anna Mar\u00eda Hj\u00e1lmarsd\u00f3ttir (Freyvangsleikh\u00fasinu) gefa kost \u00e1 s\u00e9r \u00e1fram og J\u00f3nhei\u00f0ur \u00cdsleifsd\u00f3ttir (Leikf\u00e9lagi Selfoss) gefur einnig kost \u00e1 s\u00e9r \u00ed a\u00f0alstj\u00f3rn.<\/p>\n<p>\u00de\u00e6r eru kj\u00f6rnar \u00ed stj\u00f3rn me\u00f0 l\u00f3faklappi.<\/p>\n<p>\u00cd varastj\u00f3rn \u00fearf a\u00f0 kj\u00f3sa tvo til tveggja \u00e1ra og einn til eins \u00e1rs. Fj\u00f3rir eru \u00ed frambo\u00f0i til varastj\u00f3rnar Sigr\u00ed\u00f0ur Hafsteinsd\u00f3ttir (Leikf\u00e9lagi Selfoss), Magn\u00fe\u00f3ra Kristj\u00e1nsd\u00f3ttir (Leikf\u00e9lagi \u00d6lfuss), Anna Margr\u00e9t P\u00e1lsd\u00f3ttir (Leikf\u00e9lagi K\u00f3pavogs) og \u00de\u00f3rfr\u00ed\u00f0ur \u00de\u00f3rarinsd\u00f3ttir (Leikf\u00e9lagi Nor\u00f0fjar\u00f0ar).<\/p>\n<p>Frambj\u00f3\u00f0endur kynna sig og H\u00f6r\u00f0ur flytur frambo\u00f0sr\u00e6\u00f0u \u00de\u00f3rfr\u00ed\u00f0ar \u00fear sem h\u00fan er ekki \u00e1 sta\u00f0num.<\/p>\n<p>Kosningase\u00f0lum er \u00fatdeilt til 12 atv\u00e6\u00f0isb\u00e6rra \u00fe\u00e1tttakenda og safna\u00f0 aftur af kj\u00f6rnefnd.<\/p>\n<p>Atkv\u00e6\u00f0i eru lesin upp og talin af formanni og fundarstj\u00f3ra.<\/p>\n<p>Umr\u00e6\u00f0a um hvort \u00fea\u00f0 eigi a\u00f0 \u00f3gilda se\u00f0la sem eru ekki me\u00f0 r\u00e9ttum n\u00f6fnum. Bori\u00f0 undir fund hvort H\u00f3lmfr\u00ed\u00f0ur gildi sem \u00de\u00f3rfr\u00ed\u00f0ur og Anna Mar\u00eda sem Anna Margr\u00e9t.<span class=\"Apple-converted-space\">\u00a0<\/span><\/p>\n<p>Tali\u00f0 ver\u00f0ur \u00e1n se\u00f0la me\u00f0 r\u00f6ngum n\u00f6fnum og \u00e1kve\u00f0i\u00f0 a\u00f0 sko\u00f0a \u00ed lokin hvort \u00feeir hafa \u00e1hrif \u00e1 ni\u00f0urst\u00f6\u00f0ur.<\/p>\n<p>Kj\u00f6rnefnd fer afs\u00ed\u00f0is til a\u00f0 r\u00e6\u00f0a m\u00e1li\u00f0 og hefur \u00e1kve\u00f0i\u00f0 a\u00f0 atkv\u00e6\u00f0in s\u00e9u gild.<\/p>\n<p>Talning er kl\u00e1ru\u00f0.<\/p>\n<p>Ni\u00f0ursta\u00f0an er:<\/p>\n<p>Anna Margr\u00e9t &#8211; 7 atkv\u00e6\u00f0i &#8211; kosin til eins \u00e1rs \u00ed sta\u00f0 J\u00f3nhei\u00f0ar sem var \u00ed varastj\u00f3rn og \u00e1tti eitt \u00e1r eftir en var kosin \u00ed a\u00f0alstj\u00f3rn<\/p>\n<p>Sigr\u00ed\u00f0ur &#8211; 6 atkv\u00e6\u00f0i &#8211; ekki endurkj\u00f6rin \u00ed varastj\u00f3rn<\/p>\n<p>\u00de\u00f3rfr\u00ed\u00f0ur &#8211; 12 atkv\u00e6\u00f0i &#8211; kosin til tveggja \u00e1ra<\/p>\n<p>Magn\u00fe\u00f3ra &#8211; 11 atkv\u00e6\u00f0i &#8211; kosin til tveggja \u00e1ra<\/p>\n<ol>\n<li>Kosning 3ja manna kj\u00f6rnefndar og eins varamanns til eins \u00e1rs.<\/li>\n<\/ol>\n<p>Kj\u00f6rnefnd er endurkj\u00f6rin, D\u00fdrleif, Ger\u00f0ur og Sigga L\u00e1ra og Axel Vatnsdal til vara.<\/p>\n<ol start=\"2\">\n<li>Kosning 2ja sko\u00f0unarmanna reikninga og einn til vara til eins \u00e1rs.<span class=\"Apple-converted-space\">\u00a0<\/span><\/li>\n<\/ol>\n<p>D\u00fdrleif og Oddfreyja gefa \u00e1fram kost \u00e1 s\u00e9r sem sko\u00f0unarmenn reikninga og varama\u00f0ur er<span class=\"Apple-converted-space\">\u00a0 <\/span>\u00c1sgeir Hv\u00edtask\u00e1ld.<\/p>\n<ol start=\"16\">\n<li>\u00c1kve\u00f0i\u00f0 \u00e1rgjald til Bandalagsins.<span class=\"Apple-converted-space\">\u00a0<\/span><\/li>\n<\/ol>\n<p>G\u00edsli st\u00edgur \u00ed pontu og leggur til a\u00f0 \u00e1gj\u00f6ld Bandalagsins ver\u00f0i eftirfarandi:<span class=\"Apple-converted-space\">\u00a0<\/span><\/p>\n<p>Tillaga stj\u00f3rnar a\u00f0 \u00e1rgjaldi leik\u00e1ri\u00f0 2020-2021<\/p>\n<p>Stj\u00f3rn Bandalags \u00edslenskra leikf\u00e9laga leggur til a\u00f0 \u00e1rgj\u00f6ld a\u00f0ildarf\u00e9laga fyrir leik\u00e1ri\u00f0 2020-2021 ver\u00f0i kr. 82.000.<\/p>\n<p>F\u00e9l\u00f6g sem setja upp tv\u00e6r styrkh\u00e6far s\u00fdningar \u00e1 leik\u00e1rinu borgi eitt og h\u00e1lft gjald e\u00f0a kr.123.000 og f\u00e9l\u00f6g sem setja upp \u00ferj\u00e1r s\u00fdningar e\u00f0a fleiri borgi tv\u00f6falt gjald e\u00f0a kr. 164.000.<\/p>\n<p>F\u00e9l\u00f6g sem setja ekki upp styrkh\u00e6fa s\u00fdningu \u00e1 leik\u00e1rinu borgi h\u00e1lft \u00e1rgjald e\u00f0a kr. 41.000.<\/p>\n<p>G\u00edsli \u00fatsk\u00fdr\u00f0i a\u00f0 h\u00e6kkunin v\u00e6ri \u00ed samr\u00e6mi vi\u00f0 launav\u00edsit\u00f6lu milli \u00e1ranna 2020-2021 e\u00f0a 8,77%.<\/p>\n<p>Gengi\u00f0 er til atkv\u00e6\u00f0a um till\u00f6gu stj\u00f3rnar um \u00e1rgjald og h\u00fan sam\u00feykkt samhlj\u00f3\u00f0a.<\/p>\n<ol start=\"17\">\n<li>\u00d6nnur m\u00e1l<span class=\"Apple-converted-space\">\u00a0<\/span><\/li>\n<\/ol>\n<p>Gu\u00f0finna kemur \u00ed pontu og r\u00e6\u00f0ir um a\u00f0 venjulega hefur \u00e1kv\u00f6r\u00f0un um a\u00f0 taka hluta af styrk til leikf\u00e9laganna til reksturs \u00fej\u00f3nustumi\u00f0st\u00f6\u00f0var veri\u00f0 borin undir a\u00f0alfund en vegna frestunar a\u00f0alfundar var \u00feessi \u00e1kv\u00f6r\u00f0un tekin af stj\u00f3rn og voru teknar 1.750.000 kr. af verkefnastyrknum. \u00deetta er gert til a\u00f0 l\u00e9tta undir rekstur \u00fej\u00f3nustumi\u00f0st\u00f6\u00f0var.<\/p>\n<p>J\u00f3nhei\u00f0ur st\u00edgur \u00ed pontu og \u00feakkar fyrir kj\u00f6r \u00ed a\u00f0alstj\u00f3rn. H\u00fan hlakkar til samstarfsins me\u00f0 stj\u00f3rn og framkv\u00e6mdarstj\u00f3ra Bandalagsins.<\/p>\n<p>Sigr\u00ed\u00f0ur st\u00edgur \u00ed pontu og \u00feakkar fyrir samstarf og \u00f3skar n\u00fd kj\u00f6rnum stj\u00f3rnar og varastj\u00f3rnarkonum til hamingju.<\/p>\n<p>\u00de\u00f3rfr\u00ed\u00f0ur st\u00edgur rafr\u00e6nt \u00ed pontu me\u00f0 a\u00f0sto\u00f0 Har\u00f0ar og \u00feakkar fyrir sig.<\/p>\n<p>\u00d3l\u00f6f st\u00edgur \u00ed pontu og talar um Leikf\u00e9lag Mosfellsb\u00e6jar. \u00deau stefna \u00e1 a\u00f0 frums\u00fdna Stuart litla \u00ed Okt\u00f3ber og barnastarfi\u00f0 er \u00ed fullum gangi.<\/p>\n<p>Vilborg b\u00ed\u00f0ur fulltr\u00faum leikf\u00e9laga a\u00f0 st\u00edga \u00ed pontu og kynna starf sitt.<\/p>\n<p>Anna Margr\u00e9t forma\u00f0ur Leikf\u00e9lags K\u00f3pavogs talar um a\u00f0 h\u00e6tt hafi veri\u00f0 vi\u00f0 a\u00f0 taka Fjalli\u00f0 upp aftur \u00ed haust en m\u00f6gulega ver\u00f0ur \u00fea\u00f0 gert eftir \u00e1ram\u00f3t. Barnastarf er \u00ed gangi \u00ed samstarfi vi\u00f0 Leynileikh\u00fasi\u00f0. Stefnt er a\u00f0 fullor\u00f0insn\u00e1mskei\u00f0i \u00ed haust sem H\u00f6r\u00f0ur mun sj\u00e1 um.<\/p>\n<p>Valdimar fr\u00e1 Leikf\u00e9lagi Hverager\u00f0is st\u00edgur \u00ed pontu og talar um a\u00f0 \u00feau langi til a\u00f0 gera eitthva\u00f0 \u00ed haust en \u00fea\u00f0 hefur ekki veri\u00f0 \u00e1kve\u00f0i\u00f0 hva\u00f0 \u00fea\u00f0 ver\u00f0ur. Barnastarf er \u00ed gangi \u00ed samstarfi vi\u00f0 Leynileikh\u00fasi\u00f0 og spunan\u00e1mskei\u00f0 \u00e1 d\u00f6finni.<\/p>\n<p>Ingveldur L\u00e1ra fr\u00e1 Leikf\u00e9lagi Hafnarfjar\u00f0ar talar um a\u00f0 \u00feau hafi fengi\u00f0 endurn\u00fdja\u00f0an samning um h\u00fasn\u00e6\u00f0i \u00ed Kapellu gamla Skt J\u00f3sepssp\u00edtala til eins \u00e1rs + heitt vatn og auka salerni, komin me\u00f0 starfsleyfi. Ekki gekk a\u00f0 \u00e6fa Fer\u00f0ama\u00f0ur deyr \u00e1 netinu. Voru me\u00f0 nokkur fjarverk s\u00ed\u00f0asta vetur. Eru b\u00fain a\u00f0 setja af sta\u00f0 h\u00f6fundasmi\u00f0ju einu sinni \u00ed viku og opin h\u00fas. Undirb\u00faningur a\u00f0 \u201chinu vikulega\u201d er hafinn. LH \u00e6tlar a\u00f0 taka upp \u00e6fingar af fer\u00f0amanninum en m\u00f6gulega ekki fyrr en \u00ed vor. \u00c6tla a\u00f0 setja \u00e1 dagskr\u00e1 n\u00e1mskei\u00f0 fyrir eldri borgara, h\u00f6fundan\u00e1mskei\u00f0 og j\u00f3la\u00e6vint\u00fdri \u00ed Hellisger\u00f0i. Ekki skipulagt barna e\u00f0a unglingastarf. Eru a\u00f0 byggja upp eftir heimilisleysi &#8211; g\u00e1maleikh\u00fas ekki v\u00e6nlegt.<span class=\"Apple-converted-space\">\u00a0<\/span><\/p>\n<p>\u00de\u00f3rarinn fr\u00e1 Hugleik segir fr\u00e1 \u00fev\u00ed a\u00f0 \u00feau n\u00e1\u00f0u a\u00f0 s\u00fdna og n\u00f3v og des. \u00d3peru samstarfs verkefni var fresta\u00f0 fr\u00e1 \u00ed vor fram \u00e1 haust og hefur veri\u00f0 fresta\u00f0 aftur. S\u00fdningarh\u00fasn\u00e6\u00f0i\u00f0 sem \u00feau voru me\u00f0 fyrir \u00e1ram\u00f3t var breytt \u00ed geymslu. Leikaran\u00e1mskei\u00f0 \u00ed \u00e6fingah\u00fasn\u00e6\u00f0i<span class=\"Apple-converted-space\">\u00a0 <\/span>og stuttverka dagskr\u00e1r. Grasr\u00f3tarstarf \u00ed gangi fyrst ekki er h\u00e6gt a\u00f0 \u00e6fa n\u00fdtt verk.<\/p>\n<p>Sigr\u00ed\u00f0ur fr\u00e1 Leikf\u00e9lagi Selfoss segir fr\u00e1 \u00fev\u00ed a\u00f0 \u00feau frums\u00fdndu Dj\u00f6flaeyjuna \u00ed vetur og s\u00fdndu \u00ferj\u00e1r s\u00fdningar. Fyrirhuga\u00f0 a\u00f0 hefja \u00e6fingar aftur \u00e1 m\u00e1nudaginn en \u00f3vissa vegna n\u00fdjustu fr\u00e9tta. Stefnt er \u00e1 n\u00e1mskei\u00f0 \u00ed vor. \u00dea\u00f0 voru sumarn\u00e1mskei\u00f0 fyrri b\u00f6rn \u00ed fyrra sumar og stefnt \u00e1 a\u00f0 halda \u00e1fram me\u00f0 \u00feau. \u00ddmsir fastir li\u00f0ir \u00e1 plani ef h\u00e6gt er. Fer eftir st\u00f6\u00f0unni.<span class=\"Apple-converted-space\">\u00a0<\/span><\/p>\n<p>Anna Mar\u00eda fr\u00e1 Freyvangsleikh\u00fasinu segir fr\u00e1 \u00fev\u00ed a\u00f0 \u00feau s\u00fdndu 9 s\u00fdningar af Dagb\u00f3k \u00d6nnu Frank. \u00dea\u00f0 kenndi henni a\u00f0 t\u00e6kla \u00e1standi\u00f0. Plani\u00f0 var a\u00f0 byrja a\u00f0 s\u00fdna aftur \u00feessa helgi e\u00f0a \u00e6fa \u00e1 m\u00e1nudaginn.<span class=\"Apple-converted-space\">\u00a0<\/span><\/p>\n<p>\u00c1g\u00fast fr\u00e1 Leikf\u00e9lagi H\u00f3lmav\u00edkur segir fr\u00e1 \u00fev\u00ed a\u00f0 \u00feau s\u00fdndu tv\u00e6r s\u00fdningar af leikger\u00f0 af Stellu \u00ed Orlofi, \u00e6tlu\u00f0u a\u00f0 taka upp aftur me\u00f0 haustinu, en Covid stoppa\u00f0i \u00fea\u00f0.<\/p>\n<p>Gu\u00f0r\u00ed\u00f0ur hj\u00e1 Halaleikh\u00f3pnum segir fr\u00e1 \u00fev\u00ed a\u00f0 \u00feau hafi lent \u00ed s\u00f6mu vandr\u00e6\u00f0um og a\u00f0rir. Eru b\u00fain a\u00f0 r\u00e1\u00f0a Sigr\u00fanu Valbergs til a\u00f0 leikst\u00fdra tveimur ein\u00fe\u00e1ttungum, Gular baunar og Aldrei fer \u00e9g su\u00f0ur, \u00feau byrja \u00ed n\u00f3vember og s\u00fdna \u00ed kj\u00f6lfari\u00f0.<\/p>\n<p>Sigurlaug hj\u00e1 Sau\u00f0\u00e1rkr\u00f3ki segir fr\u00e1 \u00fev\u00ed a\u00f0 \u00feau hafi veri\u00f0 me\u00f0 tv\u00e6r s\u00fdningar \u00e1 \u00e1ri barnas\u00fdning a\u00f0 hausti og farsa \u00e1 vori. Voru byrju\u00f0 a\u00f0 \u00e6fa en \u00feurftu a\u00f0 h\u00e6tta.<span class=\"Apple-converted-space\">\u00a0 <\/span>Stefna \u00f3trau\u00f0 \u00e1 vori\u00f0 2021. N\u00fdta hausti\u00f0 til a\u00f0 vera me\u00f0 l\u00edti\u00f0 verk \u00ed barnastarfi\u00f0. F\u00f3ru til sveitarstj\u00f3ra og hann var\u00f0 vi\u00f0 \u00f3sk \u00feeirra um n\u00fdtt h\u00fasn\u00e6\u00f0i. \u00deau eru a\u00f0 standsetja \u00fea\u00f0 \u00ed covid \u00e1standinu.<\/p>\n<p>\u00c1rmann hj\u00e1 S\u00fdnum.<span class=\"Apple-converted-space\">\u00a0 <\/span>S\u00fdnir var ekki virkt seinasta vetur. Ekkert s\u00e9rstakt \u00ed pl\u00f6nunum. \u00deegar \u00f6nnur leikf\u00e9l\u00f6g eru \u00ed lamasessi, smitast \u00fea\u00f0 \u00ed leikf\u00e9lagi\u00f0 S\u00fdnir.<\/p>\n<p>H\u00f6r\u00f0ur Sigur\u00f0arson. Hann hef\u00f0i kosi\u00f0 a\u00f0 f\u00e9l\u00f6g sem voru a\u00f0 kynna s\u00edna starfsemi h\u00e9r \u00e1 fundinum sendi s\u00e9r einmitt \u00feessar fr\u00e9ttir til hans me\u00f0 g\u00f3\u00f0um myndum af andlitum til a\u00f0 setja \u00e1 vefinn til a\u00f0 kynna starfsemi leikf\u00e9laganna. Hann stikla\u00f0i \u00e1 st\u00f3ru me\u00f0 \u00fdmsa hluti. H\u00e6gt er a\u00f0 f\u00e1 a\u00f0gang a\u00f0 B\u00cdL a\u00f0gangi Vimeo, \u00fear er t\u00f6luvert miki\u00f0 geymslupl\u00e1ss, fyrir \u00f6ll leikf\u00e9l\u00f6g n\u00e6stu 7-9 \u00e1r.<\/p>\n<p>H\u00f6r\u00f0ur skila\u00f0i kve\u00f0ju til fundarins fr\u00e1 Sigr\u00fanu Valbergsd\u00f3ttur.<\/p>\n<p>Miklar breytingar ur\u00f0u \u00e1 vefnum \u00feennan vetur. Vi\u00f0 vorum komin \u00ed \u00f3efni me\u00f0 vefinn, hann var ekki a\u00f0 virka og n\u00fana er komin grei\u00f0slug\u00e1tt \u00e1 leikh\u00fasb\u00fa\u00f0inni \u00e1 vefnum. H\u00f6r\u00f0ur er farinn a\u00f0 setja inn kennslumyndb\u00f6nd \u00e1 \u00fdmsum v\u00f6rum \u00e1 vefinn. Hann hvatti f\u00f3lk til a\u00f0 k\u00edkja \u00e1 \u00fea\u00f0.<\/p>\n<p>Haldinn ver\u00f0ur a\u00f0alfundur 2021, leiklistarh\u00e1t\u00ed\u00f0 ver\u00f0ur haldin \u00ed tengslum vi\u00f0 \u00fea\u00f0 og lag\u00f0i hann til a\u00f0 f\u00f3lk f\u00e6ri strax a\u00f0 hugsa um hva\u00f0 \u00feau \u00e6tli a\u00f0 senda \u00feanga\u00f0, finna g\u00f3\u00f0an \u00fe\u00e1tt e\u00f0a \u00fe\u00e6tti og koma me\u00f0 \u00e1 a\u00f0alfund n\u00e6sta vor.<\/p>\n<p>H\u00f6r\u00f0ur vill opna \u00e1 vefnum leik\u00e6fingabanka. Gagnabanki me\u00f0 leiklistar\u00e6fingum sem h\u00e6gt er a\u00f0 leita \u00ed me\u00f0 \u00fdmsum h\u00e6tti. S\u00f3tt var um styrk fyrir hann hj\u00e1 Rann\u00eds en \u00fev\u00ed var hafna\u00f0. Hugmyndin er a\u00f0 \u00feegar hann er opna\u00f0ur, \u00fe\u00e1 geti sk\u00f3lar og a\u00f0rir h\u00f3par keypt s\u00e9r \u00e1skrift og \u00feannig skapa\u00f0 tekjur fyrir Bandalagi\u00f0 reglulega. Gagnabankinn myndi vera bygg\u00f0ur upp og \u00fer\u00f3a\u00f0ur og alltaf huga\u00f0 a\u00f0 \u00fev\u00ed a\u00f0 b\u00e6ta inn \u00ed hann. Jafnvel kennslu\u00e1\u00e6tlanir \u00feegar fram \u00ed s\u00e6kir. Endilega l\u00e1ta vita ef fleiri en Gu\u00f0finna og G\u00edsli hafa \u00e1huga a\u00f0 taka \u00fe\u00e1tt \u00ed \u00feessu.<span class=\"Apple-converted-space\">\u00a0<\/span><\/p>\n<ol start=\"18\">\n<li>N\u00e6sti a\u00f0alfundur, hugmyndir reifa\u00f0ar um sta\u00f0 og stund<\/li>\n<\/ol>\n<p>\u00d3l\u00f6f t\u00f3k til m\u00e1ls og kynnti sta\u00f0setningu. Keflv\u00edkingar flytja 2020 tilbo\u00f0 sitt til 2021. \u00de.a. n\u00e6sti a\u00f0alfundur ver\u00f0ur \u00ed Keflav\u00edk vori\u00f0 2021. Keflv\u00edkingar eru me\u00f0 sitt eigi\u00f0 leikh\u00fas, \u00fear ver\u00f0ur leiklistarh\u00e1t\u00ed\u00f0in \u00ed tengslum vi\u00f0 a\u00f0alfundinn.<span class=\"Apple-converted-space\">\u00a0<\/span><\/p>\n<p>Vilborg loka\u00f0i dagskr\u00e1 og \u00feakka\u00f0i samstarfi\u00f0 \u00ed dag.<\/p>\n<p>Gu\u00f0finna hvatti f\u00f3lk til a\u00f0 hittast og spjalla, \u00ed leikh\u00fasinu e\u00f0a \u00e1 kaffih\u00fasum, hugsa \u00fat fyrir kassann. Ekki h\u00e6tta a\u00f0 hittast. Hugsa um framt\u00ed\u00f0ina eins og H\u00f6r\u00f0ur nefndi. \u00dev\u00ed fleiri sem koma me\u00f0 verk \u00e1 h\u00e1t\u00ed\u00f0ina, \u00fev\u00ed betra. Segja fr\u00e1 starfsemi leikf\u00e9laganna, \u00fearf ekki a\u00f0 vera merkilegt, deila \u00fev\u00ed \u00e1 leiklist.is.<\/p>\n<p>H\u00fan \u00feakka\u00f0i \u00der\u00e1ni fyrir samstarfi\u00f0 til fj\u00f6lda \u00e1ra. \u00deakka\u00f0i l\u00edka Siggu fyrir samstarfi\u00f0 og bau\u00f0 n\u00fdja stj\u00f3rnarmenn velkomna til starfa. H\u00fan \u00feakka\u00f0i Vilborgu fyrir fundarstj\u00f3rn og yndislega n\u00e6rveru og a\u00f0 lokum \u00feakka\u00f0i h\u00fan LK fyrir a\u00f0 h\u00fdsa okkur og f\u00e6\u00f0a okkur \u00feennan dag.<\/p>\n<p>Gu\u00f0finna sleit fundi kl. 13:40<\/p>","protected":false},"excerpt":{"rendered":"<p>A\u00f0alfundur Bandalags \u00edslenskra leikf\u00e9laga 2020 &#8211; 70. fundur Fundarsetning. Kosning 2ja fundarstj\u00f3ra og 2ja fundarritara, sem taka \u00feegar til starfa. L\u00f6gm\u00e6ti fundarins kanna\u00f0.\u00a0 Gu\u00f0finna Gunnarsd\u00f3ttir forma\u00f0ur B\u00cdL, st\u00edgur \u00ed pontu og setur fund vi\u00f0 \u00feessar s\u00e9rst\u00f6ku a\u00f0st\u00e6\u00f0ur. Stungi\u00f0 er upp \u00e1 Vilborgu Valgar\u00f0sd\u00f3ttur og \u00d6nnu Margr\u00e9ti P\u00e1lksd\u00f3ttur sem fundarstj\u00f3rum og J\u00f3nhei\u00f0i \u00cdsleifsd\u00f3ttur og G\u00edsla Birni [&hellip;]<\/p>\n","protected":false},"author":3,"featured_media":0,"comment_status":"closed","ping_status":"closed","sticky":false,"template":"","format":"standard","meta":{"_et_pb_use_builder":"","_et_pb_old_content":"","_et_gb_content_width":"","footnotes":""},"categories":[206],"tags":[],"class_list":["post-34895","post","type-post","status-publish","format-standard","hentry","category-adalfundargerdir","et-doesnt-have-format-content","et_post_format-et-post-format-standard"],"_links":{"self":[{"href":"https:\/\/leiklist.is\/en\/wp-json\/wp\/v2\/posts\/34895","targetHints":{"allow":["GET"]}}],"collection":[{"href":"https:\/\/leiklist.is\/en\/wp-json\/wp\/v2\/posts"}],"about":[{"href":"https:\/\/leiklist.is\/en\/wp-json\/wp\/v2\/types\/post"}],"author":[{"embeddable":true,"href":"https:\/\/leiklist.is\/en\/wp-json\/wp\/v2\/users\/3"}],"replies":[{"embeddable":true,"href":"https:\/\/leiklist.is\/en\/wp-json\/wp\/v2\/comments?post=34895"}],"version-history":[{"count":0,"href":"https:\/\/leiklist.is\/en\/wp-json\/wp\/v2\/posts\/34895\/revisions"}],"wp:attachment":[{"href":"https:\/\/leiklist.is\/en\/wp-json\/wp\/v2\/media?parent=34895"}],"wp:term":[{"taxonomy":"category","embeddable":true,"href":"https:\/\/leiklist.is\/en\/wp-json\/wp\/v2\/categories?post=34895"},{"taxonomy":"post_tag","embeddable":true,"href":"https:\/\/leiklist.is\/en\/wp-json\/wp\/v2\/tags?post=34895"}],"curies":[{"name":"wp","href":"https:\/\/api.w.org\/{rel}","templated":true}]}}