{"id":34669,"date":"2020-08-26T09:32:38","date_gmt":"2020-08-26T09:32:38","guid":{"rendered":"https:\/\/leiklist.is\/?p=34669"},"modified":"2020-09-07T09:48:35","modified_gmt":"2020-09-07T09:48:35","slug":"bedid-eftir-beckett","status":"publish","type":"post","link":"https:\/\/leiklist.is\/en\/bedid-eftir-beckett\/","title":{"rendered":"Be\u00f0i\u00f0 eftir Beckett"},"content":{"rendered":"<p>K\u00f3med\u00eduleikh\u00fasi\u00f0 \u00ed samstarfi vi\u00f0 Senu\u00fej\u00f3finn frums\u00fdnir 30. \u00e1g\u00fast leikverki\u00f0 <strong>Be\u00f0i\u00f0 eftir Beckett<\/strong>. Frums\u00fdnt ver\u00f0ur \u00ed leikh\u00fasi K\u00f3med\u00eduleikh\u00fassins \u00ed Haukadal D\u00fdrafir\u00f0i. H\u00f6fundur verksins er Trausti \u00d3lafsson sem jafnframt leikst\u00fdrir.<br \/>\nBe\u00f0i\u00f0 eftir Beckett er gu\u00f0d\u00f3mleg k\u00f3med\u00eda sem fjallar um leikara nokkurn sem b\u00ed\u00f0ur eftir a\u00f0 Samuel Beckett skrifi fyrir sig n\u00fdtt leikrit. \u00c1 me\u00f0an \u00e1 bi\u00f0inni stendur styttir hann s\u00e9r stundir me\u00f0 \u00fev\u00ed a\u00f0 m\u00e1ta sig vi\u00f0 pers\u00f3nur \u00far eldri leikritum sk\u00e1ldsins og breg\u00f0ur fyrir sig \u00f6gn af Dante, Artaud og Hallgr\u00edmi P\u00e9turssyni. Einsog \u00ed s\u00f6nnum gr\u00edskum harmleik \u00e1 leikarinn von \u00e1 sendibo\u00f0a gu\u00f0anna.<\/p>\n<p>Leikari er Elfar Logi Hannesson og einnig kemur ungur d\u00fdrfirskur leikari vi\u00f0 s\u00f6gu \u00ed leiknum, \u00derymur Rafn Andersen. Leikmynd og b\u00faninga hannar Marsibil G. Kristj\u00e1nsd\u00f3ttir, h\u00f6fundur t\u00f3nlistar er Hj\u00f6rleifur Valsson og Sigurvald \u00cdvar Helgason hannar l\u00fdsingu.<\/p>\n<p>Fyrstu \u00ferj\u00e1r s\u00fdningar \u00e1 Be\u00f0i\u00f0 eftir Beckett ver\u00f0a s\u00fdndar \u00cd K\u00f3med\u00eduleikh\u00fasinu \u00ed Haukadal, D\u00fdrafir\u00f0i. Vegna K\u00f3v\u00edtans ver\u00f0ur takmarka\u00f0ur s\u00e6tafj\u00f6ldi \u00ed bo\u00f0i.<br \/>\nMi\u00f0asala er a\u00f0eins \u00ed s\u00edma: 891 7025.<br \/>\nFrums\u00fdning sunnudaginn 30. \u00e1g\u00fast kl. 20:01 &#8211; UPPSELT<br \/>\n2. s\u00fdning m\u00e1nudaginn 31. \u00e1g\u00fast kl. 20:02<br \/>\n3. s\u00fdning \u00feri\u00f0judaginn 1. september kl. 20:03<\/p>\n<p>Stefnt er a\u00f0 \u00fev\u00ed a\u00f0 s\u00fdna Be\u00f0i\u00f0 eftir Beckett v\u00ed\u00f0ar \u00e1 landinu \u00ed vetur, m.a. hj\u00e1 Leikf\u00e9lagi Akureyrar \u00ed Hofi og \u00ed Tjarnarb\u00ed\u00f3i \u00ed Reykjav\u00edk. N\u00e1nari uppl\u00fdsingar um s\u00fdningar \u00e1 verkinu m\u00e1 finna \u00e1 f\u00e9sb\u00f3kars\u00ed\u00f0u K\u00f3med\u00eduleikh\u00fassins og \u00e1 komedia.is<\/p>","protected":false},"excerpt":{"rendered":"<p>K\u00f3med\u00eduleikh\u00fasi\u00f0 \u00ed samstarfi vi\u00f0 Senu\u00fej\u00f3finn frums\u00fdnir 30. \u00e1g\u00fast leikverki\u00f0 Be\u00f0i\u00f0 eftir Beckett. Frums\u00fdnt ver\u00f0ur \u00ed leikh\u00fasi K\u00f3med\u00eduleikh\u00fassins \u00ed Haukadal D\u00fdrafir\u00f0i. H\u00f6fundur verksins er Trausti \u00d3lafsson sem jafnframt leikst\u00fdrir. Be\u00f0i\u00f0 eftir Beckett er gu\u00f0d\u00f3mleg k\u00f3med\u00eda sem fjallar um leikara nokkurn sem b\u00ed\u00f0ur eftir a\u00f0 Samuel Beckett skrifi fyrir sig n\u00fdtt leikrit. \u00c1 me\u00f0an \u00e1 bi\u00f0inni stendur [&hellip;]<\/p>\n","protected":false},"author":3,"featured_media":34675,"comment_status":"closed","ping_status":"closed","sticky":false,"template":"","format":"standard","meta":{"_et_pb_use_builder":"","_et_pb_old_content":"","_et_gb_content_width":"","footnotes":""},"categories":[187,213],"tags":[],"class_list":["post-34669","post","type-post","status-publish","format-standard","has-post-thumbnail","hentry","category-allar-frir","category-vikupostur","et-has-post-format-content","et_post_format-et-post-format-standard"],"_links":{"self":[{"href":"https:\/\/leiklist.is\/en\/wp-json\/wp\/v2\/posts\/34669","targetHints":{"allow":["GET"]}}],"collection":[{"href":"https:\/\/leiklist.is\/en\/wp-json\/wp\/v2\/posts"}],"about":[{"href":"https:\/\/leiklist.is\/en\/wp-json\/wp\/v2\/types\/post"}],"author":[{"embeddable":true,"href":"https:\/\/leiklist.is\/en\/wp-json\/wp\/v2\/users\/3"}],"replies":[{"embeddable":true,"href":"https:\/\/leiklist.is\/en\/wp-json\/wp\/v2\/comments?post=34669"}],"version-history":[{"count":0,"href":"https:\/\/leiklist.is\/en\/wp-json\/wp\/v2\/posts\/34669\/revisions"}],"wp:featuredmedia":[{"embeddable":true,"href":"https:\/\/leiklist.is\/en\/wp-json\/wp\/v2\/media\/34675"}],"wp:attachment":[{"href":"https:\/\/leiklist.is\/en\/wp-json\/wp\/v2\/media?parent=34669"}],"wp:term":[{"taxonomy":"category","embeddable":true,"href":"https:\/\/leiklist.is\/en\/wp-json\/wp\/v2\/categories?post=34669"},{"taxonomy":"post_tag","embeddable":true,"href":"https:\/\/leiklist.is\/en\/wp-json\/wp\/v2\/tags?post=34669"}],"curies":[{"name":"wp","href":"https:\/\/api.w.org\/{rel}","templated":true}]}}