{"id":3462,"date":"2011-10-04T12:14:26","date_gmt":"2011-10-04T12:14:26","guid":{"rendered":"http:\/\/wp.leiklist.is\/?p=3462"},"modified":"2011-10-04T12:14:26","modified_gmt":"2011-10-04T12:14:26","slug":"fusi-froskagleypir-snyr-aftur","status":"publish","type":"post","link":"https:\/\/leiklist.is\/en\/fusi-froskagleypir-snyr-aftur\/","title":{"rendered":"F\u00fasi froskagleypir sn\u00fdr aftur"},"content":{"rendered":"<p>Leikf\u00e9lag Hafnarfjar\u00f0ar hefur hafi\u00f0 \u00e1 n\u00fd s\u00fdningar \u00e1\u00a0 barnaleikritinu\u00a0 F\u00fasa Froskagleypi eftir Ole Lund Kirkegaard \u00ed Gaflaraleikh\u00fasinu. S\u00fdningin sl\u00f3 \u00ed gegn s\u00ed\u00f0asta vetur og \u00feurfti a\u00f0 h\u00e6tta s\u00fdningum fyrir fullu h\u00fasi \u00ed vor. Verki\u00f0 er br\u00e1\u00f0fj\u00f6rugt barna og fj\u00f6lskylduleikrit me\u00f0 skemmtilegri t\u00f3nlist J\u00f3hanns Moravek undir leikstj\u00f3rn Bjarkar Jakobsd\u00f3ttur. Leikriti\u00f0 fjallar \u00e1 gamansaman h\u00e1tt um samskipti F\u00fasa froskagleypis vi\u00f0 krakkana og b\u00e6jarb\u00faana \u00ed Hafnarfir\u00f0i og hvernig heims\u00f3kn Bard\u00edn\u00f3 Sirkussins\u00a0 til b\u00e6jarins breytir miklu \u00ed l\u00edfi allra.<\/p>\n<p>  <!--more-->  <\/p>\n<p>Leikf\u00e9lag Hafnarfjar\u00f0ar\u00a0 fagnar n\u00fa \u00ed \u00e1r 75 \u00e1ra afm\u00e6li s\u00ednu og var F\u00fasi froskagleypir fyrsta s\u00fdning\u00a0 f\u00e9lagsins \u00ed\u00a0 n\u00fdju\u00a0 a\u00f0setri f\u00e9lagsins \u00ed Gaflaraleikh\u00fasinu.<\/p>\n<p>Mi\u00f0aver\u00f0 er 2.000 kr. Til a\u00f0 panta mi\u00f0a er h\u00e6gt a\u00f0 hringja \u00ed s\u00edma 565-5900 e\u00f0a senda p\u00f3st \u00e1 <a href=\"mailto:midasala@gaflaraleikhusid.is\">midasala@gaflaraleikhusid.is<\/a><\/p>\n<p>{mos_fb_discuss:2}<\/p>","protected":false},"excerpt":{"rendered":"<p>Leikf\u00e9lag Hafnarfjar\u00f0ar hefur hafi\u00f0 \u00e1 n\u00fd s\u00fdningar \u00e1\u00a0 barnaleikritinu\u00a0 F\u00fasa Froskagleypi eftir Ole Lund Kirkegaard \u00ed Gaflaraleikh\u00fasinu. S\u00fdningin sl\u00f3 \u00ed gegn s\u00ed\u00f0asta vetur og \u00feurfti a\u00f0 h\u00e6tta s\u00fdningum fyrir fullu h\u00fasi \u00ed vor. Verki\u00f0 er br\u00e1\u00f0fj\u00f6rugt barna og fj\u00f6lskylduleikrit me\u00f0 skemmtilegri t\u00f3nlist J\u00f3hanns Moravek undir leikstj\u00f3rn Bjarkar Jakobsd\u00f3ttur. Leikriti\u00f0 fjallar \u00e1 gamansaman h\u00e1tt um samskipti [&hellip;]<\/p>\n","protected":false},"author":3,"featured_media":3257,"comment_status":"open","ping_status":"open","sticky":false,"template":"","format":"standard","meta":{"_et_pb_use_builder":"","_et_pb_old_content":"","_et_gb_content_width":"","footnotes":""},"categories":[187],"tags":[],"class_list":["post-3462","post","type-post","status-publish","format-standard","has-post-thumbnail","hentry","category-allar-frir","et-has-post-format-content","et_post_format-et-post-format-standard"],"_links":{"self":[{"href":"https:\/\/leiklist.is\/en\/wp-json\/wp\/v2\/posts\/3462","targetHints":{"allow":["GET"]}}],"collection":[{"href":"https:\/\/leiklist.is\/en\/wp-json\/wp\/v2\/posts"}],"about":[{"href":"https:\/\/leiklist.is\/en\/wp-json\/wp\/v2\/types\/post"}],"author":[{"embeddable":true,"href":"https:\/\/leiklist.is\/en\/wp-json\/wp\/v2\/users\/3"}],"replies":[{"embeddable":true,"href":"https:\/\/leiklist.is\/en\/wp-json\/wp\/v2\/comments?post=3462"}],"version-history":[{"count":0,"href":"https:\/\/leiklist.is\/en\/wp-json\/wp\/v2\/posts\/3462\/revisions"}],"wp:featuredmedia":[{"embeddable":true,"href":"https:\/\/leiklist.is\/en\/wp-json\/"}],"wp:attachment":[{"href":"https:\/\/leiklist.is\/en\/wp-json\/wp\/v2\/media?parent=3462"}],"wp:term":[{"taxonomy":"category","embeddable":true,"href":"https:\/\/leiklist.is\/en\/wp-json\/wp\/v2\/categories?post=3462"},{"taxonomy":"post_tag","embeddable":true,"href":"https:\/\/leiklist.is\/en\/wp-json\/wp\/v2\/tags?post=3462"}],"curies":[{"name":"wp","href":"https:\/\/api.w.org\/{rel}","templated":true}]}}