{"id":3455,"date":"2011-09-28T11:06:00","date_gmt":"2011-09-28T11:06:00","guid":{"rendered":"http:\/\/wp.leiklist.is\/?p=3455"},"modified":"2011-09-28T11:06:00","modified_gmt":"2011-09-28T11:06:00","slug":"beeie-eftir-gaesinni-i-hafnarfirei-og-a-akranesi","status":"publish","type":"post","link":"https:\/\/leiklist.is\/en\/beeie-eftir-gaesinni-i-hafnarfirei-og-a-akranesi\/","title":{"rendered":"Be\u00f0i\u00f0 eftir g\u00e6sinni \u00ed Hafnarfir\u00f0i og \u00e1 Akranesi"},"content":{"rendered":"<p>Leikf\u00e9lagi\u00f0 Frj\u00e1lst Or\u00f0 s\u00fdnir einleikinn Be\u00f0i\u00f0 eftir g\u00e6sinni \u00a0eftir \u00c1sgeir Hv\u00edtask\u00e1ld \u00ed Gaflaraleikh\u00fasinu \u00ed Hafnarfir\u00f0i fimmtudaginn 6. okt\u00f3ber klukkan 20:00 og sunnudag 9. okt\u00f3ber klukkan 20:00 og \u00e1 Akranesi \u00ed Gamla Kaupf\u00e9laginu laugardaginn\u00a08. okt\u00f3ber klukkan 20:30. \u00deessi einleikur var frumfluttur \u00e1 b\u00e6jarh\u00e1ti\u00f0 Egilssta\u00f0a \u00e1 Ormsteiti \u00ed \u00e1g\u00fast s.l. vi\u00f0 fr\u00e1b\u00e6rar m\u00f3tt\u00f6kur.<\/p>\n<p>  <!--more-->  <\/p>\n<p>J\u00f3n Vigf\u00fasson leikur \u00f6rv\u00e6ntingafulla vei\u00f0imanninn sem hr\u00e6\u00f0ist mest af \u00f6llu a\u00f0 vera kalla\u00f0ur \u201eeinnar g\u00e6sar vei\u00f0ma\u00f0ur\u201c. En g\u00e6sin er slugnin og hefur \u00e1hrif \u00e1 hugarheim vei\u00f0imannsins.\u00a0S\u00fdningin teku um 60 m\u00edn\u00fatur.\u00a0R\u00f6dd g\u00e6sadrottningarinnar leikur Steinunn Rut Fri\u00f0riksd\u00f3ttir.<\/p>\n<p>Leikf\u00e9lagi\u00f0 Frj\u00e1lst Or\u00f0 er sta\u00f0sett \u00e1 Egilsst\u00f6\u00f0um og hefur sta\u00f0i\u00f0 a\u00f0 leiks\u00fdningum, gefi\u00f0 \u00fat hlj\u00f3\u00f0leikrit, heimildarmyndir og leikna kvikmynd.<br \/>\u00c1sgeir Hv\u00edtask\u00e1ld hefur \u00ed m\u00f6rg \u00e1r veri\u00f0 erlendis og unni\u00f0 a\u00f0 leiklist og s\u00f6gusk\u00f6pun.<\/p>\n<p>{mos_fb_discuss:2}<\/p>","protected":false},"excerpt":{"rendered":"<p>Leikf\u00e9lagi\u00f0 Frj\u00e1lst Or\u00f0 s\u00fdnir einleikinn Be\u00f0i\u00f0 eftir g\u00e6sinni \u00a0eftir \u00c1sgeir Hv\u00edtask\u00e1ld \u00ed Gaflaraleikh\u00fasinu \u00ed Hafnarfir\u00f0i fimmtudaginn 6. okt\u00f3ber klukkan 20:00 og sunnudag 9. okt\u00f3ber klukkan 20:00 og \u00e1 Akranesi \u00ed Gamla Kaupf\u00e9laginu laugardaginn\u00a08. okt\u00f3ber klukkan 20:30. \u00deessi einleikur var frumfluttur \u00e1 b\u00e6jarh\u00e1ti\u00f0 Egilssta\u00f0a \u00e1 Ormsteiti \u00ed \u00e1g\u00fast s.l. vi\u00f0 fr\u00e1b\u00e6rar m\u00f3tt\u00f6kur.<\/p>","protected":false},"author":3,"featured_media":3393,"comment_status":"open","ping_status":"open","sticky":false,"template":"","format":"standard","meta":{"_et_pb_use_builder":"","_et_pb_old_content":"","_et_gb_content_width":"","footnotes":""},"categories":[187],"tags":[],"class_list":["post-3455","post","type-post","status-publish","format-standard","has-post-thumbnail","hentry","category-allar-frir","et-has-post-format-content","et_post_format-et-post-format-standard"],"_links":{"self":[{"href":"https:\/\/leiklist.is\/en\/wp-json\/wp\/v2\/posts\/3455","targetHints":{"allow":["GET"]}}],"collection":[{"href":"https:\/\/leiklist.is\/en\/wp-json\/wp\/v2\/posts"}],"about":[{"href":"https:\/\/leiklist.is\/en\/wp-json\/wp\/v2\/types\/post"}],"author":[{"embeddable":true,"href":"https:\/\/leiklist.is\/en\/wp-json\/wp\/v2\/users\/3"}],"replies":[{"embeddable":true,"href":"https:\/\/leiklist.is\/en\/wp-json\/wp\/v2\/comments?post=3455"}],"version-history":[{"count":0,"href":"https:\/\/leiklist.is\/en\/wp-json\/wp\/v2\/posts\/3455\/revisions"}],"wp:featuredmedia":[{"embeddable":true,"href":"https:\/\/leiklist.is\/en\/wp-json\/"}],"wp:attachment":[{"href":"https:\/\/leiklist.is\/en\/wp-json\/wp\/v2\/media?parent=3455"}],"wp:term":[{"taxonomy":"category","embeddable":true,"href":"https:\/\/leiklist.is\/en\/wp-json\/wp\/v2\/categories?post=3455"},{"taxonomy":"post_tag","embeddable":true,"href":"https:\/\/leiklist.is\/en\/wp-json\/wp\/v2\/tags?post=3455"}],"curies":[{"name":"wp","href":"https:\/\/api.w.org\/{rel}","templated":true}]}}