{"id":3451,"date":"2011-09-23T12:33:00","date_gmt":"2011-09-23T12:33:00","guid":{"rendered":"http:\/\/wp.leiklist.is\/?p=3451"},"modified":"2011-09-23T12:33:00","modified_gmt":"2011-09-23T12:33:00","slug":"eldfaerin-aftur-a-svie-um-helgina","status":"publish","type":"post","link":"https:\/\/leiklist.is\/en\/eldfaerin-aftur-a-svie-um-helgina\/","title":{"rendered":"Eldf\u00e6rin aftur \u00e1 svi\u00f0 um helgina"},"content":{"rendered":"<p>G\u00f3i og \u00der\u00f6stur sn\u00faa aftur \u00e1 Litla svi\u00f0 Borgarleikh\u00fassins um n\u00fa um helgina \u00ed Eldf\u00e6runum &#8211; fyrsta \u00e6vint\u00fdrinu af m\u00f6rgum \u00feeir f\u00e9lagar kynna ungum leikh\u00fasgestum \u00e1 komandi \u00e1rum. Gu\u00f0j\u00f3n Dav\u00ed\u00f0 Karlsson fer me\u00f0 hlutverk d\u00e1tans og \u00der\u00f6stur Le\u00f3 Gunnarsson leikur allt anna\u00f0 \u00ed verkinu. Gu\u00f0j\u00f3n Dav\u00ed\u00f0 Karlsson fer me\u00f0 hlutverk d\u00e1tans og \u00der\u00f6stur Le\u00f3 Gunnarsson leikur allt anna\u00f0 \u00ed verkinu. H\u00fan hlaut afbrag\u00f0s vi\u00f0t\u00f6kur og d\u00f3ma \u00e1 s\u00ed\u00f0asta \u00e1ri og tilnefningu til Gr\u00edmuver\u00f0launna sem barnas\u00fdning \u00e1rsins.<\/p>\n<p \/>  <!--more-->  <\/p>\n<p>G\u00f3i og \u00der\u00f6stur opna dyr leikh\u00fassins upp \u00e1 g\u00e1tt fyrir \u00f6llum landsm\u00f6nnum, ungum sem \u00f6ldnum og fer\u00f0ast um t\u00f6fraheim \u00e6vint\u00fdranna. \u00c1 fer\u00f0alaginu n\u00fdta \u00feeir til hins \u00fdtrasta leik, s\u00f6ng og dans og breg\u00f0a s\u00e9r \u00ed allra kvikinda l\u00edki \u00ed anda fur\u00f0usagnanna. Fyrsta \u00e6vint\u00fdri\u00f0, Eldf\u00e6rin eftir H. C. Andersen, var frums\u00fdnt \u00e1 s\u00ed\u00f0asta leik\u00e1ri. Allar pers\u00f3nurnar birtust lj\u00f3slifandi; nornin, prinsessan, allir \u00feorpsb\u00faar og s\u00ed\u00f0ast en ekki s\u00edst hundarnir \u00fer\u00edr me\u00f0 \u00f3gnarst\u00f3ru augun. S\u00fdningin f\u00e9kk afbur\u00f0avi\u00f0t\u00f6kur \u00e1horfenda og gagnr\u00fdnenda og tilnefningar til Gr\u00edmunnar sem barnas\u00fdning \u00e1rsins og sem \u00e1horfendas\u00fdning \u00e1rsins. H\u00fan h\u00e6tti fyrir fullu h\u00fasi \u00e1 vorm\u00e1nu\u00f0um og sn\u00fdr \u00fev\u00ed aftur \u00e1 fjalirnar \u00e1 \u00feessu leikl\u00e1ri. Leikh\u00fast\u00f6frar fyrir b\u00f6rn \u00e1 \u00f6llum aldri. S\u00fdnt \u00e1 litla svi\u00f0i Borgarleikh\u00fassins alla laugardaga og sunnudag .<\/p>\n<p>A\u00f0standendur Leikger\u00f0: Gu\u00f0j\u00f3n Dav\u00ed\u00f0 Karlsson<br \/>Leikmynd og b\u00faningar: Rannveig Eva Karlsd\u00f3ttir<br \/>L\u00fdsing: Kjartan \u00de\u00f3risson<br \/>T\u00f3nlist: Gu\u00f0j\u00f3n Dav\u00ed\u00f0 Karlsson og Vignir Sn\u00e6r Vigf\u00fasson<br \/>Leikarar: Gu\u00f0j\u00f3n Dav\u00ed\u00f0 Karlsson og \u00der\u00f6stur Le\u00f3 Gunnarsson<\/p>\n<p>{mos_fb_discuss:2}<\/p>","protected":false},"excerpt":{"rendered":"<p>G\u00f3i og \u00der\u00f6stur sn\u00faa aftur \u00e1 Litla svi\u00f0 Borgarleikh\u00fassins um n\u00fa um helgina \u00ed Eldf\u00e6runum &#8211; fyrsta \u00e6vint\u00fdrinu af m\u00f6rgum \u00feeir f\u00e9lagar kynna ungum leikh\u00fasgestum \u00e1 komandi \u00e1rum. Gu\u00f0j\u00f3n Dav\u00ed\u00f0 Karlsson fer me\u00f0 hlutverk d\u00e1tans og \u00der\u00f6stur Le\u00f3 Gunnarsson leikur allt anna\u00f0 \u00ed verkinu. Gu\u00f0j\u00f3n Dav\u00ed\u00f0 Karlsson fer me\u00f0 hlutverk d\u00e1tans og \u00der\u00f6stur Le\u00f3 Gunnarsson [&hellip;]<\/p>\n","protected":false},"author":3,"featured_media":3450,"comment_status":"open","ping_status":"open","sticky":false,"template":"","format":"standard","meta":{"_et_pb_use_builder":"","_et_pb_old_content":"","_et_gb_content_width":"","footnotes":""},"categories":[187],"tags":[],"class_list":["post-3451","post","type-post","status-publish","format-standard","has-post-thumbnail","hentry","category-allar-frir","et-has-post-format-content","et_post_format-et-post-format-standard"],"_links":{"self":[{"href":"https:\/\/leiklist.is\/en\/wp-json\/wp\/v2\/posts\/3451","targetHints":{"allow":["GET"]}}],"collection":[{"href":"https:\/\/leiklist.is\/en\/wp-json\/wp\/v2\/posts"}],"about":[{"href":"https:\/\/leiklist.is\/en\/wp-json\/wp\/v2\/types\/post"}],"author":[{"embeddable":true,"href":"https:\/\/leiklist.is\/en\/wp-json\/wp\/v2\/users\/3"}],"replies":[{"embeddable":true,"href":"https:\/\/leiklist.is\/en\/wp-json\/wp\/v2\/comments?post=3451"}],"version-history":[{"count":0,"href":"https:\/\/leiklist.is\/en\/wp-json\/wp\/v2\/posts\/3451\/revisions"}],"wp:featuredmedia":[{"embeddable":true,"href":"https:\/\/leiklist.is\/en\/wp-json\/"}],"wp:attachment":[{"href":"https:\/\/leiklist.is\/en\/wp-json\/wp\/v2\/media?parent=3451"}],"wp:term":[{"taxonomy":"category","embeddable":true,"href":"https:\/\/leiklist.is\/en\/wp-json\/wp\/v2\/categories?post=3451"},{"taxonomy":"post_tag","embeddable":true,"href":"https:\/\/leiklist.is\/en\/wp-json\/wp\/v2\/tags?post=3451"}],"curies":[{"name":"wp","href":"https:\/\/api.w.org\/{rel}","templated":true}]}}