{"id":3444,"date":"2011-09-16T11:16:01","date_gmt":"2011-09-16T11:16:01","guid":{"rendered":"http:\/\/wp.leiklist.is\/?p=3444"},"modified":"2011-09-16T11:16:01","modified_gmt":"2011-09-16T11:16:01","slug":"sieustu-syningar-a-tristram-og-isoend","status":"publish","type":"post","link":"https:\/\/leiklist.is\/en\/sieustu-syningar-a-tristram-og-isoend\/","title":{"rendered":"S\u00ed\u00f0ustu s\u00fdningar \u00e1 Tristram og \u00cds\u00f6nd"},"content":{"rendered":"<p>N\u00fa um helgina ver\u00f0a s\u00ed\u00f0ustu s\u00fdningar \u00e1 uppsetningu Leikf\u00e9lagsins S\u00fdna \u00e1 Tristram og \u00cds\u00f6nd \u00ed Gaflaraleikh\u00fasinu \u00ed Hafnarfir\u00f0i. S\u00fdnt ver\u00f0ur f\u00f6studaginn 16., laugardaginn 17. og sunnudaginn 18. september og hefjast allar s\u00fdningar kl. 20. Ekki ver\u00f0a fleiri s\u00fdningar \u00fear sem einn leikaranna heldur erlendis \u00ed leiklistarn\u00e1m. Leikstj\u00f3ri er \u00c1rmann Gu\u00f0mundsson en hann semur einnig leikger\u00f0ina \u00e1samt Gu\u00f0r\u00fanu S\u00f3ley Sigur\u00f0ard\u00f3ttur.<\/p>\n<p>  <!--more-->  <\/p>\n<p>Sagan af Tristram og \u00cds\u00f6nd er ein \u00feekkasta \u00e1starsaga mi\u00f0alda en h\u00fan segir fr\u00e1 riddaranum Tristram, systursyni Markis Englandskonungs, sem fengi\u00f0 er \u00fea\u00f0 verkefni a\u00f0 vinna \u00e1stir \u00cds\u00f6ndar \u00cdrlandsprinsessu fyrir h\u00f6nd fr\u00e6nda s\u00edns. Ekki vill \u00fe\u00f3 betur til en svo a\u00f0 Tristram og \u00cds\u00f6nd fella hugi saman og forbo\u00f0i\u00f0 \u00e1starsamband \u00feeirra hefst, \u00fer\u00e1tt fyrir a\u00f0 \u00cds\u00f6nd giftist Markis. \u00d6fl innan hir\u00f0arinnar sitja a\u00f0 svikr\u00e1\u00f0um og sj\u00e1 s\u00e9r leik \u00e1 bor\u00f0i a\u00f0 notf\u00e6ra s\u00e9r \u00e1standi\u00f0 s\u00e9r til framdr\u00e1ttar.<\/p>\n<p>MI\u00d0ASALA ER \u00c1 <a href=\"http:\/\/midi.is\/leikhus\/1\/6666\/\">midi.is<\/a><\/p>\n<p>Mi\u00f0asala Gaflaraleikh\u00fassins er opin virka daga fr\u00e1 16.00 til 18.00 s\u00edmi mi\u00f0as\u00f6lu er 565-5900 og s\u00edmi \u00ed h\u00f3pas\u00f6lu er 860-7481<\/p>\n<p>Einnig er h\u00e6gt a\u00f0 panta mi\u00f0a \u00ed <a href=\"mailto:midasala@gaflaraleikhusid.\">midasala@gaflaraleikhusid.<\/a><\/p>\n<p>{mos_fb_discuss:2}<\/p>","protected":false},"excerpt":{"rendered":"<p>N\u00fa um helgina ver\u00f0a s\u00ed\u00f0ustu s\u00fdningar \u00e1 uppsetningu Leikf\u00e9lagsins S\u00fdna \u00e1 Tristram og \u00cds\u00f6nd \u00ed Gaflaraleikh\u00fasinu \u00ed Hafnarfir\u00f0i. S\u00fdnt ver\u00f0ur f\u00f6studaginn 16., laugardaginn 17. og sunnudaginn 18. september og hefjast allar s\u00fdningar kl. 20. Ekki ver\u00f0a fleiri s\u00fdningar \u00fear sem einn leikaranna heldur erlendis \u00ed leiklistarn\u00e1m. Leikstj\u00f3ri er \u00c1rmann Gu\u00f0mundsson en hann semur einnig leikger\u00f0ina [&hellip;]<\/p>\n","protected":false},"author":3,"featured_media":3443,"comment_status":"open","ping_status":"open","sticky":false,"template":"","format":"standard","meta":{"_et_pb_use_builder":"","_et_pb_old_content":"","_et_gb_content_width":"","footnotes":""},"categories":[187],"tags":[],"class_list":["post-3444","post","type-post","status-publish","format-standard","has-post-thumbnail","hentry","category-allar-frir","et-has-post-format-content","et_post_format-et-post-format-standard"],"_links":{"self":[{"href":"https:\/\/leiklist.is\/en\/wp-json\/wp\/v2\/posts\/3444","targetHints":{"allow":["GET"]}}],"collection":[{"href":"https:\/\/leiklist.is\/en\/wp-json\/wp\/v2\/posts"}],"about":[{"href":"https:\/\/leiklist.is\/en\/wp-json\/wp\/v2\/types\/post"}],"author":[{"embeddable":true,"href":"https:\/\/leiklist.is\/en\/wp-json\/wp\/v2\/users\/3"}],"replies":[{"embeddable":true,"href":"https:\/\/leiklist.is\/en\/wp-json\/wp\/v2\/comments?post=3444"}],"version-history":[{"count":0,"href":"https:\/\/leiklist.is\/en\/wp-json\/wp\/v2\/posts\/3444\/revisions"}],"wp:featuredmedia":[{"embeddable":true,"href":"https:\/\/leiklist.is\/en\/wp-json\/"}],"wp:attachment":[{"href":"https:\/\/leiklist.is\/en\/wp-json\/wp\/v2\/media?parent=3444"}],"wp:term":[{"taxonomy":"category","embeddable":true,"href":"https:\/\/leiklist.is\/en\/wp-json\/wp\/v2\/categories?post=3444"},{"taxonomy":"post_tag","embeddable":true,"href":"https:\/\/leiklist.is\/en\/wp-json\/wp\/v2\/tags?post=3444"}],"curies":[{"name":"wp","href":"https:\/\/api.w.org\/{rel}","templated":true}]}}