{"id":3440,"date":"2011-09-13T15:28:41","date_gmt":"2011-09-13T15:28:41","guid":{"rendered":"http:\/\/wp.leiklist.is\/?p=3440"},"modified":"2011-09-13T15:28:41","modified_gmt":"2011-09-13T15:28:41","slug":"groska-2011","status":"publish","type":"post","link":"https:\/\/leiklist.is\/en\/groska-2011\/","title":{"rendered":"Gr\u00f3ska 2011"},"content":{"rendered":"<p \/>F\u00e9lag leikrita og handritsh\u00f6funda efnir til h\u00f6fundah\u00e1t\u00ed\u00f0ar og umr\u00e6\u00f0u um starf og st\u00f6\u00f0u h\u00f6fundarins. Lesi\u00f0 ver\u00f0ur \u00far n\u00fdjum \u00edslenskum leikverkum eftir fimmt\u00e1n h\u00f6funda. \u00cd h\u00f3pnum eru b\u00e6\u00f0i reynsluboltar, h\u00f6fundar sem \u00feekktir eru fyrir ritst\u00f6rf en einnig leiksk\u00e1ld sem eru a\u00f0 st\u00edga s\u00edn fyrstu skref \u00ed ritlistinni. Alls munu \u00e1 \u00feri\u00f0ja tug leikara taka \u00fe\u00e1tt \u00ed lestrinum.<br \/>  <!--more-->  <\/p>\n<p>Gr\u00f3ska er vetvangur Flh. til \u00feess a\u00f0 vekja athygli \u00e1 n\u00fdrri \u00edslenskri leikritun sem tekst \u00e1 vi\u00f0 samt\u00edma sinn, togstreitu samf\u00e9lagsins og fort\u00ed\u00f0ina.<br \/>Gr\u00f3ska vill undirstrika r\u00f6dd h\u00f6fundarins og \u00fe\u00fd\u00f0ingu h\u00f6fundarstarfsins.<\/p>\n<p>Dagskr\u00e1 Tjarnarb\u00ed\u00f3i:<\/p>\n<p><strong>Fimmtudagur 15\/9 kl.19:30<\/strong><br \/>Syndafalli\u00f0 &#8211; Ragnar Arnalds<br \/>Fl\u00f3ttamenn &#8211; Hl\u00edn Agnard\u00f3ttir<br \/>Borgarinnan &#8211; Saga J\u00f3nsd\u00f3ttir<br \/>Uppgj\u00f6r \u2013 J\u00f3n\u00edna Le\u00f3sd\u00f3ttir<br \/>Opnun &#8211; Hallgr\u00edmur Helgason<br \/>Sumarn\u00f3tt &#8211; H\u00e1var Sigurj\u00f3nsson<br \/>Amma dj\u00f6full &#8211; \u00c1sd\u00eds Thoroddsen<br \/>Byrgi\u00f0 &#8211; Tyrfingur Tyrfingsson<\/p>\n<p><strong>F\u00f6studagur 16\/9 kl. 19:30<\/strong><br \/>D\u00f3sasta\u00f0ir &#8211; Steinunn Sigur\u00f0ard\u00f3ttir<br \/>Kona hverfur &#8211; Sigr\u00ed\u00f0ur J\u00f3nsd\u00f3ttir<br \/>Vinaminni &#8211; Hrund \u00d3lafsd\u00f3ttir<br \/>&#8222;Gildi&#8220; &#8211; Vala \u00de\u00f3rsd\u00f3ttir<br \/>V\u00edsindi, tr\u00fa \u2013 kynorka g\u00e1fur \u2013 Oddn\u00fd Sv. Bj\u00f6rgvins<br \/>Sm\u00e1n &#8211; Sigr\u00ed\u00f0ur L\u00e1ra Sigurj\u00f3nsd\u00f3ttir<br \/>Fegur\u00f0.is &#8211; Ben\u00f3n\u00fd \u00c6gisson<br \/>Kuldi &#8211; Steinunn \u00d3l\u00edna \u00deorsteinsd\u00f3ttir<br \/>Hringvegur &#8211; Steinunn Helgad\u00f3ttir<br \/>Kabel &#038; Kabel &#8211; Sigurbj\u00f6rg \u00derastard\u00f3ttir<\/p>\n<p><strong>Laugardagur 17\/9<\/strong><br \/>14:00 \u2013 14:45 Fulltr\u00fai fr\u00e1 Dramatikkens hus flytur erindi.<br \/><em>Kaffip\u00e1sa<\/em><br \/>15:00 \u2013 16:30 Frams\u00f6gur og umr\u00e6\u00f0ur. Stj\u00f3rnandi Bjarni J\u00f3nsson leiksk\u00e1ld<br \/>H\u00e1var Sigurj\u00f3nsson form. Flh mm.<br \/>Eva R\u00fan Snorrad\u00f3ttir leikstj\u00f3ri, Kviss B\u00fam Bang<br \/>Sigr\u00ed\u00f0ur L\u00e1ra Sigurj\u00f3nsd\u00f3ttir, leiksk\u00e1ld\/doktorsnemi<br \/>Sigtryggur Magnason, rith\u00f6fundur mm.<br \/>Hl\u00edn Agnarsd\u00f3ttir, leiksk\u00e1ld mm.<br \/> Umsj\u00f3n me\u00f0 t\u00f3nlist hefur Arnd\u00eds Hrei\u00f0arsd\u00f3ttir.<\/p>\n<p><strong>\u00deessir leikarar taka \u00fe\u00e1tt \u00ed lestri Gr\u00f3sku:<\/strong><br \/>Anna Krist\u00edn Arngr\u00edmsd\u00f3ttir<br \/>Arnar J\u00f3nsson<br \/>Bjarni Sn\u00e6bj\u00f6rnsson<br \/>Camille Marmi\u00e9<br \/>Finnbogi \u00deorkell J\u00f3nsson<br \/>Gu\u00f0finna R\u00fanarsd\u00f3ttir<br \/>Gu\u00f0j\u00f3n Sigvaldason<br \/>Hanna Mar\u00eda Karlsd\u00f3ttir<br \/>Hjalti R\u00f6gnvaldsson<br \/>Mar\u00eda Ellingsen<br \/>Mar\u00eda P\u00e1lsd\u00f3ttir<br \/>Ragnhei\u00f0ur Steind\u00f3rsd\u00f3ttir<br \/>Sigur\u00f0ur Sk\u00falason<br \/>Solveig Gudmundsdottir<br \/>Svand\u00eds D\u00f3ra Einarsd\u00f3ttir<br \/>\u00der\u00fa\u00f0ur Vilhj\u00e1lmsd\u00f3ttir<br \/>Tinna Hrafnsd\u00f3ttir<br \/>Valdimar \u00d6rn Flygenring<br \/>V\u00edkingur Kristj\u00e1nsson<br \/>Walter Geir Gr\u00edmsson<\/p>","protected":false},"excerpt":{"rendered":"<p>F\u00e9lag leikrita og handritsh\u00f6funda efnir til h\u00f6fundah\u00e1t\u00ed\u00f0ar og umr\u00e6\u00f0u um starf og st\u00f6\u00f0u h\u00f6fundarins. Lesi\u00f0 ver\u00f0ur \u00far n\u00fdjum \u00edslenskum leikverkum eftir fimmt\u00e1n h\u00f6funda. \u00cd h\u00f3pnum eru b\u00e6\u00f0i reynsluboltar, h\u00f6fundar sem \u00feekktir eru fyrir ritst\u00f6rf en einnig leiksk\u00e1ld sem eru a\u00f0 st\u00edga s\u00edn fyrstu skref \u00ed ritlistinni. Alls munu \u00e1 \u00feri\u00f0ja tug leikara taka \u00fe\u00e1tt \u00ed [&hellip;]<\/p>\n","protected":false},"author":3,"featured_media":3439,"comment_status":"open","ping_status":"open","sticky":false,"template":"","format":"standard","meta":{"_et_pb_use_builder":"","_et_pb_old_content":"","_et_gb_content_width":"","footnotes":""},"categories":[187],"tags":[],"class_list":["post-3440","post","type-post","status-publish","format-standard","has-post-thumbnail","hentry","category-allar-frir","et-has-post-format-content","et_post_format-et-post-format-standard"],"_links":{"self":[{"href":"https:\/\/leiklist.is\/en\/wp-json\/wp\/v2\/posts\/3440","targetHints":{"allow":["GET"]}}],"collection":[{"href":"https:\/\/leiklist.is\/en\/wp-json\/wp\/v2\/posts"}],"about":[{"href":"https:\/\/leiklist.is\/en\/wp-json\/wp\/v2\/types\/post"}],"author":[{"embeddable":true,"href":"https:\/\/leiklist.is\/en\/wp-json\/wp\/v2\/users\/3"}],"replies":[{"embeddable":true,"href":"https:\/\/leiklist.is\/en\/wp-json\/wp\/v2\/comments?post=3440"}],"version-history":[{"count":0,"href":"https:\/\/leiklist.is\/en\/wp-json\/wp\/v2\/posts\/3440\/revisions"}],"wp:featuredmedia":[{"embeddable":true,"href":"https:\/\/leiklist.is\/en\/wp-json\/"}],"wp:attachment":[{"href":"https:\/\/leiklist.is\/en\/wp-json\/wp\/v2\/media?parent=3440"}],"wp:term":[{"taxonomy":"category","embeddable":true,"href":"https:\/\/leiklist.is\/en\/wp-json\/wp\/v2\/categories?post=3440"},{"taxonomy":"post_tag","embeddable":true,"href":"https:\/\/leiklist.is\/en\/wp-json\/wp\/v2\/tags?post=3440"}],"curies":[{"name":"wp","href":"https:\/\/api.w.org\/{rel}","templated":true}]}}