{"id":3427,"date":"2011-09-05T11:23:53","date_gmt":"2011-09-05T11:23:53","guid":{"rendered":"http:\/\/wp.leiklist.is\/?p=3427"},"modified":"2011-09-05T11:23:53","modified_gmt":"2011-09-05T11:23:53","slug":"leikfelag-selfoss-kynnir-vetrarstarfie","status":"publish","type":"post","link":"https:\/\/leiklist.is\/en\/leikfelag-selfoss-kynnir-vetrarstarfie\/","title":{"rendered":"Leikf\u00e9lag Selfoss kynnir vetrarstarfi\u00f0"},"content":{"rendered":"<p>Vetrarstarfi Leikf\u00e9lags Selfoss ver\u00f0ur \u00fdtt \u00far v\u00f6r me\u00f0 hinum \u00e1rlega haustfundi \u00ed Litla leikh\u00fasinu vi\u00f0 Sigt\u00fan m\u00e1nudaginn 12. september kl. 20:30. \u00c1 fundinum ver\u00f0ur dagskr\u00e1 vetrarins kynnt en margir st\u00f3rir sem sm\u00e1ir vi\u00f0bur\u00f0ir ver\u00f0a \u00e1 dagskr\u00e1 \u00e1 leik\u00e1rinu \u00fear sem allir geta fundi\u00f0 eitthva\u00f0 vi\u00f0 sitt h\u00e6fi b\u00e6\u00f0i sem \u00e1horfendur og \u00fe\u00e1tttakendur.<\/p>\n<p>  <!--more-->  <\/p>\n<p>Fundurinn ver\u00f0ur l\u00e9ttur og notalegur a\u00f0 vanda, heitt kaffi \u00e1 k\u00f6nnunni og allir velkomnir. S\u00e9rstaklega t\u00f6kum vi\u00f0 vel \u00e1 m\u00f3ti n\u00fdju f\u00f3lki sem hefur \u00e1huga \u00e1 a\u00f0 b\u00e6tast \u00ed hina s\u00edvaxandi leikh\u00fasfj\u00f6lskyldu e\u00f0a vill kynna s\u00e9r starf leikf\u00e9lagsins betur.<\/p>\n<p>\u00a0<\/p>\n<p>{mos_fb_discuss:3}<\/p>","protected":false},"excerpt":{"rendered":"<p>Vetrarstarfi Leikf\u00e9lags Selfoss ver\u00f0ur \u00fdtt \u00far v\u00f6r me\u00f0 hinum \u00e1rlega haustfundi \u00ed Litla leikh\u00fasinu vi\u00f0 Sigt\u00fan m\u00e1nudaginn 12. september kl. 20:30. \u00c1 fundinum ver\u00f0ur dagskr\u00e1 vetrarins kynnt en margir st\u00f3rir sem sm\u00e1ir vi\u00f0bur\u00f0ir ver\u00f0a \u00e1 dagskr\u00e1 \u00e1 leik\u00e1rinu \u00fear sem allir geta fundi\u00f0 eitthva\u00f0 vi\u00f0 sitt h\u00e6fi b\u00e6\u00f0i sem \u00e1horfendur og \u00fe\u00e1tttakendur.<\/p>","protected":false},"author":3,"featured_media":3322,"comment_status":"open","ping_status":"open","sticky":false,"template":"","format":"standard","meta":{"_et_pb_use_builder":"","_et_pb_old_content":"","_et_gb_content_width":"","footnotes":""},"categories":[187],"tags":[],"class_list":["post-3427","post","type-post","status-publish","format-standard","has-post-thumbnail","hentry","category-allar-frir","et-has-post-format-content","et_post_format-et-post-format-standard"],"_links":{"self":[{"href":"https:\/\/leiklist.is\/en\/wp-json\/wp\/v2\/posts\/3427","targetHints":{"allow":["GET"]}}],"collection":[{"href":"https:\/\/leiklist.is\/en\/wp-json\/wp\/v2\/posts"}],"about":[{"href":"https:\/\/leiklist.is\/en\/wp-json\/wp\/v2\/types\/post"}],"author":[{"embeddable":true,"href":"https:\/\/leiklist.is\/en\/wp-json\/wp\/v2\/users\/3"}],"replies":[{"embeddable":true,"href":"https:\/\/leiklist.is\/en\/wp-json\/wp\/v2\/comments?post=3427"}],"version-history":[{"count":0,"href":"https:\/\/leiklist.is\/en\/wp-json\/wp\/v2\/posts\/3427\/revisions"}],"wp:featuredmedia":[{"embeddable":true,"href":"https:\/\/leiklist.is\/en\/wp-json\/"}],"wp:attachment":[{"href":"https:\/\/leiklist.is\/en\/wp-json\/wp\/v2\/media?parent=3427"}],"wp:term":[{"taxonomy":"category","embeddable":true,"href":"https:\/\/leiklist.is\/en\/wp-json\/wp\/v2\/categories?post=3427"},{"taxonomy":"post_tag","embeddable":true,"href":"https:\/\/leiklist.is\/en\/wp-json\/wp\/v2\/tags?post=3427"}],"curies":[{"name":"wp","href":"https:\/\/api.w.org\/{rel}","templated":true}]}}