{"id":3426,"date":"2011-09-02T14:47:58","date_gmt":"2011-09-02T14:47:58","guid":{"rendered":"http:\/\/wp.leiklist.is\/?p=3426"},"modified":"2011-09-02T14:47:58","modified_gmt":"2011-09-02T14:47:58","slug":"kallinn-sem-gat-kitlae-sjalfan-sig","status":"publish","type":"post","link":"https:\/\/leiklist.is\/en\/kallinn-sem-gat-kitlae-sjalfan-sig\/","title":{"rendered":"Kallinn sem gat kitla\u00f0 sj\u00e1lfan sig"},"content":{"rendered":"<p>Leikh\u00f3purinn Fj\u00f6\u00f0ur \u00ed hatti s\u00fdnir leikriti\u00f0 Kallinn sem gat kitla\u00f0 sj\u00e1lfan sig \u00e1 Nor\u00f0urp\u00f3lnum. Dr. Flosi og Vanja fr\u00e6nka hans eru bestu vinir. Flosi er doktor \u00ed hl\u00e6ju- og kitluv\u00edsindum og safnar hl\u00e1tri \u00ed krukkur. Hann dreymir um a\u00f0 ver\u00f0a heimsfr\u00e6gur snillingur og komast \u00ed heimsmetab\u00f3k Gunnars. Einn daginn b\u00fd\u00f0ur hann V\u00f6nju fr\u00e6nku \u00ed heims\u00f3kn til a\u00f0 s\u00fdna henni n\u00fdjustu tilraunina. Hann hefur nefnilega fundi\u00f0 lei\u00f0 til a\u00f0 kitla sj\u00e1lfan sig!<\/p>\n<p \/>  <!--more-->  <\/p>\n<p>Sprenghl\u00e6gileg og h\u00e1dramat\u00edskt atvik eiga s\u00e9r sta\u00f0 \u00ed \u00feessari \u00f6rlagar\u00edku heims\u00f3kn V\u00f6nju fr\u00e6nku til Flosa. \u00d3s\u00fdnilegur k\u00f6ttur sk\u00fdtur upp kollinum, frisb\u00eddiskar flj\u00faga um og Dr. Flosi \u00fearf a\u00f0 taka \u00e1 honum st\u00f3ra s\u00ednum \u00feegar Vanja ver\u00f0ur \u00f3vart til vandr\u00e6\u00f0a. H\u00fan \u00e1 \u00fea\u00f0 nefnilega til a\u00f0 dansa allt \u00ed einu kj\u00e1nalega, alveg \u00e1n \u00feess a\u00f0 hafa stj\u00f3rn \u00e1 \u00fev\u00ed.\u2028 Kallinn sem gat kitla\u00f0 sj\u00e1lfan sig er innileg og fyndin s\u00fdning \u00e6tlu\u00f0 b\u00f6rnum.<\/p>\n<p>S\u00fdningin er um 50 m\u00edn\u00fatur a\u00f0 lengd me\u00f0 s\u00f6ng og dansi. Svo \u00e1 Dr. Flosi \u00fea\u00f0 til a\u00f0 bi\u00f0ja b\u00f6rnin um a\u00f0 hj\u00e1lpa s\u00e9r vi\u00f0 hitt og \u00feetta.<\/p>\n<p>S\u00fdningar:<\/p>\n<p>Sun. 04. Sept kl. 14.00, \u2028F\u00f6s. 09. Sept kl. 18.00\u2028, Sun. 11. Sept kl. 14.00, \u2028F\u00f6s. 16. Sept kl. 18.00, \u2028Sun. 18. Sept kl. 14.00, \u2028F\u00f6s. 23. Sept kl. 18.00\u2028, Sun. 25. Sept kl. 14.00, \u2028F\u00f6s. 30. Sept kl. 18.00<\/p>\n<p>H\u00e6gt er a\u00f0 panta mi\u00f0a \u00ed s\u00edma\u00a0561-0021\u202a\u00a0\u202c10.00 og 13.00 alla virka daga.\u2028 Einnig er h\u00e6gt a\u00f0 senda p\u00f3st \u00e1 <a href=\"mailto:midasala@nordurpollinn.com\">midasala@nordurpollinn.com<\/a> e\u00f0a einfaldlega panta\u00f0 \u00ed gegnum\u00a0mi\u00f0a.is.<\/p>\n<p>Fj\u00f6\u00f0ur \u00ed hatti er n\u00fdstofna\u00f0ur atvinnuleikh\u00f3pur en \u00feetta er \u00feeirra fyrsta verk undir \u00feessu nafni.<\/p>\n<p>Leikarar:\u00a0Finnbogi \u00deorkell J\u00f3nsson og Tinna \u00deorvalds \u00d6nnud\u00f3ttir<\/p>\n<p>Leikstj\u00f3rn:\u00a0\u00c1rni Kristj\u00e1nsson<\/p>\n<p>\u00datlitsh\u00f6nnun:\u00a0\u00c1sta Fanney Sigur\u00f0ard\u00f3ttir, Margr\u00e9t Agnes Iversen og Sif Yraola<\/p>\n<p>T\u00f3nlist:\u00a0Albert Hauksson<\/p>\n<p>*Var\u00fa\u00f0: Getur valdi\u00f0 alvarlegu tilfelli af hl\u00e1turskasti.<\/p>","protected":false},"excerpt":{"rendered":"<p>Leikh\u00f3purinn Fj\u00f6\u00f0ur \u00ed hatti s\u00fdnir leikriti\u00f0 Kallinn sem gat kitla\u00f0 sj\u00e1lfan sig \u00e1 Nor\u00f0urp\u00f3lnum. Dr. Flosi og Vanja fr\u00e6nka hans eru bestu vinir. Flosi er doktor \u00ed hl\u00e6ju- og kitluv\u00edsindum og safnar hl\u00e1tri \u00ed krukkur. Hann dreymir um a\u00f0 ver\u00f0a heimsfr\u00e6gur snillingur og komast \u00ed heimsmetab\u00f3k Gunnars. Einn daginn b\u00fd\u00f0ur hann V\u00f6nju fr\u00e6nku \u00ed heims\u00f3kn [&hellip;]<\/p>\n","protected":false},"author":3,"featured_media":3425,"comment_status":"open","ping_status":"open","sticky":false,"template":"","format":"standard","meta":{"_et_pb_use_builder":"","_et_pb_old_content":"","_et_gb_content_width":"","footnotes":""},"categories":[187],"tags":[],"class_list":["post-3426","post","type-post","status-publish","format-standard","has-post-thumbnail","hentry","category-allar-frir","et-has-post-format-content","et_post_format-et-post-format-standard"],"_links":{"self":[{"href":"https:\/\/leiklist.is\/en\/wp-json\/wp\/v2\/posts\/3426","targetHints":{"allow":["GET"]}}],"collection":[{"href":"https:\/\/leiklist.is\/en\/wp-json\/wp\/v2\/posts"}],"about":[{"href":"https:\/\/leiklist.is\/en\/wp-json\/wp\/v2\/types\/post"}],"author":[{"embeddable":true,"href":"https:\/\/leiklist.is\/en\/wp-json\/wp\/v2\/users\/3"}],"replies":[{"embeddable":true,"href":"https:\/\/leiklist.is\/en\/wp-json\/wp\/v2\/comments?post=3426"}],"version-history":[{"count":0,"href":"https:\/\/leiklist.is\/en\/wp-json\/wp\/v2\/posts\/3426\/revisions"}],"wp:featuredmedia":[{"embeddable":true,"href":"https:\/\/leiklist.is\/en\/wp-json\/"}],"wp:attachment":[{"href":"https:\/\/leiklist.is\/en\/wp-json\/wp\/v2\/media?parent=3426"}],"wp:term":[{"taxonomy":"category","embeddable":true,"href":"https:\/\/leiklist.is\/en\/wp-json\/wp\/v2\/categories?post=3426"},{"taxonomy":"post_tag","embeddable":true,"href":"https:\/\/leiklist.is\/en\/wp-json\/wp\/v2\/tags?post=3426"}],"curies":[{"name":"wp","href":"https:\/\/api.w.org\/{rel}","templated":true}]}}