{"id":3420,"date":"2011-09-01T11:59:17","date_gmt":"2011-09-01T11:59:17","guid":{"rendered":"http:\/\/wp.leiklist.is\/?p=3420"},"modified":"2011-09-01T11:59:17","modified_gmt":"2011-09-01T11:59:17","slug":"tjoeleikhusie-byrjar-leikarie-mee-stael","status":"publish","type":"post","link":"https:\/\/leiklist.is\/en\/tjoeleikhusie-byrjar-leikarie-mee-stael\/","title":{"rendered":"\u00dej\u00f3\u00f0leikh\u00fasi\u00f0 byrjar leik\u00e1ri\u00f0 me\u00f0 st\u00e6l"},"content":{"rendered":"<p>Leik\u00e1ri\u00f0 \u00ed \u00dej\u00f3\u00f0leikh\u00fasinu er hafi\u00f0 af fullum krafti. \u00c6fingar standa yfir \u00e1 margv\u00edslegum verkefnum v\u00ed\u00f0svegar um h\u00fasi\u00f0. Kynningarb\u00e6klingi \u00dej\u00f3\u00f0leikh\u00fassins var dreift \u00ed \u00f6ll h\u00fas \u00e1 h\u00f6fu\u00f0borgarsv\u00e6\u00f0inu og \u00e1 Akureyri en h\u00e6gt er a\u00f0 kynna s\u00e9r leiks\u00fdningar vetrarins <a href=\"http:\/\/www.thjodleikhusid.is\/Syningar\/Leikarid-2011-2012\">h\u00e9r<\/a>.<\/p>\n<p \/>  <!--more-->  <\/p>\n<p> Sala \u00e1 leikh\u00faskortum \u00dej\u00f3\u00f0leikh\u00fassins er n\u00fa \u00ed fullum gangi. Enn fleiri kort hafa selst en \u00e1 sama t\u00edma og \u00ed fyrra, en \u00fea\u00f0 var met\u00e1r \u00ed kortas\u00f6lu \u00dej\u00f3\u00f0leikh\u00fassins. Stefnir \u00fev\u00ed allt \u00ed a\u00f0 n\u00fdtt met ver\u00f0i slegi\u00f0. <\/p>\n<p align=\"LEFT\">\u00a0S\u00ed\u00f0asta leik\u00e1r var a\u00f0s\u00f3knarmesta leik\u00e1r \u00dej\u00f3\u00f0leikh\u00fassins \u00ed \u00e1rara\u00f0ir, og von er \u00e1 a\u00f0 ekkert l\u00e1t ver\u00f0i \u00e1 a\u00f0s\u00f3kn \u00ed leikh\u00fasi\u00f0 \u00ed vetur, enda leik\u00e1ri\u00f0 \u00f3venju fj\u00f6lbreytt og spennandi.<\/p>\n<p align=\"LEFT\">Fyrir m\u00f6rgum hl\u00fdtur uppsetning \u00dej\u00f3\u00f0leikh\u00fassins \u00e1 einum vins\u00e6lasta s\u00f6ngleik allra t\u00edma, Vesalingunum, a\u00f0 ver\u00f0a h\u00e1punktur leik\u00e1rsins, en fj\u00f6ldi fram\u00farskarandi leikara, s\u00f6ngvara og t\u00f3nlistarmanna tekur \u00fe\u00e1tt \u00ed s\u00fdningunni. J\u00f3las\u00fdningar \u00dej\u00f3\u00f0leikh\u00fassins \u00e1 Heimslj\u00f3si \u00ed me\u00f0f\u00f6rum Kjartans Ragnarssonar er einnig be\u00f0i\u00f0 me\u00f0 eftirv\u00e6ntingu. \u00deeir sem misstu af hinum geysivins\u00e6la gamanleik Listaverkinu \u00ed \u00dej\u00f3\u00f0leikh\u00fasinu fyrir fj\u00f3rt\u00e1n \u00e1rum, me\u00f0 \u00feeim Baltasar, Ingvari og Hilmi Sn\u00e6, \u00e6ttu ekki a\u00f0 l\u00e1ta \u00fea\u00f0 henda sig aftur, og fullv\u00edst er a\u00f0 \u00feeir sem s\u00e1u verki\u00f0 \u00e1 s\u00ednum t\u00edma vilja upplifa \u00feessa leikh\u00fasbombu a\u00f0 n\u00fdju. Leikh\u00fasi\u00f0 s\u00fdnir einnig afar \u00e1hrifamiki\u00f0 n\u00fdtt verk eftir Sofi Oksanen, Hreinsun, en h\u00fan hlaut b\u00f3kmenntaver\u00f0laun Nor\u00f0urlandar\u00e1\u00f0s \u00e1 s\u00ed\u00f0asta \u00e1ri.<\/p>\n<p align=\"LEFT\">\u00cd Kassanum s\u00fdnir \u00dej\u00f3\u00f0leikh\u00fasi\u00f0 fyrsta leikrit hins margver\u00f0launa\u00f0a h\u00f6fundar Au\u00f0ar \u00d6vu \u00d3lafsd\u00f3ttur, Svartan hund prestsins, og tv\u00e6r af perlum leikb\u00f3kmennta 20. aldarinnar, Daglei\u00f0ina l\u00f6ngu eftir Eugene O\u2019Neill og Afm\u00e6lisveisluna eftir Pinter.<\/p>\n<p align=\"LEFT\">Fj\u00f6ldi annarra s\u00fdninga ver\u00f0ur \u00e1 bo\u00f0st\u00f3lum, fyrir unga sem aldna, og er \u00fea\u00f0 n\u00fdlunda a\u00f0 s\u00fdndar ver\u00f0a s\u00fdningar af \u00fdmsu tagi \u00ed Leikh\u00faskjallaranum \u00ed vetur, n\u00fa fyrst me\u00f0 hinum \u00f3borganlegu P\u00f6rupiltum og Vigg\u00f3 og V\u00ed\u00f3lettu.<\/p>\n<p align=\"LEFT\">\u00dea\u00f0 ver\u00f0ur \u00fev\u00ed n\u00f3g um a\u00f0 vera \u00ed \u00dej\u00f3\u00f0leikh\u00fasinu \u00ed vetur.<\/p>\n<p align=\"LEFT\"><em>(Fr\u00e9ttatilkynning fr\u00e1 \u00dej\u00f3\u00f0leikh\u00fasinu)<\/em><\/p>","protected":false},"excerpt":{"rendered":"<p>Leik\u00e1ri\u00f0 \u00ed \u00dej\u00f3\u00f0leikh\u00fasinu er hafi\u00f0 af fullum krafti. \u00c6fingar standa yfir \u00e1 margv\u00edslegum verkefnum v\u00ed\u00f0svegar um h\u00fasi\u00f0. Kynningarb\u00e6klingi \u00dej\u00f3\u00f0leikh\u00fassins var dreift \u00ed \u00f6ll h\u00fas \u00e1 h\u00f6fu\u00f0borgarsv\u00e6\u00f0inu og \u00e1 Akureyri en h\u00e6gt er a\u00f0 kynna s\u00e9r leiks\u00fdningar vetrarins h\u00e9r.<\/p>","protected":false},"author":3,"featured_media":3419,"comment_status":"open","ping_status":"open","sticky":false,"template":"","format":"standard","meta":{"_et_pb_use_builder":"","_et_pb_old_content":"","_et_gb_content_width":"","footnotes":""},"categories":[187],"tags":[],"class_list":["post-3420","post","type-post","status-publish","format-standard","has-post-thumbnail","hentry","category-allar-frir","et-has-post-format-content","et_post_format-et-post-format-standard"],"_links":{"self":[{"href":"https:\/\/leiklist.is\/en\/wp-json\/wp\/v2\/posts\/3420","targetHints":{"allow":["GET"]}}],"collection":[{"href":"https:\/\/leiklist.is\/en\/wp-json\/wp\/v2\/posts"}],"about":[{"href":"https:\/\/leiklist.is\/en\/wp-json\/wp\/v2\/types\/post"}],"author":[{"embeddable":true,"href":"https:\/\/leiklist.is\/en\/wp-json\/wp\/v2\/users\/3"}],"replies":[{"embeddable":true,"href":"https:\/\/leiklist.is\/en\/wp-json\/wp\/v2\/comments?post=3420"}],"version-history":[{"count":0,"href":"https:\/\/leiklist.is\/en\/wp-json\/wp\/v2\/posts\/3420\/revisions"}],"wp:featuredmedia":[{"embeddable":true,"href":"https:\/\/leiklist.is\/en\/wp-json\/"}],"wp:attachment":[{"href":"https:\/\/leiklist.is\/en\/wp-json\/wp\/v2\/media?parent=3420"}],"wp:term":[{"taxonomy":"category","embeddable":true,"href":"https:\/\/leiklist.is\/en\/wp-json\/wp\/v2\/categories?post=3420"},{"taxonomy":"post_tag","embeddable":true,"href":"https:\/\/leiklist.is\/en\/wp-json\/wp\/v2\/tags?post=3420"}],"curies":[{"name":"wp","href":"https:\/\/api.w.org\/{rel}","templated":true}]}}