{"id":3398,"date":"2011-08-19T12:51:08","date_gmt":"2011-08-19T12:51:08","guid":{"rendered":"http:\/\/wp.leiklist.is\/?p=3398"},"modified":"2011-08-19T12:51:08","modified_gmt":"2011-08-19T12:51:08","slug":"tristram-og-isoend-i-gaflaraleikhusinu","status":"publish","type":"post","link":"https:\/\/leiklist.is\/en\/tristram-og-isoend-i-gaflaraleikhusinu\/","title":{"rendered":"Tristram og \u00cds\u00f6nd \u00ed Gaflaraleikh\u00fasinu"},"content":{"rendered":"<p>Leikf\u00e9lagi\u00f0 S\u00fdnir \u00e6fir n\u00fa af kappi n\u00fdja leikger\u00f0 af riddaras\u00f6gunni um Tristram og \u00cds\u00f6nd, \u00feeirri \u00f3b\u00e6rilegu \u00e1st sem \u00feau b\u00e1ru hvort til annars og \u00feeim grimmu \u00f6rl\u00f6gu sem st\u00edu\u00f0u \u00feeim \u00ed sundur. Leikstj\u00f3ri er \u00c1rmann Gu\u00f0mundsson en hann semur einnig leikger\u00f0ina \u00e1samt Gu\u00f0r\u00fanu S\u00f3ley Sigur\u00f0ard\u00f3ttur. S\u00fdnt ver\u00f0ur \u00ed Gaflaraleikh\u00fasinu \u00ed Hafnarfir\u00f0i og ver\u00f0ur frums\u00fdning a\u00f0ra helgina \u00ed september.<\/p>\n<p>  <!--more-->  <\/p>\n<p>Sagan af Tristram og \u00cds\u00f6nd er ein \u00feekkasta \u00e1starsaga mi\u00f0alda en h\u00fan segir fr\u00e1 riddaranum Tristram, systursyni Markis Englandskonungs, sem fengi\u00f0 er \u00fea\u00f0 verkefni a\u00f0 vinna \u00e1stir \u00cds\u00f6ndar \u00cdrlandsprinsessu fyrir h\u00f6nd fr\u00e6nda s\u00edns. Ekki vill \u00fe\u00f3 betur til en svo a\u00f0 Tristram og \u00cds\u00f6nd fella hugi saman og forbo\u00f0i\u00f0 \u00e1starsamband \u00feeirra hefst, \u00fer\u00e1tt fyrir a\u00f0 \u00cds\u00f6nd giftist Markis. \u00d6fl innan hir\u00f0arinn ar sitja a\u00f0 svikr\u00e1\u00f0um og sj\u00e1 s\u00e9r leik \u00e1 bor\u00f0i a\u00f0 notf\u00e6ra s\u00e9r \u00e1standi\u00f0 s\u00e9r til framdr\u00e1ttar.<\/p>\n<p>Upphaflega st\u00f3\u00f0 til a\u00f0 \u00feetta yr\u00f0i \u00fatileiks\u00fdning og s\u00fdnd \u00ed Elli\u00f0a\u00e1rdalnum \u00ed sumar en af \u00fdmsum ors\u00f6kum var \u00e1kve\u00f0i\u00f0 a\u00f0 flytja s\u00fdninguna inn. Leikriti\u00f0 er miki\u00f0 sj\u00f3narspil, miki\u00f0 lagt \u00ed alla umgj\u00f6r\u00f0 og t\u00f3nlist spilar veigamiki\u00f0 hlutverk \u00ed s\u00fdningunni. Lj\u00f3sah\u00f6nnu\u00f0ur er Benedikt \u00de\u00f3r Axelsson, b\u00faninga hannar D\u00fdrleif J\u00f3nsd\u00f3ttir, leikmuni gerir J\u00f3n \u00d6rn Bergsson og hannar hann einnig leikmynd \u00e1samt \u00c1rmanni Gu\u00f0mundssyni. T\u00f3nlistin \u00ed verkinu er samin af leikh\u00f3pnum, leikstj\u00f3ra og Birni Thorarensen sem jafnframt hefur yfirumsj\u00f3n me\u00f0 \u00fatsetningum.<\/p>\n<p>\u00c1rmann Gu\u00f0mundsson hefur leikst\u00fdrt h\u00e1tt \u00ed annan tug leikrita hj\u00e1 fj\u00f6lm\u00f6rgum \u00e1hugleikf\u00e9l\u00f6gum um allt land. Hann hefur jafnframt skrifa\u00f0 \u00e1 \u00feri\u00f0ja tug leikrita sem s\u00fdnd hafa veri\u00f0 b\u00e6\u00f0i \u00ed atvinnu- og \u00e1hugaleikh\u00fasi og jafnframt sami\u00f0 t\u00f3nlist fyrir m\u00f6rg \u00feeirra. Gu\u00f0r\u00fan S\u00f3ley Sigur\u00f0ard\u00f3ttir hefur m.a. sami\u00f0 leikrit fyrir Leikf\u00e9lag Hafnarfjar\u00f0ar og sigra\u00f0 \u00ed \u00f6rleikritasamkeppni \u00dej\u00f3\u00f0leikh\u00fasins.<\/p>\n<p>Leikf\u00e9lagi\u00f0 S\u00fdnir var stofna\u00f0 af ofvirkum \u00e1hugaleikurum sem s\u00f3ttu fyrsta \u00e1r Leiklistarsk\u00f3la Bandalags \u00edslenskra leikara \u00e1ri\u00f0 1997. S\u00ed\u00f0an hefur f\u00e9lagi\u00f0 sett upp \u00e1 annan tug verka me\u00f0 s\u00e9rstaka \u00e1herslu \u00e1 \u00fatileiks\u00fdningar og hefur \u00fe\u00e1 gjarnan fari\u00f0 \u00ed leikfer\u00f0ir \u00fat \u00e1 land. \u00c1 me\u00f0al verka sem f\u00e9lagi\u00f0 hefur sett upp eru Draumur \u00e1 J\u00f3nsmessun\u00f3tt, M\u00e1vurinn og St\u00fatungasaga.<\/p>\n<p>{mos_fb_discuss:2}<\/p>","protected":false},"excerpt":{"rendered":"<p>Leikf\u00e9lagi\u00f0 S\u00fdnir \u00e6fir n\u00fa af kappi n\u00fdja leikger\u00f0 af riddaras\u00f6gunni um Tristram og \u00cds\u00f6nd, \u00feeirri \u00f3b\u00e6rilegu \u00e1st sem \u00feau b\u00e1ru hvort til annars og \u00feeim grimmu \u00f6rl\u00f6gu sem st\u00edu\u00f0u \u00feeim \u00ed sundur. Leikstj\u00f3ri er \u00c1rmann Gu\u00f0mundsson en hann semur einnig leikger\u00f0ina \u00e1samt Gu\u00f0r\u00fanu S\u00f3ley Sigur\u00f0ard\u00f3ttur. S\u00fdnt ver\u00f0ur \u00ed Gaflaraleikh\u00fasinu \u00ed Hafnarfir\u00f0i og ver\u00f0ur frums\u00fdning a\u00f0ra [&hellip;]<\/p>\n","protected":false},"author":3,"featured_media":3397,"comment_status":"open","ping_status":"open","sticky":false,"template":"","format":"standard","meta":{"_et_pb_use_builder":"","_et_pb_old_content":"","_et_gb_content_width":"","footnotes":""},"categories":[187],"tags":[],"class_list":["post-3398","post","type-post","status-publish","format-standard","has-post-thumbnail","hentry","category-allar-frir","et-has-post-format-content","et_post_format-et-post-format-standard"],"_links":{"self":[{"href":"https:\/\/leiklist.is\/en\/wp-json\/wp\/v2\/posts\/3398","targetHints":{"allow":["GET"]}}],"collection":[{"href":"https:\/\/leiklist.is\/en\/wp-json\/wp\/v2\/posts"}],"about":[{"href":"https:\/\/leiklist.is\/en\/wp-json\/wp\/v2\/types\/post"}],"author":[{"embeddable":true,"href":"https:\/\/leiklist.is\/en\/wp-json\/wp\/v2\/users\/3"}],"replies":[{"embeddable":true,"href":"https:\/\/leiklist.is\/en\/wp-json\/wp\/v2\/comments?post=3398"}],"version-history":[{"count":0,"href":"https:\/\/leiklist.is\/en\/wp-json\/wp\/v2\/posts\/3398\/revisions"}],"wp:featuredmedia":[{"embeddable":true,"href":"https:\/\/leiklist.is\/en\/wp-json\/"}],"wp:attachment":[{"href":"https:\/\/leiklist.is\/en\/wp-json\/wp\/v2\/media?parent=3398"}],"wp:term":[{"taxonomy":"category","embeddable":true,"href":"https:\/\/leiklist.is\/en\/wp-json\/wp\/v2\/categories?post=3398"},{"taxonomy":"post_tag","embeddable":true,"href":"https:\/\/leiklist.is\/en\/wp-json\/wp\/v2\/tags?post=3398"}],"curies":[{"name":"wp","href":"https:\/\/api.w.org\/{rel}","templated":true}]}}