{"id":338,"date":"2005-09-12T12:02:44","date_gmt":"2005-09-12T12:02:44","guid":{"rendered":"http:\/\/wp.leiklist.is\/?p=338"},"modified":"2005-09-12T12:02:44","modified_gmt":"2005-09-12T12:02:44","slug":"fundur-ttaleikhu-v","status":"publish","type":"post","link":"https:\/\/leiklist.is\/en\/fundur-ttaleikhu-v\/","title":{"rendered":"Fundur \u00ed St\u00fadentaleikh\u00fasinu \u00ed kv\u00f6ld"},"content":{"rendered":"<p><img loading=\"lazy\" decoding=\"async\" src=\"http:\/\/www.leiklist.is\/10\/images\/stories\/Adildarfelog\/Sudvestur\/Studentaleikhusid\/thuveist.jpg\" width=\"140\" height=\"93\" style=\"float: right;\" hspace=\"6\" alt=\"Image\" title=\"Image\" border=\"0\" \/>N\u00fa fer starf St\u00fadentaleikh\u00fassins \u00e1 haust&ouml;nn a&eth; hefjast, og ver&eth;ur upphafsfundur haldinn m\u00e1nudagskv&ouml;ldi&eth; 12. september klukkan 20:00 \u00ed stofu 132 \u00ed &Ouml;skju. &THORN;ar geta allir sem einhvern \u00e1huga hafa \u00e1 a&eth; taka &thorn;\u00e1tt \u00ed leiklist komi&eth; og kynnt s&eacute;r hva&eth; vi&eth; &aelig;tlum a&eth; gera \u00ed haust. Mikilv&aelig;gt er a&eth; allir sem vilja vera me&eth; \u00ed haust m&aelig;ti \u00e1 &thorn;ennan fund. \u00c1hugi \u00e1 &thorn;v\u00ed a&eth; leika &thorn;arf ekki a&eth; vera skilyr&eth;i fyrir &thorn;v\u00ed a&eth; vera me&eth; okkur, &thorn;v\u00ed &thorn;a&eth; vantar alltaf f\u00f3lk \u00ed b\u00faninga-, leikmyndar-, t&aelig;kni- og marka&eth;sst&ouml;rf.<\/p>\n<p> Einnig m\u00e1 hafa samband vi&eth; <a href=\"mailto:ege@hi.is\">Erling<\/a> \u00ed t&ouml;lvup\u00f3sti. Vekjum einnig athygli \u00e1 <a href=\"http:\/\/sl.hi.is\">vef St\u00fadentaleikh\u00fassins<\/a> sem n\u00fa hefur fengi&eth; andlitslyftingu.<\/p>\n<p> Myndin er \u00far einni af s\u00fdningum St\u00fadentaleikh\u00fassins fr\u00e1 s\u00ed&eth;asta leik\u00e1ri, &THORN;\u00fa veist hvernig &thorn;etta er, en h\u00fan var valin athygliver&eth;asta&nbsp; \u00e1hugaleiks\u00fdning s\u00ed&eth;asta leik\u00e1rs af &THORN;j\u00f3&eth;leikh\u00fasinu.<\/p>","protected":false},"excerpt":{"rendered":"<p>N\u00fa fer starf St\u00fadentaleikh\u00fassins \u00e1 haust&ouml;nn a&eth; hefjast, og ver&eth;ur upphafsfundur haldinn m\u00e1nudagskv&ouml;ldi&eth; 12. september klukkan 20:00 \u00ed stofu 132 \u00ed &Ouml;skju. &THORN;ar geta allir sem einhvern \u00e1huga hafa \u00e1 a&eth; taka &thorn;\u00e1tt \u00ed leiklist komi&eth; og kynnt s&eacute;r hva&eth; vi&eth; &aelig;tlum a&eth; gera \u00ed haust. Mikilv&aelig;gt er a&eth; allir sem vilja vera me&eth; \u00ed [&hellip;]<\/p>\n","protected":false},"author":3,"featured_media":0,"comment_status":"open","ping_status":"open","sticky":false,"template":"","format":"standard","meta":{"_et_pb_use_builder":"","_et_pb_old_content":"","_et_gb_content_width":"","footnotes":""},"categories":[187],"tags":[],"class_list":["post-338","post","type-post","status-publish","format-standard","hentry","category-allar-frir","et-doesnt-have-format-content","et_post_format-et-post-format-standard"],"_links":{"self":[{"href":"https:\/\/leiklist.is\/en\/wp-json\/wp\/v2\/posts\/338","targetHints":{"allow":["GET"]}}],"collection":[{"href":"https:\/\/leiklist.is\/en\/wp-json\/wp\/v2\/posts"}],"about":[{"href":"https:\/\/leiklist.is\/en\/wp-json\/wp\/v2\/types\/post"}],"author":[{"embeddable":true,"href":"https:\/\/leiklist.is\/en\/wp-json\/wp\/v2\/users\/3"}],"replies":[{"embeddable":true,"href":"https:\/\/leiklist.is\/en\/wp-json\/wp\/v2\/comments?post=338"}],"version-history":[{"count":0,"href":"https:\/\/leiklist.is\/en\/wp-json\/wp\/v2\/posts\/338\/revisions"}],"wp:attachment":[{"href":"https:\/\/leiklist.is\/en\/wp-json\/wp\/v2\/media?parent=338"}],"wp:term":[{"taxonomy":"category","embeddable":true,"href":"https:\/\/leiklist.is\/en\/wp-json\/wp\/v2\/categories?post=338"},{"taxonomy":"post_tag","embeddable":true,"href":"https:\/\/leiklist.is\/en\/wp-json\/wp\/v2\/tags?post=338"}],"curies":[{"name":"wp","href":"https:\/\/api.w.org\/{rel}","templated":true}]}}