{"id":3344,"date":"2011-05-27T14:00:15","date_gmt":"2011-05-27T14:00:15","guid":{"rendered":"http:\/\/wp.leiklist.is\/?p=3344"},"modified":"2011-05-27T14:00:15","modified_gmt":"2011-05-27T14:00:15","slug":"aealfundur-halaleikhopsins-2011-haldinn-28-mai","status":"publish","type":"post","link":"https:\/\/leiklist.is\/en\/aealfundur-halaleikhopsins-2011-haldinn-28-mai\/","title":{"rendered":"A\u00f0alfundur Halaleikh\u00f3psins 2011 haldinn 28. ma\u00ed"},"content":{"rendered":"<\/p>\n<p \/>Ver\u00f0ur haldinn laugardaginn 28. ma\u00ed kl. 14.00 \u00ed Rau\u00f0a salnum, Sj\u00e1lfsbjargarh\u00fasinu H\u00e1t\u00fani 12 gengi\u00f0 inn a\u00f0 vestanver\u00f0u. Skv. l\u00f6gum f\u00e9lagsins geta allir fullgildir f\u00e9lagsmenn gefi\u00f0 kost \u00e1 s\u00e9r \u00ed \u00feessi emb\u00e6tti \u00e1 fundinum. N\u00fa er kj\u00f6ri\u00f0 t\u00e6kif\u00e6ri fyrir n\u00fdtt f\u00f3lk a\u00f0 gefa kost \u00e1 s\u00e9r \u00ed stj\u00f3rn. L\u00f6g f\u00e9lagsins m\u00e1 finna \u00e1 <a href=\"http:\/\/www.halaleikhopurinn.is\/log.htm\">vefnum<\/a> okkar.  <!--more-->  Dagskr\u00e1 a\u00f0alfundar skv. l\u00f6gum f\u00e9lagsins:<\/p>\n<p>1. Kosning fundarstj\u00f3ra og fundarritara.<br \/>2. Inntaka n\u00fdrra f\u00e9laga.<br \/>3. Sk\u00fdrsla stj\u00f3rnar.<br \/>4. Afgreiddir endursko\u00f0a\u00f0ir reikningar f\u00e9lagsins.<br \/>5. Afgrei\u00f0sla tillagna sem borist hafa fundinum, svo sem lagabreytingar. <br \/>6. Starfsemi n\u00e6sta leik\u00e1rs. <br \/>7. Kosning stj\u00f3rnar, varastj\u00f3rnar, tveir sko\u00f0unarmenn reikninga.<br \/>8. \u00d6nnur m\u00e1l<\/p>\n<p>Ath. a\u00f0eins skuldlausir f\u00e9lagar hafa atkv\u00e6\u00f0isr\u00e9tt \u00e1 a\u00f0alfundi.<\/p>\n<p>Augl\u00fdst er eftir frambo\u00f0um \u00ed eftirfarandi emb\u00e6tti:<br \/>&#8211; varaformann til tveggja \u00e1ra.\u00a0\u00a0\u00a0\u00a0\u00a0\u00a0\u00a0\u00a0\u00a0 <br \/>&#8211; gjaldkera til tveggja \u00e1ra.<br \/>&#8211; tvo varamenn \u00ed stj\u00f3rn til tveggja \u00e1ra.<br \/>&#8211; tvo sko\u00f0unarmenn reikninga.<\/p>\n<p>Skv. l\u00f6gum f\u00e9lagsins geta allir fullgildir f\u00e9lagsmenn gefi\u00f0 kost \u00e1 s\u00e9r \u00ed \u00feessi emb\u00e6tti \u00e1 fundinum. N\u00fa er kj\u00f6ri\u00f0 t\u00e6kif\u00e6ri fyrir n\u00fdtt f\u00f3lk a\u00f0 gefa kost \u00e1 s\u00e9r \u00ed stj\u00f3rn. L\u00f6g f\u00e9lagsins m\u00e1 finna \u00e1 vefnum okkar www.halaleikhopurinn.is\/log.htm<\/p>\n<p>Str\u00e1karnir \u00ed stj\u00f3rn \u00e6tla a\u00f0 baka fyrir okkur v\u00f6fflur me\u00f0 kaffinu \ud83d\ude42<\/p>\n<p>DVD diskar me\u00f0 G\u00f3\u00f0verkin kalla ! ver\u00f0a til s\u00f6lu \u00e1 fundinum ath. vi\u00f0 erum ekki me\u00f0 posa en h\u00e6gt er a\u00f0 millif\u00e6ra \u00e1 reikning 0546-14-600440 kt. 421192-2279 og muna a\u00f0 setja nafn ykkar \u00ed sk\u00fdringarreitinn og l\u00e1ta senda kvittuna \u00e1 <a href=\"mailto:gjaldkeri@halaleikhopurinn.is\">gjaldkeri@halaleikhopurinn.is<\/a><\/p>\n<p>Fj\u00f6lmennum og t\u00f6kum me\u00f0 okkur gesti. N\u00fdjir f\u00e9lagar velkomnir<\/p>\n<p>{mos_fb_discuss:3}<\/p>","protected":false},"excerpt":{"rendered":"<p>Ver\u00f0ur haldinn laugardaginn 28. ma\u00ed kl. 14.00 \u00ed Rau\u00f0a salnum, Sj\u00e1lfsbjargarh\u00fasinu H\u00e1t\u00fani 12 gengi\u00f0 inn a\u00f0 vestanver\u00f0u. Skv. l\u00f6gum f\u00e9lagsins geta allir fullgildir f\u00e9lagsmenn gefi\u00f0 kost \u00e1 s\u00e9r \u00ed \u00feessi emb\u00e6tti \u00e1 fundinum. N\u00fa er kj\u00f6ri\u00f0 t\u00e6kif\u00e6ri fyrir n\u00fdtt f\u00f3lk a\u00f0 gefa kost \u00e1 s\u00e9r \u00ed stj\u00f3rn. L\u00f6g f\u00e9lagsins m\u00e1 finna \u00e1 vefnum okkar.<\/p>","protected":false},"author":3,"featured_media":3343,"comment_status":"open","ping_status":"open","sticky":false,"template":"","format":"standard","meta":{"_et_pb_use_builder":"","_et_pb_old_content":"","_et_gb_content_width":"","footnotes":""},"categories":[187],"tags":[],"class_list":["post-3344","post","type-post","status-publish","format-standard","has-post-thumbnail","hentry","category-allar-frir","et-has-post-format-content","et_post_format-et-post-format-standard"],"_links":{"self":[{"href":"https:\/\/leiklist.is\/en\/wp-json\/wp\/v2\/posts\/3344","targetHints":{"allow":["GET"]}}],"collection":[{"href":"https:\/\/leiklist.is\/en\/wp-json\/wp\/v2\/posts"}],"about":[{"href":"https:\/\/leiklist.is\/en\/wp-json\/wp\/v2\/types\/post"}],"author":[{"embeddable":true,"href":"https:\/\/leiklist.is\/en\/wp-json\/wp\/v2\/users\/3"}],"replies":[{"embeddable":true,"href":"https:\/\/leiklist.is\/en\/wp-json\/wp\/v2\/comments?post=3344"}],"version-history":[{"count":0,"href":"https:\/\/leiklist.is\/en\/wp-json\/wp\/v2\/posts\/3344\/revisions"}],"wp:featuredmedia":[{"embeddable":true,"href":"https:\/\/leiklist.is\/en\/wp-json\/"}],"wp:attachment":[{"href":"https:\/\/leiklist.is\/en\/wp-json\/wp\/v2\/media?parent=3344"}],"wp:term":[{"taxonomy":"category","embeddable":true,"href":"https:\/\/leiklist.is\/en\/wp-json\/wp\/v2\/categories?post=3344"},{"taxonomy":"post_tag","embeddable":true,"href":"https:\/\/leiklist.is\/en\/wp-json\/wp\/v2\/tags?post=3344"}],"curies":[{"name":"wp","href":"https:\/\/api.w.org\/{rel}","templated":true}]}}