{"id":3342,"date":"2011-05-26T10:07:55","date_gmt":"2011-05-26T10:07:55","guid":{"rendered":"http:\/\/wp.leiklist.is\/?p=3342"},"modified":"2011-05-26T10:07:55","modified_gmt":"2011-05-26T10:07:55","slug":"metaesokn-a-mee-taninginn-i-toelvunni-og-leikfere-framundan","status":"publish","type":"post","link":"https:\/\/leiklist.is\/en\/metaesokn-a-mee-taninginn-i-toelvunni-og-leikfere-framundan\/","title":{"rendered":"Meta\u00f0s\u00f3kn \u00e1 Me\u00f0 t\u00e1ninginn \u00ed t\u00f6lvunni og leikfer\u00f0 framundan"},"content":{"rendered":"<\/p>\n<p \/>Leikf\u00e9lag H\u00f3lmav\u00edkur leggur upp \u00ed leikfer\u00f0 um Vestfir\u00f0i \u00ed n\u00e6stu viku, me\u00f0 uppsetningu \u00e1 hinum sprellfj\u00f6ruga gamanleik\u00a0 \u201eMe\u00f0 t\u00e1ning \u00ed t\u00f6lvunni\u201c eftir Ray Cooney. N\u00fa er endanlega b\u00fai\u00f0 a\u00f0 \u00e1kve\u00f0a hvar og hven\u00e6r s\u00fdningarnar ver\u00f0a en \u00fe\u00e6r ver\u00f0a \u00ferj\u00e1r \u00ed fer\u00f0inni, \u00e1 Patreksfir\u00f0i, \u00e1 Bolungarv\u00edk og \u00ed S\u00fa\u00f0av\u00edk. Leikf\u00e9lagi\u00f0 \u00e1 30 \u00e1ra afm\u00e6li \u00e1 \u00feri\u00f0judaginn og auk \u00feessarar uppf\u00e6rslu er \u00e6tlunin a\u00f0 minnast afm\u00e6lisins me\u00f0 fj\u00f6lbreyttum h\u00e6tti s\u00ed\u00f0ar \u00e1 \u00e1rinu.  <!--more-->  <\/p>\n<p>\u00dea\u00f0 er H\u00f3lmv\u00edkingurinn Arnar S. J\u00f3nsson sem leikst\u00fdrir og fara sj\u00f6 leikarar me\u00f0 hlutverk \u00ed s\u00fdningunni og eru flestir \u00feeirra a\u00f0 st\u00edga s\u00edn fyrstu skref me\u00f0 leikf\u00e9laginu. Auk \u00feeirra tekur annar eins fj\u00f6ldi \u00fe\u00e1tt \u00ed verkefnum \u00e1 bak vi\u00f0 tj\u00f6ldin. Uppsetningin hefur fengi\u00f0 f\u00e1d\u00e6ma g\u00f3\u00f0a a\u00f0s\u00f3kn hinga\u00f0 til. Fimm s\u00fdningar eru a\u00f0 baki \u00e1 H\u00f3lmav\u00edk og voru samtals h\u00e1tt \u00ed 450 gestir sem s\u00e1u \u00fe\u00e6r, sem samsvarar r\u00famlega \u00edb\u00faafj\u00f6lda \u00e1 sta\u00f0num.\u00a0 Leikf\u00e9lagi\u00f0 hefur gegnum t\u00ed\u00f0ina einkennst af mikililli fer\u00f0agle\u00f0i og hefur \u00ed gegnum t\u00ed\u00f0ina s\u00fdnt \u00e1 um \u00fea\u00f0 bil 50 st\u00f6\u00f0um \u00e1 landinu.<\/p>\n<p>S\u00fdningarnar \u00ed leikfer\u00f0inni ver\u00f0a sem h\u00e9r segir:<br \/>Fimmtudaginn 2. j\u00fan\u00ed \u00ed F\u00e9lagsheimilinu \u00e1 Patreksfir\u00f0i.<br \/>F\u00f6studaginn 3. j\u00fan\u00ed \u00ed F\u00e9lagsheimilinu \u00ed Bolungarv\u00edk.<br \/>Laugardaginn 4. j\u00fan\u00ed \u00ed Samkomuh\u00fasinu \u00ed S\u00fa\u00f0av\u00edk. <br \/>Allar s\u00fdningarnar hefjast kl 20.00.<\/p>\n<p>Menningarr\u00e1\u00f0 Vestfjar\u00f0a styrkir Leikf\u00e9lag H\u00f3lmav\u00edkur vegna leikfer\u00f0irinnar.<\/p>\n<p>{mos_fb_discuss:2}<\/p>","protected":false},"excerpt":{"rendered":"<p>Leikf\u00e9lag H\u00f3lmav\u00edkur leggur upp \u00ed leikfer\u00f0 um Vestfir\u00f0i \u00ed n\u00e6stu viku, me\u00f0 uppsetningu \u00e1 hinum sprellfj\u00f6ruga gamanleik\u00a0 \u201eMe\u00f0 t\u00e1ning \u00ed t\u00f6lvunni\u201c eftir Ray Cooney. N\u00fa er endanlega b\u00fai\u00f0 a\u00f0 \u00e1kve\u00f0a hvar og hven\u00e6r s\u00fdningarnar ver\u00f0a en \u00fe\u00e6r ver\u00f0a \u00ferj\u00e1r \u00ed fer\u00f0inni, \u00e1 Patreksfir\u00f0i, \u00e1 Bolungarv\u00edk og \u00ed S\u00fa\u00f0av\u00edk. Leikf\u00e9lagi\u00f0 \u00e1 30 \u00e1ra afm\u00e6li \u00e1 \u00feri\u00f0judaginn [&hellip;]<\/p>\n","protected":false},"author":3,"featured_media":3291,"comment_status":"open","ping_status":"open","sticky":false,"template":"","format":"standard","meta":{"_et_pb_use_builder":"","_et_pb_old_content":"","_et_gb_content_width":"","footnotes":""},"categories":[187],"tags":[],"class_list":["post-3342","post","type-post","status-publish","format-standard","has-post-thumbnail","hentry","category-allar-frir","et-has-post-format-content","et_post_format-et-post-format-standard"],"_links":{"self":[{"href":"https:\/\/leiklist.is\/en\/wp-json\/wp\/v2\/posts\/3342","targetHints":{"allow":["GET"]}}],"collection":[{"href":"https:\/\/leiklist.is\/en\/wp-json\/wp\/v2\/posts"}],"about":[{"href":"https:\/\/leiklist.is\/en\/wp-json\/wp\/v2\/types\/post"}],"author":[{"embeddable":true,"href":"https:\/\/leiklist.is\/en\/wp-json\/wp\/v2\/users\/3"}],"replies":[{"embeddable":true,"href":"https:\/\/leiklist.is\/en\/wp-json\/wp\/v2\/comments?post=3342"}],"version-history":[{"count":0,"href":"https:\/\/leiklist.is\/en\/wp-json\/wp\/v2\/posts\/3342\/revisions"}],"wp:featuredmedia":[{"embeddable":true,"href":"https:\/\/leiklist.is\/en\/wp-json\/"}],"wp:attachment":[{"href":"https:\/\/leiklist.is\/en\/wp-json\/wp\/v2\/media?parent=3342"}],"wp:term":[{"taxonomy":"category","embeddable":true,"href":"https:\/\/leiklist.is\/en\/wp-json\/wp\/v2\/categories?post=3342"},{"taxonomy":"post_tag","embeddable":true,"href":"https:\/\/leiklist.is\/en\/wp-json\/wp\/v2\/tags?post=3342"}],"curies":[{"name":"wp","href":"https:\/\/api.w.org\/{rel}","templated":true}]}}