{"id":3323,"date":"2011-05-10T11:32:58","date_gmt":"2011-05-10T11:32:58","guid":{"rendered":"http:\/\/wp.leiklist.is\/?p=3323"},"modified":"2011-05-10T11:32:58","modified_gmt":"2011-05-10T11:32:58","slug":"aealfundur-leikfelags-selfoss","status":"publish","type":"post","link":"https:\/\/leiklist.is\/en\/aealfundur-leikfelags-selfoss\/","title":{"rendered":"A\u00f0alfundur Leikf\u00e9lags Selfoss"},"content":{"rendered":"<\/p>\n<p>N\u00fa vorar loksins \u00e1 Su\u00f0urlandinu sem og Selfossi og \u00fea\u00f0 \u00fe\u00fd\u00f0ir a\u00f0eins eitt, a\u00f0alfundur Leikf\u00e9lags Selfoss er \u00e1 n\u00e6sta leiti.\u00a0 A\u00f0alfundur Leikf\u00e9lags Selfoss ver\u00f0ur haldinn mi\u00f0vikudaginn 11. ma\u00ed kl. 20.00 \u00ed Litla leikh\u00fasinu vi\u00f0 Sigt\u00fan. Hann ver\u00f0ur me\u00f0 hef\u00f0bundnu sni\u00f0i, venjuleg a\u00f0alfundarst\u00f6rf \u00ed l\u00e9ttri og heimilislegri stemningu. S\u00e9rstaklega bendum vi\u00f0 \u00e1 a\u00f0 inntaka n\u00fdrra f\u00e9laga fer fram \u00e1 a\u00f0alfundi og einnig fer fram kosning \u00ed stj\u00f3rn.<\/p>\n<p>  <!--more-->  <\/p>\n<p>\u00c1hugas\u00f6mum er bent \u00e1 a\u00f0 vera \u00f3hr\u00e6dd vi\u00f0 a\u00f0 bj\u00f3\u00f0a sig fram, stj\u00f3rnarstarfi\u00f0 er \u00feroskandi, krefjandi, l\u00e6rd\u00f3msr\u00edkt og skemmtilegt eins og flest \u00e1hugastarf. Kalla\u00f0 er eftir \u00e1bendingum um f\u00f3lk sem b\u00ed\u00f0ur sig fram \u00ed stj\u00f3rn \u00e1 fundinum \u00fear sem h\u00e6gt er a\u00f0 bj\u00f3\u00f0a sj\u00e1lfan sig fram e\u00f0a benda \u00e1 a\u00f0ra \u00e1hugasama (\u00ed samr\u00e1\u00f0i vi\u00f0 vi\u00f0komandi).<\/p>\n<p>Einnig hvetjum vi\u00f0 alla sem vilja b\u00e6tast \u00ed h\u00f3p n\u00fdrra f\u00e9laga a\u00f0 m\u00e6ta, f\u00e9lagi\u00f0 tekur \u00feeim opnum \u00f6rmum og \u00fea\u00f0 eru engar skyldur \u00e1 bakvi\u00f0 a\u00f0ild, engar kr\u00f6fur og engin skylda a\u00f0 hafa sta\u00f0i\u00f0 \u00e1 svi\u00f0i, \u00fe\u00f3nokkrir f\u00e9lagar vinna einungis bakvi\u00f0 tj\u00f6ldin og eru ekki s\u00ed\u00f0ur mikilv\u00e6gir.<\/p>\n<p>Allir eru velkomnir \u00e1 a\u00f0alfund og hl\u00f6kkum vi\u00f0 til a\u00f0 sj\u00e1 ykkur og bj\u00f3\u00f0um ykkur velkomin. Heitt ver\u00f0ur \u00e1 k\u00f6nnunni.<\/p>\n<p>{mos_fb_discuss:3}<\/p>","protected":false},"excerpt":{"rendered":"<p>N\u00fa vorar loksins \u00e1 Su\u00f0urlandinu sem og Selfossi og \u00fea\u00f0 \u00fe\u00fd\u00f0ir a\u00f0eins eitt, a\u00f0alfundur Leikf\u00e9lags Selfoss er \u00e1 n\u00e6sta leiti.\u00a0 A\u00f0alfundur Leikf\u00e9lags Selfoss ver\u00f0ur haldinn mi\u00f0vikudaginn 11. ma\u00ed kl. 20.00 \u00ed Litla leikh\u00fasinu vi\u00f0 Sigt\u00fan. Hann ver\u00f0ur me\u00f0 hef\u00f0bundnu sni\u00f0i, venjuleg a\u00f0alfundarst\u00f6rf \u00ed l\u00e9ttri og heimilislegri stemningu. S\u00e9rstaklega bendum vi\u00f0 \u00e1 a\u00f0 inntaka n\u00fdrra f\u00e9laga [&hellip;]<\/p>\n","protected":false},"author":3,"featured_media":3322,"comment_status":"open","ping_status":"open","sticky":false,"template":"","format":"standard","meta":{"_et_pb_use_builder":"","_et_pb_old_content":"","_et_gb_content_width":"","footnotes":""},"categories":[187],"tags":[],"class_list":["post-3323","post","type-post","status-publish","format-standard","has-post-thumbnail","hentry","category-allar-frir","et-has-post-format-content","et_post_format-et-post-format-standard"],"_links":{"self":[{"href":"https:\/\/leiklist.is\/en\/wp-json\/wp\/v2\/posts\/3323","targetHints":{"allow":["GET"]}}],"collection":[{"href":"https:\/\/leiklist.is\/en\/wp-json\/wp\/v2\/posts"}],"about":[{"href":"https:\/\/leiklist.is\/en\/wp-json\/wp\/v2\/types\/post"}],"author":[{"embeddable":true,"href":"https:\/\/leiklist.is\/en\/wp-json\/wp\/v2\/users\/3"}],"replies":[{"embeddable":true,"href":"https:\/\/leiklist.is\/en\/wp-json\/wp\/v2\/comments?post=3323"}],"version-history":[{"count":0,"href":"https:\/\/leiklist.is\/en\/wp-json\/wp\/v2\/posts\/3323\/revisions"}],"wp:featuredmedia":[{"embeddable":true,"href":"https:\/\/leiklist.is\/en\/wp-json\/"}],"wp:attachment":[{"href":"https:\/\/leiklist.is\/en\/wp-json\/wp\/v2\/media?parent=3323"}],"wp:term":[{"taxonomy":"category","embeddable":true,"href":"https:\/\/leiklist.is\/en\/wp-json\/wp\/v2\/categories?post=3323"},{"taxonomy":"post_tag","embeddable":true,"href":"https:\/\/leiklist.is\/en\/wp-json\/wp\/v2\/tags?post=3323"}],"curies":[{"name":"wp","href":"https:\/\/api.w.org\/{rel}","templated":true}]}}