{"id":3320,"date":"2011-05-10T10:35:56","date_gmt":"2011-05-10T10:35:56","guid":{"rendered":"http:\/\/wp.leiklist.is\/?p=3320"},"modified":"2011-05-10T10:35:56","modified_gmt":"2011-05-10T10:35:56","slug":"vie-flytjum","status":"publish","type":"post","link":"https:\/\/leiklist.is\/en\/vie-flytjum\/","title":{"rendered":"Vi\u00f0 flytjum!"},"content":{"rendered":"<p>Skrifstofa Bandalags \u00edslenskra leikf\u00e9laga flytur sig um set \u00ed n\u00e6stu viku og <strong>opnar \u00e1 n\u00fdjum sta\u00f0 m\u00e1nudaginn 23. ma\u00ed<\/strong> nk. <strong>Vegna flutninganna ver\u00f0ur loka\u00f0 alla n\u00e6stu viku e\u00f0a fr\u00e1 m\u00e1nudegi 16. ma\u00ed.<\/strong><\/p>\n<p>N\u00fdja h\u00fasn\u00e6\u00f0i\u00f0 er \u00e1 jar\u00f0h\u00e6\u00f0 a\u00f0 <strong><a href=\"http:\/\/ja.is\/kort\/#q=index_id:134978&amp;x=361487&amp;y=406616&amp;z=9\">Kleppsm\u00fdrarvegi 8<\/a> \u00ed p\u00f3stn\u00fameri 104 \u00ed Reykjav\u00edk<\/strong> og er um 70 fm a\u00f0 st\u00e6r\u00f0. Kleppsm\u00fdrarvegur gengur ni\u00f0ur af Skei\u00f0arvogi og \u00feetta er mj\u00f6g stutt fr\u00e1 H\u00fasasmi\u00f0junni vi\u00f0 Sk\u00fatuvog, sj\u00e1 kort.<\/p>\n<p>  <!--more-->  <\/p>\n<p>A\u00f0sto\u00f0 sj\u00e1lfbo\u00f0ali\u00f0a vi\u00f0 flutningana er vel \u00feegin. Vi\u00f0 byrjum laugardaginn 14. \u00e1 a\u00f0 taka ni\u00f0ur hillur, flytja \u00fe\u00e6r a\u00f0 n\u00fdja sta\u00f0inn og setja \u00fear upp. Til \u00feess vantar okkur f\u00f3lk me\u00f0 bor- og skr\u00fafv\u00e9lar. Vi\u00f0 reiknum svo me\u00f0 a\u00f0 flytja d\u00f3ti\u00f0 \u00ed einhverjum \u00e1f\u00f6ngum, pl\u00e1ssi\u00f0 er of l\u00edti\u00f0 til a\u00f0 r\u00e1\u00f0legt s\u00e9 a\u00f0 flytja allt \u00ed einu og hr\u00faga inn \u00e1 g\u00f3lf. \u00dei\u00f0 sem vilji\u00f0 vera svo v\u00e6n a\u00f0 hj\u00e1lpa til endilega sendi\u00f0 okkur l\u00ednu \u00e1 info@leiklist.is e\u00f0a hringi\u00f0 \u00ed s\u00edma 5516974 fyrir laugardaginn.<\/p>\n<p>A\u00f0 lokum \u00f3skum vi\u00f0 eftir flutningsk\u00f6ssum hinga\u00f0 \u00e1 Su\u00f0urlandsbrautina ef einhverjir luma \u00e1 sl\u00edku. Vi\u00f0 erum alltaf vi\u00f0 \u00e1 morgnanna en gott er a\u00f0 hringja \u00e1 undan s\u00e9r eftir h\u00e1degi\u00f0.<\/p>","protected":false},"excerpt":{"rendered":"<p>Skrifstofa Bandalags \u00edslenskra leikf\u00e9laga flytur sig um set \u00ed n\u00e6stu viku og opnar \u00e1 n\u00fdjum sta\u00f0 m\u00e1nudaginn 23. ma\u00ed nk. Vegna flutninganna ver\u00f0ur loka\u00f0 alla n\u00e6stu viku e\u00f0a fr\u00e1 m\u00e1nudegi 16. ma\u00ed. N\u00fdja h\u00fasn\u00e6\u00f0i\u00f0 er \u00e1 jar\u00f0h\u00e6\u00f0 a\u00f0 Kleppsm\u00fdrarvegi 8 \u00ed p\u00f3stn\u00fameri 104 \u00ed Reykjav\u00edk og er um 70 fm a\u00f0 st\u00e6r\u00f0. Kleppsm\u00fdrarvegur gengur ni\u00f0ur [&hellip;]<\/p>\n","protected":false},"author":3,"featured_media":3319,"comment_status":"open","ping_status":"open","sticky":false,"template":"","format":"standard","meta":{"_et_pb_use_builder":"","_et_pb_old_content":"","_et_gb_content_width":"","footnotes":""},"categories":[187],"tags":[],"class_list":["post-3320","post","type-post","status-publish","format-standard","has-post-thumbnail","hentry","category-allar-frir","et-has-post-format-content","et_post_format-et-post-format-standard"],"_links":{"self":[{"href":"https:\/\/leiklist.is\/en\/wp-json\/wp\/v2\/posts\/3320","targetHints":{"allow":["GET"]}}],"collection":[{"href":"https:\/\/leiklist.is\/en\/wp-json\/wp\/v2\/posts"}],"about":[{"href":"https:\/\/leiklist.is\/en\/wp-json\/wp\/v2\/types\/post"}],"author":[{"embeddable":true,"href":"https:\/\/leiklist.is\/en\/wp-json\/wp\/v2\/users\/3"}],"replies":[{"embeddable":true,"href":"https:\/\/leiklist.is\/en\/wp-json\/wp\/v2\/comments?post=3320"}],"version-history":[{"count":0,"href":"https:\/\/leiklist.is\/en\/wp-json\/wp\/v2\/posts\/3320\/revisions"}],"wp:featuredmedia":[{"embeddable":true,"href":"https:\/\/leiklist.is\/en\/wp-json\/"}],"wp:attachment":[{"href":"https:\/\/leiklist.is\/en\/wp-json\/wp\/v2\/media?parent=3320"}],"wp:term":[{"taxonomy":"category","embeddable":true,"href":"https:\/\/leiklist.is\/en\/wp-json\/wp\/v2\/categories?post=3320"},{"taxonomy":"post_tag","embeddable":true,"href":"https:\/\/leiklist.is\/en\/wp-json\/wp\/v2\/tags?post=3320"}],"curies":[{"name":"wp","href":"https:\/\/api.w.org\/{rel}","templated":true}]}}