{"id":3229,"date":"2011-03-18T12:48:38","date_gmt":"2011-03-18T12:48:38","guid":{"rendered":"http:\/\/wp.leiklist.is\/?p=3229"},"modified":"2020-03-02T09:53:31","modified_gmt":"2020-03-02T09:53:31","slug":"avarp-a-altjoelegum-leikhusdegi-barna-20-mars-2011","status":"publish","type":"post","link":"https:\/\/leiklist.is\/en\/avarp-a-altjoelegum-leikhusdegi-barna-20-mars-2011\/","title":{"rendered":"\u00c1varp \u00e1 al\u00fej\u00f3\u00f0legum leikh\u00fasdegi barna, 20. mars 2011"},"content":{"rendered":"<p \/>B\u00f6rnin gr\u00edpa andann \u00e1 lofti \u00feegar Lilli klifurm\u00fas r\u00e9tt sleppur upp \u00ed tr\u00e9 undan fantinum Mikka og sk\u00f6mmu s\u00ed\u00f0ar veltast \u00feau um af hl\u00e1tri \u00feegar Lilli leikur \u00e1 refinn. \u00dea\u00f0 er gott a\u00f0 vita af \u00fev\u00ed a\u00f0 \u00fe\u00f3 ma\u00f0ur s\u00e9 l\u00edtill \u00fe\u00e1 er ma\u00f0ur einhvers megnugur. \u00dea\u00f0 er l\u00edka gott a\u00f0 eiga einhverssta\u00f0ar athvarf \u00fear sem h\u00e6gt er a\u00f0 heyra s\u00f6gu sem segir eitthva\u00f0 um l\u00edfi\u00f0 sem ma\u00f0ur er a\u00f0 reyna a\u00f0 f\u00f3ta sig \u00ed. Og a\u00f0 gle\u00f0jast og\u00a0 fr\u00e6\u00f0ast og kannski hr\u00e6\u00f0ast p\u00ednul\u00edti\u00f0 en \u00fe\u00f3 ekki of miki\u00f0. \u00dea\u00f0 er b\u00f6rnum e\u00f0lilegt a\u00f0 leika s\u00e9r og leika og engir \u00e1horfendur eru \u00feakkl\u00e1tari \u00ed leikh\u00fasi ef \u00fea\u00f0 er gott og \u00e1hugalausari ef \u00fea\u00f0 er vont. Vi\u00f0 \u00e6ttum a\u00f0 sameinast um a\u00f0 tryggja b\u00f6rnum gott leikh\u00fas, \u00feau b\u00faa a\u00f0 \u00fev\u00ed alla \u00e6vi.  <!--more-->  <br \/>\u00c1 \u00cdslandi er enga stefnu a\u00f0 finna hj\u00e1 opinberum a\u00f0ilum \u00ed m\u00e1lefnum barna og unglingaleikh\u00fass nema ef vera skyldi kv\u00f6\u00f0 \u00e1 \u00dej\u00f3\u00f0leikh\u00fasi a\u00f0 setja upp barnas\u00fdningar. \u00dea\u00f0 er enginn s\u00e9rstakur sj\u00f3\u00f0ur sem sty\u00f0ur barnaleikh\u00fas og l\u00edtill stu\u00f0ningur opinberra a\u00f0ila vi\u00f0 \u00cdslandsdeild ASSITEJ, al\u00fej\u00f3\u00f0asamtaka um barna- og unglingaleikh\u00fas. \u00cd gegnum t\u00ed\u00f0ina hafa sj\u00e1lfst\u00e6\u00f0ir leikh\u00f3par veri\u00f0 duglegastir vi\u00f0 a\u00f0 sinna b\u00f6rnum og unglingum og hefur \u00feeim veri\u00f0 vel teki\u00f0 \u00ed grunn-\u00a0 og leiksk\u00f3lum. Kreppan hefur a\u00f0 miklu leyti kippt f\u00f3tunum undan \u00feeirri starfsemi \u00fev\u00ed kaup sk\u00f3la \u00e1 leiks\u00fdningum voru eitt af \u00fev\u00ed fyrsta sem lenti undir ni\u00f0urskur\u00f0arhn\u00edfnum og komi\u00f0 hefur berlega \u00ed lj\u00f3s a\u00f0 \u00fea\u00f0 er ekkert \u00f6ryggisnet fyrir leikh\u00f3pana og \u00fev\u00ed \u00f3lj\u00f3st n\u00fa hvort \u00feeir lifi e\u00f0a deyi. \u00c1 sama t\u00edma hefur dregi\u00f0 jafnt og \u00fe\u00e9tt \u00far opinberum stu\u00f0ningi vi\u00f0 sj\u00e1lfst\u00e6tt starfandi barnaleikh\u00fas. \u00c1 \u00cdslandi er s\u00fa go\u00f0s\u00f6gn l\u00edfseig a\u00f0 allir fari \u00ed leikh\u00fas, \u00f3h\u00e1\u00f0 st\u00e9tt og st\u00f6\u00f0u. Eflaust er sannleikskorn \u00ed \u00feessu enda hafa \u00f6ll \u00edslensk b\u00f6rn haft einhvern a\u00f0gang a\u00f0 leikh\u00fasi fram til \u00feessa. \u00dea\u00f0 er \u00fe\u00f3 st\u00f3rh\u00e6tta \u00e1 a\u00f0 \u00fea\u00f0 breytist n\u00fa og \u00fea\u00f0 ver\u00f0i forr\u00e9ttindi \u00feeirra efnameiri a\u00f0 stunda leikh\u00fas. <\/p>\n<p>\u00c1 al\u00fej\u00f3\u00f0legum leikh\u00fasdegi barna, 20. mars, sj\u00e1 Samt\u00f6k um barna og unglingaleikh\u00fas \u00e1 \u00cdslandi \u00fev\u00ed mi\u00f0ur f\u00e1ar \u00e1st\u00e6\u00f0ur til fagna\u00f0ar. Fj\u00e1rveitingar til sj\u00e1lfst\u00e6\u00f0ra barnaleikh\u00fasa eru n\u00e6rri n\u00fallinu, \u00fea\u00f0 eru f\u00e1ar barnaleiks\u00fdningar \u00e1 fj\u00f6lunum og leikh\u00f3par \u00feeir sem hafa hinga\u00f0 til sinnt b\u00f6rnum eru a\u00f0 draga saman seglin e\u00f0a h\u00e6tta. \u00cd al\u00fej\u00f3\u00f0legu samhengi erum vi\u00f0 snau\u00f0 \u00fej\u00f3\u00f0 \u00fev\u00ed vi\u00f0 h\u00f6fum ekki efni \u00e1 a\u00f0 gera vel vi\u00f0 b\u00f6rn. Samt erum vi\u00f0 alveg \u00f3gizzlega r\u00edk \u00ed al\u00fej\u00f3\u00f0legu samhengi og \u00fev\u00ed er \u00feetta r\u00e1\u00f0slag okkur til l\u00edtils s\u00f3ma. \u00dea\u00f0 fer \u00e1g\u00e6tlega \u00e1 \u00fevi a\u00f0 enda \u00feetta f\u00e1t\u00e6klega \u00e1varp me\u00f0 nokkrum lj\u00f3\u00f0l\u00ednum \u00far Kardimommub\u00e6num:<\/p>\n<p>Og \u00fev\u00ed Kardemommuborg \u00e9g bj\u00f3<br \/>hin bestu l\u00f6g \u00ed raun<br \/>og \u00ed \u00feessa g\u00f3\u00f0u l\u00f6gb\u00f3k letra\u00f0 var:<br \/>Engum s\u00e6mir a\u00f0ra a\u00f0 sv\u00edkja<br \/>allan s\u00f3ma stunda ber<br \/>annars geta menn bara lifa\u00f0 og leiki\u00f0 s\u00e9r.<\/p>\n<p style=\"text-align: right;\"><em>Samt\u00f6k um barna- og unglingaleikh\u00fas \u00e1 \u00cdslandi<\/em><\/p>\n<p>{mos_fb_discuss:3}<\/p>","protected":false},"excerpt":{"rendered":"<p>B\u00f6rnin gr\u00edpa andann \u00e1 lofti \u00feegar Lilli klifurm\u00fas r\u00e9tt sleppur upp \u00ed tr\u00e9 undan fantinum Mikka og sk\u00f6mmu s\u00ed\u00f0ar veltast \u00feau um af hl\u00e1tri \u00feegar Lilli leikur \u00e1 refinn. \u00dea\u00f0 er gott a\u00f0 vita af \u00fev\u00ed a\u00f0 \u00fe\u00f3 ma\u00f0ur s\u00e9 l\u00edtill \u00fe\u00e1 er ma\u00f0ur einhvers megnugur. \u00dea\u00f0 er l\u00edka gott a\u00f0 eiga einhverssta\u00f0ar athvarf \u00fear [&hellip;]<\/p>\n","protected":false},"author":3,"featured_media":3228,"comment_status":"open","ping_status":"open","sticky":false,"template":"","format":"standard","meta":{"_et_pb_use_builder":"","_et_pb_old_content":"","_et_gb_content_width":"","footnotes":""},"categories":[200],"tags":[],"class_list":["post-3229","post","type-post","status-publish","format-standard","has-post-thumbnail","hentry","category-markvert","et-has-post-format-content","et_post_format-et-post-format-standard"],"_links":{"self":[{"href":"https:\/\/leiklist.is\/en\/wp-json\/wp\/v2\/posts\/3229","targetHints":{"allow":["GET"]}}],"collection":[{"href":"https:\/\/leiklist.is\/en\/wp-json\/wp\/v2\/posts"}],"about":[{"href":"https:\/\/leiklist.is\/en\/wp-json\/wp\/v2\/types\/post"}],"author":[{"embeddable":true,"href":"https:\/\/leiklist.is\/en\/wp-json\/wp\/v2\/users\/3"}],"replies":[{"embeddable":true,"href":"https:\/\/leiklist.is\/en\/wp-json\/wp\/v2\/comments?post=3229"}],"version-history":[{"count":0,"href":"https:\/\/leiklist.is\/en\/wp-json\/wp\/v2\/posts\/3229\/revisions"}],"wp:featuredmedia":[{"embeddable":true,"href":"https:\/\/leiklist.is\/en\/wp-json\/"}],"wp:attachment":[{"href":"https:\/\/leiklist.is\/en\/wp-json\/wp\/v2\/media?parent=3229"}],"wp:term":[{"taxonomy":"category","embeddable":true,"href":"https:\/\/leiklist.is\/en\/wp-json\/wp\/v2\/categories?post=3229"},{"taxonomy":"post_tag","embeddable":true,"href":"https:\/\/leiklist.is\/en\/wp-json\/wp\/v2\/tags?post=3229"}],"curies":[{"name":"wp","href":"https:\/\/api.w.org\/{rel}","templated":true}]}}