{"id":3214,"date":"2011-03-16T11:14:15","date_gmt":"2011-03-16T11:14:15","guid":{"rendered":"http:\/\/wp.leiklist.is\/?p=3214"},"modified":"2011-03-16T11:14:15","modified_gmt":"2011-03-16T11:14:15","slug":"leikfelag-keflavikur-frumsynir-nyja-reviu","status":"publish","type":"post","link":"https:\/\/leiklist.is\/en\/leikfelag-keflavikur-frumsynir-nyja-reviu\/","title":{"rendered":"Leikf\u00e9lag Keflav\u00edkur frums\u00fdnir n\u00fdja rev\u00edu"},"content":{"rendered":"<\/p>\n<p \/>F\u00f6studaginn 18. mars frums\u00fdnir Leikf\u00e9lag Keflav\u00edkur rev\u00eduna B\u00e6rinn br\u00e6\u00f0ir \u00far s\u00e9r. H\u00f6fundar eru me\u00f0limir Brei\u00f0bandsins \u00e1samt leikf\u00e9lagsdrengjunum Arnari Inga og Gustav Helga. Leikstj\u00f3ri er Helga Braga J\u00f3nsd\u00f3ttir og er \u00feetta \u00ed \u00feri\u00f0ja sinn sem h\u00fan setur verk \u00e1 svi\u00f0 me\u00f0 f\u00e9laginu. \u00c6fingar hafa sta\u00f0i\u00f0 yfir s\u00ed\u00f0an \u00ed jan\u00faar og er allt a\u00f0 smella saman.  <!--more-->  <\/p>\n<p>\u00cd fyrra\u00a0 \u00e1kva\u00f0 Leikf\u00e9lag Keflav\u00edkur\u00a0 a\u00f0 r\u00e1\u00f0ast \u00ed skrif \u00e1 rev\u00edu \u00fear sem ansi miki\u00f0 hefur gerst \u00ed sveitarf\u00e9laginu og \u00fev\u00ed af n\u00e6gu a\u00f0 taka. Haft var samband vi\u00f0 me\u00f0limi Brei\u00f0bandsins um a\u00f0 taka \u00fe\u00e1tt \u00ed skrifum en \u00feeir skrifu\u00f0u einnig rev\u00eduna sem s\u00fdnd var fyrir fj\u00f3rum \u00e1rum s\u00ed\u00f0an. Leikf\u00e9lagsdrengirnir og stj\u00f3rnarme\u00f0limir f\u00e9lagsins \u00feeir Arnar Ingi og Gustav Helgi fengu a\u00f0 vera me\u00f0 enda kom \u00ed lj\u00f3s a\u00f0 \u00fear voru \u00e1 fer\u00f0inni \u00f6flugir, framt\u00ed\u00f0ar h\u00f6fundar.<\/p>\n<p>\u00c1\u00f0ur haf\u00f0i \u00d3mar heitinn J\u00f3hannsson skrifa\u00f0 rev\u00edur f\u00e9lagsins og m\u00e1 segja a\u00f0 hann hafi me\u00f0 skrifum s\u00ednum komi\u00f0 rev\u00edu\u00e6\u00f0inu \u00e1 korti\u00f0 og \u00ed minningu hans munu \u00fe\u00e6r f\u00e1 a\u00f0 lifa \u00e1fram enda alltaf afar vel s\u00f3ttar af b\u00e6jarb\u00faum. Fr\u00e1 upphafi kom ekki anna\u00f0 til greina en a\u00f0 f\u00e1 gr\u00ednleikkonuna Helgu Br\u00f6gu J\u00f3nsd\u00f3ttur sem leikst\u00fdru enda \u00feekkir h\u00fan vel til eftir a\u00f0 hafa sett tv\u00e6r af\u00a0 vins\u00e6lustu rev\u00edum f\u00e9lagsins \u00e1 svi\u00f0. Samstarfi\u00f0 hefur gengi\u00f0 afar vel og leikarah\u00f3purinn \u00fe\u00e9ttur og \u00f6flugur undir hennar stj\u00f3rn. \u00de\u00e1 s\u00e9r magadansm\u00e6rin Josy Zareen sem \u00e1 og rekur magadanssk\u00f3la \u00ed Reykjav\u00edk um alla dansa og dans\u00fej\u00e1lfun.<\/p>\n<p>\u00d6nnur s\u00fdning ver\u00f0ur sunnudaginn 20. mars kl. 20.00. H\u00e6gt er a\u00f0 n\u00e1lgast allar n\u00e1nari uppl\u00fdsingar um s\u00fdningar \u00e1 www.lk.is og \u00ed s\u00edma 4212540.<\/p>\n<p>{mos_fb_discuss:2}<\/p>","protected":false},"excerpt":{"rendered":"<p>F\u00f6studaginn 18. mars frums\u00fdnir Leikf\u00e9lag Keflav\u00edkur rev\u00eduna B\u00e6rinn br\u00e6\u00f0ir \u00far s\u00e9r. H\u00f6fundar eru me\u00f0limir Brei\u00f0bandsins \u00e1samt leikf\u00e9lagsdrengjunum Arnari Inga og Gustav Helga. Leikstj\u00f3ri er Helga Braga J\u00f3nsd\u00f3ttir og er \u00feetta \u00ed \u00feri\u00f0ja sinn sem h\u00fan setur verk \u00e1 svi\u00f0 me\u00f0 f\u00e9laginu. \u00c6fingar hafa sta\u00f0i\u00f0 yfir s\u00ed\u00f0an \u00ed jan\u00faar og er allt a\u00f0 smella saman.<\/p>","protected":false},"author":3,"featured_media":3213,"comment_status":"open","ping_status":"open","sticky":false,"template":"","format":"standard","meta":{"_et_pb_use_builder":"","_et_pb_old_content":"","_et_gb_content_width":"","footnotes":""},"categories":[187],"tags":[],"class_list":["post-3214","post","type-post","status-publish","format-standard","has-post-thumbnail","hentry","category-allar-frir","et-has-post-format-content","et_post_format-et-post-format-standard"],"_links":{"self":[{"href":"https:\/\/leiklist.is\/en\/wp-json\/wp\/v2\/posts\/3214","targetHints":{"allow":["GET"]}}],"collection":[{"href":"https:\/\/leiklist.is\/en\/wp-json\/wp\/v2\/posts"}],"about":[{"href":"https:\/\/leiklist.is\/en\/wp-json\/wp\/v2\/types\/post"}],"author":[{"embeddable":true,"href":"https:\/\/leiklist.is\/en\/wp-json\/wp\/v2\/users\/3"}],"replies":[{"embeddable":true,"href":"https:\/\/leiklist.is\/en\/wp-json\/wp\/v2\/comments?post=3214"}],"version-history":[{"count":0,"href":"https:\/\/leiklist.is\/en\/wp-json\/wp\/v2\/posts\/3214\/revisions"}],"wp:featuredmedia":[{"embeddable":true,"href":"https:\/\/leiklist.is\/en\/wp-json\/"}],"wp:attachment":[{"href":"https:\/\/leiklist.is\/en\/wp-json\/wp\/v2\/media?parent=3214"}],"wp:term":[{"taxonomy":"category","embeddable":true,"href":"https:\/\/leiklist.is\/en\/wp-json\/wp\/v2\/categories?post=3214"},{"taxonomy":"post_tag","embeddable":true,"href":"https:\/\/leiklist.is\/en\/wp-json\/wp\/v2\/tags?post=3214"}],"curies":[{"name":"wp","href":"https:\/\/api.w.org\/{rel}","templated":true}]}}