{"id":3176,"date":"2011-03-04T11:04:17","date_gmt":"2011-03-04T11:04:17","guid":{"rendered":"http:\/\/wp.leiklist.is\/?p=3176"},"modified":"2011-03-04T11:04:17","modified_gmt":"2011-03-04T11:04:17","slug":"mee-fullri-reisn-i-hoergardal","status":"publish","type":"post","link":"https:\/\/leiklist.is\/en\/mee-fullri-reisn-i-hoergardal\/","title":{"rendered":"Me\u00f0 fullri reisn \u00ed H\u00f6rg\u00e1rdal"},"content":{"rendered":"<\/p>\n<p \/>Leikf\u00e9lag H\u00f6rgd\u00e6la frums\u00fdndi verki\u00f0 Me\u00f0 fullri reisn fimmtudagskv\u00f6ldi\u00f0 3. mars \u00e1 Melum \u00ed H\u00f6rg\u00e1rdal. Leikriti\u00f0 er eftir Terrence McNally og \u00fe\u00fdtt af Karli \u00c1g\u00fasti \u00dalfssyni. Leikstj\u00f3ri er J\u00f3n Gunnar \u00de\u00f3r\u00f0arson og hefur hann, \u00e1samt leikh\u00f3pnum sta\u00f0f\u00e6rt verki\u00f0 heim \u00ed sveitina. Verki\u00f0 fjallar um b\u00e6ndur og b\u00e6ndai\u00f0na\u00f0inn og hvernig \u00ferengingar \u00fear og \u00ed fer\u00f0ai\u00f0na\u00f0inum reki \u00fe\u00e1 til a\u00f0ger\u00f0a. \u00c1kve\u00f0a \u00feeir \u00fev\u00ed a\u00f0 halda konukv\u00f6ld \u00fear sem f\u00f6tum mun f\u00e6kka, en hversu langt ver\u00f0ur gengi\u00f0? \u00c1tj\u00e1n leikarar st\u00edga \u00e1 svi\u00f0, samblanda af \u00ferautreyndum \u00e1hugaleikurum og n\u00fdli\u00f0um.  <!--more-->  <\/p>\n<p>Uppselt er \u00e1 n\u00edu af fyrstu t\u00f3lf s\u00fdningunum og \u00fev\u00ed er um a\u00f0 gera a\u00f0 panta s\u00e6ti sem fyrst.<\/p>\n<p>Stu\u00f0s\u00fdning \u00b7 f\u00f6studaginn 4. mars kl. 20:30<br \/>3. s\u00fdning \u00b7 laugardaginn 5. mars kl. 20:30<br \/>4. s\u00fdning \u00b7 f\u00f6studaginn 11. mars kl. 20:30<br \/>5. s\u00fdning \u00b7 laugardaginn 12. mars kl. 20:30<br \/>6. s\u00fdning \u00b7 f\u00f6studaginn 18. mars kl. 20:30<br \/>7. s\u00fdning \u00b7 laugardaginn 19. mars kl. 16:00<br \/>8. s\u00fdning \u00b7 laugardaginn 19. mars kl. 20:30<br \/>9. s\u00fdning \u00b7 f\u00f6studaginn 25. mars kl. 20:30<br \/>10. s\u00fdning \u00b7 laugardaginn 26. mars kl. 20:30<\/p>\n<p>S\u00fdningar-skipulag m\u00e1 n\u00e1lgast \u00e1 vefsl\u00f3\u00f0inni www.horga.is\/leikfelag<\/p>\n<p>{mos_fb_discuss:2}<\/p>","protected":false},"excerpt":{"rendered":"<p>Leikf\u00e9lag H\u00f6rgd\u00e6la frums\u00fdndi verki\u00f0 Me\u00f0 fullri reisn fimmtudagskv\u00f6ldi\u00f0 3. mars \u00e1 Melum \u00ed H\u00f6rg\u00e1rdal. Leikriti\u00f0 er eftir Terrence McNally og \u00fe\u00fdtt af Karli \u00c1g\u00fasti \u00dalfssyni. Leikstj\u00f3ri er J\u00f3n Gunnar \u00de\u00f3r\u00f0arson og hefur hann, \u00e1samt leikh\u00f3pnum sta\u00f0f\u00e6rt verki\u00f0 heim \u00ed sveitina. Verki\u00f0 fjallar um b\u00e6ndur og b\u00e6ndai\u00f0na\u00f0inn og hvernig \u00ferengingar \u00fear og \u00ed fer\u00f0ai\u00f0na\u00f0inum reki \u00fe\u00e1 [&hellip;]<\/p>\n","protected":false},"author":3,"featured_media":3175,"comment_status":"open","ping_status":"open","sticky":false,"template":"","format":"standard","meta":{"_et_pb_use_builder":"","_et_pb_old_content":"","_et_gb_content_width":"","footnotes":""},"categories":[187],"tags":[],"class_list":["post-3176","post","type-post","status-publish","format-standard","has-post-thumbnail","hentry","category-allar-frir","et-has-post-format-content","et_post_format-et-post-format-standard"],"_links":{"self":[{"href":"https:\/\/leiklist.is\/en\/wp-json\/wp\/v2\/posts\/3176","targetHints":{"allow":["GET"]}}],"collection":[{"href":"https:\/\/leiklist.is\/en\/wp-json\/wp\/v2\/posts"}],"about":[{"href":"https:\/\/leiklist.is\/en\/wp-json\/wp\/v2\/types\/post"}],"author":[{"embeddable":true,"href":"https:\/\/leiklist.is\/en\/wp-json\/wp\/v2\/users\/3"}],"replies":[{"embeddable":true,"href":"https:\/\/leiklist.is\/en\/wp-json\/wp\/v2\/comments?post=3176"}],"version-history":[{"count":0,"href":"https:\/\/leiklist.is\/en\/wp-json\/wp\/v2\/posts\/3176\/revisions"}],"wp:featuredmedia":[{"embeddable":true,"href":"https:\/\/leiklist.is\/en\/wp-json\/"}],"wp:attachment":[{"href":"https:\/\/leiklist.is\/en\/wp-json\/wp\/v2\/media?parent=3176"}],"wp:term":[{"taxonomy":"category","embeddable":true,"href":"https:\/\/leiklist.is\/en\/wp-json\/wp\/v2\/categories?post=3176"},{"taxonomy":"post_tag","embeddable":true,"href":"https:\/\/leiklist.is\/en\/wp-json\/wp\/v2\/tags?post=3176"}],"curies":[{"name":"wp","href":"https:\/\/api.w.org\/{rel}","templated":true}]}}