{"id":3163,"date":"2011-02-28T11:57:12","date_gmt":"2011-02-28T11:57:12","guid":{"rendered":"http:\/\/wp.leiklist.is\/?p=3163"},"modified":"2020-03-02T10:14:25","modified_gmt":"2020-03-02T10:14:25","slug":"eintattungahatie-i-mosfellsbae-29-april","status":"publish","type":"post","link":"https:\/\/leiklist.is\/en\/eintattungahatie-i-mosfellsbae-29-april\/","title":{"rendered":"Ein\u00fe\u00e1ttungah\u00e1t\u00ed\u00f0 \u00ed Mosfellsb\u00e6 29. apr\u00edl"},"content":{"rendered":"<\/p>\n<p>\u00cd tengslum vi\u00f0 a\u00f0alfund Bandalags \u00edslenskra leikf\u00e9laga\u00a0 dagana 29. apr\u00edl til 1. ma\u00ed ver\u00f0ur haldin ein\u00fe\u00e1ttungah\u00e1t\u00ed\u00f0 \u00ed B\u00e6jarleikh\u00fasinu \u00ed Mosfellsb\u00e6. Hefst h\u00fan kl. 14. f\u00f6studaginn 29. apr\u00edl og stendur fram \u00e1 kv\u00f6ld eftir \u00fev\u00ed \u00fe\u00e1tttaka leyfir. \u00d6ll a\u00f0ildarf\u00e9l\u00f6g Bandalagsins eru eindregi\u00f0 hv\u00f6tt til a\u00f0 taka \u00fe\u00e1tt \u00ed h\u00e1t\u00ed\u00f0inni.<\/p>\n<p>  <!--more-->  <\/p>\n<p>\u00a0<\/p>\n<p>\u00de\u00e1ttt\u00f6kuskilyr\u00f0i eru eftirfarandi:<br \/>&#8211; H\u00e1markslengd leik\u00fe\u00e1tta er 30 m\u00edn\u00fatur.<br \/>&#8211; Umgj\u00f6r\u00f0 s\u00fdninga skal vera eins einf\u00f6ld og framast er unnt.<br \/>&#8211; Ef heildarlengd s\u00fdninga fer yfir t\u00edmam\u00f6rk h\u00e1t\u00ed\u00f0arinnar ver\u00f0a \u00feau f\u00e9l\u00f6g sem senda flesta \u00fe\u00e6tti be\u00f0in um a\u00f0 f\u00e6kka \u00feeim.<br \/>&#8211; Frestur til a\u00f0 tilkynna \u00fe\u00e1ttt\u00f6ku leik\u00fe\u00e1tta \u00e1 h\u00e1t\u00ed\u00f0inni rennur \u00far 15. apr\u00edl.<\/p>\n<p>Ums\u00f3knarey\u00f0ubl\u00f6\u00f0 ver\u00f0a send \u00fat me\u00f0 a\u00f0alfundarbo\u00f0i \u00ed lok mars.<\/p>\n<p>{mos_fb_discuss:3}<\/p>","protected":false},"excerpt":{"rendered":"<p>\u00cd tengslum vi\u00f0 a\u00f0alfund Bandalags \u00edslenskra leikf\u00e9laga\u00a0 dagana 29. apr\u00edl til 1. ma\u00ed ver\u00f0ur haldin ein\u00fe\u00e1ttungah\u00e1t\u00ed\u00f0 \u00ed B\u00e6jarleikh\u00fasinu \u00ed Mosfellsb\u00e6. Hefst h\u00fan kl. 14. f\u00f6studaginn 29. apr\u00edl og stendur fram \u00e1 kv\u00f6ld eftir \u00fev\u00ed \u00fe\u00e1tttaka leyfir. \u00d6ll a\u00f0ildarf\u00e9l\u00f6g Bandalagsins eru eindregi\u00f0 hv\u00f6tt til a\u00f0 taka \u00fe\u00e1tt \u00ed h\u00e1t\u00ed\u00f0inni.<\/p>","protected":false},"author":3,"featured_media":2527,"comment_status":"open","ping_status":"open","sticky":false,"template":"","format":"standard","meta":{"_et_pb_use_builder":"","_et_pb_old_content":"","_et_gb_content_width":"","footnotes":""},"categories":[200],"tags":[],"class_list":["post-3163","post","type-post","status-publish","format-standard","has-post-thumbnail","hentry","category-markvert","et-has-post-format-content","et_post_format-et-post-format-standard"],"_links":{"self":[{"href":"https:\/\/leiklist.is\/en\/wp-json\/wp\/v2\/posts\/3163","targetHints":{"allow":["GET"]}}],"collection":[{"href":"https:\/\/leiklist.is\/en\/wp-json\/wp\/v2\/posts"}],"about":[{"href":"https:\/\/leiklist.is\/en\/wp-json\/wp\/v2\/types\/post"}],"author":[{"embeddable":true,"href":"https:\/\/leiklist.is\/en\/wp-json\/wp\/v2\/users\/3"}],"replies":[{"embeddable":true,"href":"https:\/\/leiklist.is\/en\/wp-json\/wp\/v2\/comments?post=3163"}],"version-history":[{"count":0,"href":"https:\/\/leiklist.is\/en\/wp-json\/wp\/v2\/posts\/3163\/revisions"}],"wp:featuredmedia":[{"embeddable":true,"href":"https:\/\/leiklist.is\/en\/wp-json\/wp\/v2\/media\/2527"}],"wp:attachment":[{"href":"https:\/\/leiklist.is\/en\/wp-json\/wp\/v2\/media?parent=3163"}],"wp:term":[{"taxonomy":"category","embeddable":true,"href":"https:\/\/leiklist.is\/en\/wp-json\/wp\/v2\/categories?post=3163"},{"taxonomy":"post_tag","embeddable":true,"href":"https:\/\/leiklist.is\/en\/wp-json\/wp\/v2\/tags?post=3163"}],"curies":[{"name":"wp","href":"https:\/\/api.w.org\/{rel}","templated":true}]}}