{"id":3127,"date":"2011-02-01T11:38:51","date_gmt":"2011-02-01T11:38:51","guid":{"rendered":"http:\/\/wp.leiklist.is\/?p=3127"},"modified":"2011-02-01T11:38:51","modified_gmt":"2011-02-01T11:38:51","slug":"brak-a-leie-i-tjoeleikhusie","status":"publish","type":"post","link":"https:\/\/leiklist.is\/en\/brak-a-leie-i-tjoeleikhusie\/","title":{"rendered":"Br\u00e1k \u00e1 lei\u00f0 \u00ed \u00dej\u00f3\u00f0leikh\u00fasi\u00f0"},"content":{"rendered":"<\/p>\n<p \/>Einleikurinn Br\u00e1k eftir Brynhildi Gu\u00f0j\u00f3nsd\u00f3ttur hefur veri\u00f0 s\u00fdndur undanfarin \u00ferj\u00fa \u00e1r \u00e1 S\u00f6gulofti Landn\u00e1mssetursins \u00ed Borgarnesi. Verki\u00f0 var s\u00e9rstaklega skrifa\u00f0 til flutnings \u00fear og hefur s\u00fdningin, \u00ed leikstj\u00f3rn Atla Rafns Sigur\u00f0arsonar, gengi\u00f0 fyrir fullu h\u00fasi \u00ed \u00ferj\u00fa \u00e1r. N\u00fa hefur Landn\u00e1mssetur \u2013 Brynhildur \u00feegi\u00f0 bo\u00f0 \u00dej\u00f3\u00f0leikh\u00fassins um a\u00f0 s\u00fdna verki\u00f0 \u00ed K\u00falunni og hefjast s\u00fdningar \u00fear 6. febr\u00faar.  <!--more-->  <\/p>\n<p>Verki\u00f0 er saga \u00deorger\u00f0ar br\u00e1kar, amb\u00e1ttar landn\u00e1msmannsins Skallagr\u00edms Kveld\u00falfssonar og f\u00f3stru Egils Skallagr\u00edmssonar. Leikriti\u00f0 vann Brynhildur upp\u00far Egilss\u00f6gu a\u00f0allega en \u00f6\u00f0rum \u00cdslendingas\u00f6gum einnig, fornaldars\u00f6gum nor\u00f0urlanda, svo og \u00edrskum s\u00f6gum og ann\u00e1lum. Fr\u00e1s\u00f6gnin er innbl\u00e1sin af sagnahef\u00f0 s\u00f6gualdar \u00e1 \u00cdslandi og fr\u00e1s\u00f6gnum af \u00feeim fj\u00f6lm\u00f6rgu konum sem hnepptar voru \u00ed \u00e1nau\u00f0 og fluttar til \u00cdslands \u00e1 V\u00edkinga\u00f6ld. Verki\u00f0 varpar lj\u00f3si \u00e1 amb\u00e1ttina Br\u00e1k, konuna sem f\u00f3stra\u00f0i sk\u00e1ldskaparg\u00e1fu mesta sk\u00e1lds \u00cdslendinga, hj\u00e1lpa\u00f0i honum a\u00f0 finna farveginn og a\u00f0 lokum gaf honum l\u00edf sitt.<\/p>\n<p>Leikriti\u00f0 hefur hloti\u00f0 einr\u00f3ma lof gagnr\u00fdnenda og hlaut Brynhildur \u00e1 s\u00ednum t\u00edma tvenn Gr\u00edmuver\u00f0laun fyrir verki\u00f0, annars vegar sem Leikkona \u00e1rsins \u00ed a\u00f0alhlutverki 2008 og einnig sem Leiksk\u00e1ld \u00e1rsins 2008.<\/p>\n<p>{mos_fb_discuss:2}<\/p>","protected":false},"excerpt":{"rendered":"<p>Einleikurinn Br\u00e1k eftir Brynhildi Gu\u00f0j\u00f3nsd\u00f3ttur hefur veri\u00f0 s\u00fdndur undanfarin \u00ferj\u00fa \u00e1r \u00e1 S\u00f6gulofti Landn\u00e1mssetursins \u00ed Borgarnesi. Verki\u00f0 var s\u00e9rstaklega skrifa\u00f0 til flutnings \u00fear og hefur s\u00fdningin, \u00ed leikstj\u00f3rn Atla Rafns Sigur\u00f0arsonar, gengi\u00f0 fyrir fullu h\u00fasi \u00ed \u00ferj\u00fa \u00e1r. N\u00fa hefur Landn\u00e1mssetur \u2013 Brynhildur \u00feegi\u00f0 bo\u00f0 \u00dej\u00f3\u00f0leikh\u00fassins um a\u00f0 s\u00fdna verki\u00f0 \u00ed K\u00falunni og hefjast s\u00fdningar [&hellip;]<\/p>\n","protected":false},"author":3,"featured_media":3126,"comment_status":"open","ping_status":"open","sticky":false,"template":"","format":"standard","meta":{"_et_pb_use_builder":"","_et_pb_old_content":"","_et_gb_content_width":"","footnotes":""},"categories":[187],"tags":[],"class_list":["post-3127","post","type-post","status-publish","format-standard","has-post-thumbnail","hentry","category-allar-frir","et-has-post-format-content","et_post_format-et-post-format-standard"],"_links":{"self":[{"href":"https:\/\/leiklist.is\/en\/wp-json\/wp\/v2\/posts\/3127","targetHints":{"allow":["GET"]}}],"collection":[{"href":"https:\/\/leiklist.is\/en\/wp-json\/wp\/v2\/posts"}],"about":[{"href":"https:\/\/leiklist.is\/en\/wp-json\/wp\/v2\/types\/post"}],"author":[{"embeddable":true,"href":"https:\/\/leiklist.is\/en\/wp-json\/wp\/v2\/users\/3"}],"replies":[{"embeddable":true,"href":"https:\/\/leiklist.is\/en\/wp-json\/wp\/v2\/comments?post=3127"}],"version-history":[{"count":0,"href":"https:\/\/leiklist.is\/en\/wp-json\/wp\/v2\/posts\/3127\/revisions"}],"wp:featuredmedia":[{"embeddable":true,"href":"https:\/\/leiklist.is\/en\/wp-json\/"}],"wp:attachment":[{"href":"https:\/\/leiklist.is\/en\/wp-json\/wp\/v2\/media?parent=3127"}],"wp:term":[{"taxonomy":"category","embeddable":true,"href":"https:\/\/leiklist.is\/en\/wp-json\/wp\/v2\/categories?post=3127"},{"taxonomy":"post_tag","embeddable":true,"href":"https:\/\/leiklist.is\/en\/wp-json\/wp\/v2\/tags?post=3127"}],"curies":[{"name":"wp","href":"https:\/\/api.w.org\/{rel}","templated":true}]}}