{"id":3062,"date":"2010-11-16T09:10:53","date_gmt":"2010-11-16T09:10:53","guid":{"rendered":"http:\/\/wp.leiklist.is\/?p=3062"},"modified":"2010-11-16T09:10:53","modified_gmt":"2010-11-16T09:10:53","slug":"islandsklukkan-synd-a-akureyri-um-naestu-helgi","status":"publish","type":"post","link":"https:\/\/leiklist.is\/en\/islandsklukkan-synd-a-akureyri-um-naestu-helgi\/","title":{"rendered":"\u00cdslandsklukkan s\u00fdnd \u00e1 Akureyri um n\u00e6stu helgi"},"content":{"rendered":"<p>Um n\u00e6stu helgi, 19.-21. n\u00f3vember, heldur \u00dej\u00f3\u00f0leikh\u00fasi\u00f0 \u00ed leikfer\u00f0 nor\u00f0ur yfir hei\u00f0ar me\u00f0 \u00cdslandsklukkuna. Alls ver\u00f0a \u00ferj\u00e1r s\u00fdningar \u00ed menningarh\u00fasinu Hofi \u00e1 Akureyri, kv\u00f6lds\u00fdningar \u00e1 f\u00f6studegi og laugardegi en \u00e1 sunnudeginum er s\u00fdning kl. 14. \u00cdslandsklukkan var frums\u00fdnd \u00feann 22. apr\u00edl \u00e1 li\u00f0nu vori, \u00ed tilefni af 60 \u00e1ra afm\u00e6li \u00dej\u00f3\u00f0leikh\u00fassins. S\u00fdningin hefur fengi\u00f0 fr\u00e1b\u00e6rar vi\u00f0t\u00f6kur \u00e1horfenda og gagnr\u00fdnenda og veri\u00f0 s\u00fdnd fyrir fullu h\u00fasi allar g\u00f6tur s\u00ed\u00f0an. <br \/>  <!--more-->  <br \/>\u00cdslandsklukkan hlaut fern Gr\u00edmuver\u00f0laun s.l. vor og f\u00e9llu ver\u00f0laun fyrir bestu t\u00f3nlistina \u00ed skaut \u00feeim Nor\u00f0lendingum Eir\u00edki G Stephensen og Hj\u00f6rleifi Hjartarsyni, en saman mynda \u00feeir hlj\u00f3msveitina vel\u00feokku\u00f0u Hundur \u00ed \u00f3skilum. \u00deeir hafa fari\u00f0 fleiri fer\u00f0ir su\u00f0ur yfir hei\u00f0ar til \u00cdslandsklukku\u00e6finga og &#8211; s\u00fdninga en t\u00f6lu ver\u00f0ur \u00e1 komi\u00f0. \u00dea\u00f0 ver\u00f0ur \u00fev\u00ed k\u00e6rkomi\u00f0 fyrir \u00fe\u00e1 f\u00e9laga a\u00f0 f\u00e1 leikh\u00f3pinn \u00e1 sinn heimav\u00f6ll.<\/p>\n<p>\u00cdslandsklukkan hefur \u00ed gegnum t\u00ed\u00f0ina noti\u00f0 g\u00edfurlegra vins\u00e6lda hj\u00e1 \u00edslensku \u00fej\u00f3\u00f0inni, jafnt \u00e1 b\u00f3k sem \u00e1 leiksvi\u00f0i. Verki\u00f0 var fyrst sett \u00e1 svi\u00f0 \u00feegar \u00dej\u00f3\u00f0leikh\u00fasi\u00f0 var v\u00edgt \u00e1ri\u00f0 1950 og var s\u00fa s\u00fdning ein af \u00feremur opnunars\u00fdningum leikh\u00fassins. Svipmiklar a\u00f0alpers\u00f3nur verksins, J\u00f3n Hreggvi\u00f0sson, Sn\u00e6fr\u00ed\u00f0ur \u00cdslandss\u00f3l og Arnas Arn\u00e6us, hafa eignast vissan sta\u00f0 \u00ed hjarta \u00cdslendinga. \u00cd \u00fev\u00ed \u00fej\u00f3\u00f0f\u00e9lagslega umr\u00f3ti sem vi\u00f0 lifum n\u00fa, \u00e1 \u00feetta st\u00f3rvirki um tilvistarspurningar sem l\u00edtil \u00fej\u00f3\u00f0 stendur frammi fyrir br\u00fdnt erindi vi\u00f0 okkur.<\/p>\n<p>{mos_fb_discuss:2}<\/p>","protected":false},"excerpt":{"rendered":"<p>Um n\u00e6stu helgi, 19.-21. n\u00f3vember, heldur \u00dej\u00f3\u00f0leikh\u00fasi\u00f0 \u00ed leikfer\u00f0 nor\u00f0ur yfir hei\u00f0ar me\u00f0 \u00cdslandsklukkuna. Alls ver\u00f0a \u00ferj\u00e1r s\u00fdningar \u00ed menningarh\u00fasinu Hofi \u00e1 Akureyri, kv\u00f6lds\u00fdningar \u00e1 f\u00f6studegi og laugardegi en \u00e1 sunnudeginum er s\u00fdning kl. 14. \u00cdslandsklukkan var frums\u00fdnd \u00feann 22. apr\u00edl \u00e1 li\u00f0nu vori, \u00ed tilefni af 60 \u00e1ra afm\u00e6li \u00dej\u00f3\u00f0leikh\u00fassins. S\u00fdningin hefur fengi\u00f0 fr\u00e1b\u00e6rar [&hellip;]<\/p>\n","protected":false},"author":3,"featured_media":2829,"comment_status":"open","ping_status":"open","sticky":false,"template":"","format":"standard","meta":{"_et_pb_use_builder":"","_et_pb_old_content":"","_et_gb_content_width":"","footnotes":""},"categories":[187],"tags":[],"class_list":["post-3062","post","type-post","status-publish","format-standard","has-post-thumbnail","hentry","category-allar-frir","et-has-post-format-content","et_post_format-et-post-format-standard"],"_links":{"self":[{"href":"https:\/\/leiklist.is\/en\/wp-json\/wp\/v2\/posts\/3062","targetHints":{"allow":["GET"]}}],"collection":[{"href":"https:\/\/leiklist.is\/en\/wp-json\/wp\/v2\/posts"}],"about":[{"href":"https:\/\/leiklist.is\/en\/wp-json\/wp\/v2\/types\/post"}],"author":[{"embeddable":true,"href":"https:\/\/leiklist.is\/en\/wp-json\/wp\/v2\/users\/3"}],"replies":[{"embeddable":true,"href":"https:\/\/leiklist.is\/en\/wp-json\/wp\/v2\/comments?post=3062"}],"version-history":[{"count":0,"href":"https:\/\/leiklist.is\/en\/wp-json\/wp\/v2\/posts\/3062\/revisions"}],"wp:featuredmedia":[{"embeddable":true,"href":"https:\/\/leiklist.is\/en\/wp-json\/"}],"wp:attachment":[{"href":"https:\/\/leiklist.is\/en\/wp-json\/wp\/v2\/media?parent=3062"}],"wp:term":[{"taxonomy":"category","embeddable":true,"href":"https:\/\/leiklist.is\/en\/wp-json\/wp\/v2\/categories?post=3062"},{"taxonomy":"post_tag","embeddable":true,"href":"https:\/\/leiklist.is\/en\/wp-json\/wp\/v2\/tags?post=3062"}],"curies":[{"name":"wp","href":"https:\/\/api.w.org\/{rel}","templated":true}]}}