{"id":3019,"date":"2010-10-21T10:54:42","date_gmt":"2010-10-21T10:54:42","guid":{"rendered":"http:\/\/wp.leiklist.is\/?p=3019"},"modified":"2010-10-21T10:54:42","modified_gmt":"2010-10-21T10:54:42","slug":"ny-islensk-opera-frumsynd","status":"publish","type":"post","link":"https:\/\/leiklist.is\/en\/ny-islensk-opera-frumsynd\/","title":{"rendered":"N\u00fd \u00edslensk \u00f3pera frums\u00fdnd"},"content":{"rendered":"<p>N\u00fd \u00edslensk \u00f3pera, Hlini, ver\u00f0ur frums\u00fdnd laugardaginn 23. okt\u00f3ber \u00ed I\u00f0n\u00f3. Flytjendur eru nemendur \u00ed T\u00f3nlistarsk\u00f3lanum \u00ed Reykjav\u00edk. H\u00f6fundur texta og t\u00f3nlistar er \u00de\u00f3runn Gu\u00f0mundsd\u00f3ttir, en \u00feetta er \u00feri\u00f0ja \u00f3peran sem T\u00f3nlistarsk\u00f3linn \u00ed Reykjav\u00edk setur upp eftir hana. L\u00edkt og \u00ed fyrri \u00f3perum s\u00e6kir \u00de\u00f3runn s\u00f6guefni\u00f0 \u00ed \u00edslenskan \u00fej\u00f3\u00f0ararf\u00a0 og notar hi\u00f0 al\u00feekkta \u00e6vint\u00fdri um Hlina k\u00f3ngsson sem grunn. S\u00fdningin er \u00e6tlu\u00f0 fyrir alla aldursh\u00f3pa, enda birtast karlsd\u00f3ttir, k\u00f3ngsson og tr\u00f6ll \u00e1 svi\u00f0inu, auk \u00feess sem \u00fdmsir fur\u00f0ulegir fuglar koma vi\u00f0 s\u00f6gu. <br \/>  <!--more-->  <br \/>Hlini er nokku\u00f0 hef\u00f0bundi\u00f0 \u00e6vint\u00fdri, \u00fear sem s\u00f6guhetjan lendir \u00ed \u00f3g\u00f6ngum, \u00ed \u00feessu tilviki er \u00fea\u00f0 k\u00f3ngssonur sem er r\u00e6nt af tveimur tr\u00f6llskessum. Hann f\u00e6r enga bj\u00f6rg s\u00e9r veitt, en Sign\u00fd karlsd\u00f3ttir \u00e1kve\u00f0ur a\u00f0 leggja af sta\u00f0 til a\u00f0 leita a\u00f0 honum. Til \u00feess a\u00f0 krydda s\u00f6gurna \u00f6rl\u00edti\u00f0 og \u00ed og me\u00f0 til \u00feess a\u00f0 fj\u00f6lga hlutverkum \u00e1kva\u00f0 h\u00f6fundur \u00f3perunnar a\u00f0 Sign\u00fd fengi f\u00f6runauta \u00e1 fer\u00f0alaginu. Fyrst hittir h\u00fan hrafn, sem vill \u00f3lmur hj\u00e1lpa til, en er minnisl\u00edtill og ratar ekkert. \u00de\u00e1 kemur s\u00e9r vel a\u00f0 \u00feau rekast \u00e1 f\u00fdl sem er fr\u00f3\u00f0ur og k\u00e6nn, enda ver\u00f0a f\u00fdlar allra fugla elstir. \u00deegar \u00feau n\u00e1lgast tr\u00f6llasl\u00f3\u00f0ir rekast \u00feau \u00e1 karlsson sem er a\u00f0 leita a\u00f0 k\u00fa sem r\u00e6nt var af tr\u00f6llum og loks heyra \u00feau \u00e1lengdar \u00ed skessu sem kve\u00f0ur hlakkandi um \u00fea\u00f0 a\u00f0 h\u00fasfreyja viti ekki hva\u00f0 h\u00fan heiti. \u00dearna koma \u00fev\u00ed vi\u00f0 s\u00f6gu pers\u00f3nur \u00far \u00f6\u00f0rum \u00e6vint\u00fdrum, \u00fe.e. B\u00fakollu og Gilitrutt, enda kannski ekki skr\u00fdti\u00f0 a\u00f0 \u00feau s\u00e9u \u00e1 vappi \u00e1 tr\u00f6llasl\u00f3\u00f0um. Loks komast Sign\u00fd og f\u00f6runautar hennar a\u00f0 hellinum \u00fear sem Hlini liggur sofandi, en \u00fe\u00e1 \u00feurfa \u00feau a\u00f0 klj\u00e1st vi\u00f0 svani, skessur og \u00f3minnishegra. \u00datliti\u00f0 er b\u00fdsna svart um t\u00edma, en allt fer \u00fe\u00f3 vel a\u00f0 lokum. <\/p>\n<p>\u00deessi \u00f3pera er skrifu\u00f0 me\u00f0 nemendur \u00ed huga, hlj\u00f3msveitin er tilt\u00f6lulega l\u00edtil og hlutverkin reyna mismiki\u00f0 \u00e1 s\u00f6ngreynslu, svo a\u00f0 nemendur \u00e1 \u00fdmsum stigum f\u00e1 a\u00f0 spreyta sig \u00e1 verkefnum vi\u00f0 sitt h\u00e6fi. Leikstj\u00f3rn er \u00ed h\u00f6ndum \u00de\u00f3runnar Gu\u00f0mundsd\u00f3ttur og hlj\u00f3msveitarstj\u00f3ri er Kjartan \u00d3skarsson. T\u00f3nlistin er frekar hef\u00f0bundin og \u00e1heyrileg og nokku\u00f0 er um v\u00edsanir \u00ed \u00f6nnur verk. \u00dea\u00f0 m\u00e1 geta \u00feess a\u00f0 eitt stefi\u00f0 er fengi\u00f0 a\u00f0 l\u00e1ni hj\u00e1 vinkonu \u00de\u00f3runnar, en \u00fea\u00f0 kom til hennar \u00ed draumi og h\u00fan t\u00f3k \u00fea\u00f0 upp \u00e1 s\u00edmann sinn \u00ed svefnrofunum. \u00dea\u00f0 ratar svo upp \u00e1 svi\u00f0 \u00e1ri s\u00ed\u00f0ar \u00ed munni karlssonar sem kallar \u00e1 B\u00fakollu s\u00edna. <\/p>\n<p>T\u00f3nlistarsk\u00f3linn \u00ed Reykjav\u00edk var stofna\u00f0ur hausti\u00f0 1930 og fagnar hann \u00fev\u00ed 80 \u00e1ra afm\u00e6li \u00ed \u00e1r. Hann er elsti starfandi listask\u00f3li \u00e1 landinu.\u00a0 Undanfarin \u00e1r hefur sk\u00f3linn sett upp \u00fdmsar \u00f3perur og m\u00e1 geta \u00feess a\u00f0 \u00ed flestum tilvikum hefur veri\u00f0 um frumflutning \u00e1 \u00cdslandi a\u00f0 r\u00e6\u00f0a. \u00dear m\u00e1 nefna Die Verschworenen eftir Schubert og La cambiale di matrimonio eftir Rossini auk M\u00e6r\u00feallar og Gilitruttar eftir \u00de\u00f3runni Gu\u00f0mundsd\u00f3ttur. <\/p>\n<p>Mi\u00f0ar eru til s\u00f6lu \u00e1 midi.is. A\u00f0eins eru fyrirhuga\u00f0ar \u00ferj\u00e1r s\u00fdningar, 23., 24. og 25. okt\u00f3ber og hefjast allar s\u00fdningarnar kl. 20.00. <\/p>\n<p>{mos_fb_discuss:2}<\/p>","protected":false},"excerpt":{"rendered":"<p>N\u00fd \u00edslensk \u00f3pera, Hlini, ver\u00f0ur frums\u00fdnd laugardaginn 23. okt\u00f3ber \u00ed I\u00f0n\u00f3. Flytjendur eru nemendur \u00ed T\u00f3nlistarsk\u00f3lanum \u00ed Reykjav\u00edk. H\u00f6fundur texta og t\u00f3nlistar er \u00de\u00f3runn Gu\u00f0mundsd\u00f3ttir, en \u00feetta er \u00feri\u00f0ja \u00f3peran sem T\u00f3nlistarsk\u00f3linn \u00ed Reykjav\u00edk setur upp eftir hana. L\u00edkt og \u00ed fyrri \u00f3perum s\u00e6kir \u00de\u00f3runn s\u00f6guefni\u00f0 \u00ed \u00edslenskan \u00fej\u00f3\u00f0ararf\u00a0 og notar hi\u00f0 al\u00feekkta \u00e6vint\u00fdri um [&hellip;]<\/p>\n","protected":false},"author":3,"featured_media":3018,"comment_status":"open","ping_status":"open","sticky":false,"template":"","format":"standard","meta":{"_et_pb_use_builder":"","_et_pb_old_content":"","_et_gb_content_width":"","footnotes":""},"categories":[187],"tags":[],"class_list":["post-3019","post","type-post","status-publish","format-standard","has-post-thumbnail","hentry","category-allar-frir","et-has-post-format-content","et_post_format-et-post-format-standard"],"_links":{"self":[{"href":"https:\/\/leiklist.is\/en\/wp-json\/wp\/v2\/posts\/3019","targetHints":{"allow":["GET"]}}],"collection":[{"href":"https:\/\/leiklist.is\/en\/wp-json\/wp\/v2\/posts"}],"about":[{"href":"https:\/\/leiklist.is\/en\/wp-json\/wp\/v2\/types\/post"}],"author":[{"embeddable":true,"href":"https:\/\/leiklist.is\/en\/wp-json\/wp\/v2\/users\/3"}],"replies":[{"embeddable":true,"href":"https:\/\/leiklist.is\/en\/wp-json\/wp\/v2\/comments?post=3019"}],"version-history":[{"count":0,"href":"https:\/\/leiklist.is\/en\/wp-json\/wp\/v2\/posts\/3019\/revisions"}],"wp:featuredmedia":[{"embeddable":true,"href":"https:\/\/leiklist.is\/en\/wp-json\/"}],"wp:attachment":[{"href":"https:\/\/leiklist.is\/en\/wp-json\/wp\/v2\/media?parent=3019"}],"wp:term":[{"taxonomy":"category","embeddable":true,"href":"https:\/\/leiklist.is\/en\/wp-json\/wp\/v2\/categories?post=3019"},{"taxonomy":"post_tag","embeddable":true,"href":"https:\/\/leiklist.is\/en\/wp-json\/wp\/v2\/tags?post=3019"}],"curies":[{"name":"wp","href":"https:\/\/api.w.org\/{rel}","templated":true}]}}