{"id":2944,"date":"2010-07-21T11:24:16","date_gmt":"2010-07-21T11:24:16","guid":{"rendered":"http:\/\/wp.leiklist.is\/?p=2944"},"modified":"2020-03-02T10:14:25","modified_gmt":"2020-03-02T10:14:25","slug":"altjoeleg-leiklistarhatie-ahugamanna-i-tromsoe-2011","status":"publish","type":"post","link":"https:\/\/leiklist.is\/en\/altjoeleg-leiklistarhatie-ahugamanna-i-tromsoe-2011\/","title":{"rendered":"Al\u00fej\u00f3\u00f0leg leiklistarh\u00e1t\u00ed\u00f0 \u00e1hugamanna \u00ed Troms\u00f6 2011"},"content":{"rendered":"<p>Al\u00fej\u00f3\u00f0lega \u00e1hugaleikh\u00fasr\u00e1\u00f0i\u00f0, IATA, skipuleggur reglulega leiklistarh\u00e1t\u00ed\u00f0ir v\u00ed\u00f0s vegar um heiminn, s\u00fa s\u00ed\u00f0asta var haldin \u00ed M\u00f3nak\u00f3 2009. N\u00e6sta IATA-h\u00e1t\u00ed\u00f0 ver\u00f0ur haldin \u00ed Troms\u00f6 \u00ed Noregi dagana 14. til 24. j\u00fal\u00ed 2011. Bandalag \u00edslenskra leikf\u00e9laga hefur s\u00f3tt um a\u00f0 senda \u00edslenska s\u00fdningu \u00e1 h\u00e1t\u00ed\u00f0ina og augl\u00fdsir h\u00e9r me\u00f0 eftir leikf\u00e9l\u00f6gum sem hafa \u00e1huga \u00e1 a\u00f0 taka \u00fe\u00e1tt. Ef fleiri en einn h\u00f3pur s\u00e6kir um ver\u00f0ur skipu\u00f0 d\u00f3mnefnd sem velur milli ums\u00e6kjenda. <br \/>  <!--more-->  <br \/>Ums\u00f3knir \u00feurfa a\u00f0 berast Bandalaginu fyrir 20. \u00e1g\u00fast 2010 og \u00feurfa uppt\u00f6kur af s\u00fdningunum a\u00f0 fylgja \u00e1samt almennum uppl\u00fdsingum um ums\u00e6kjanda og s\u00fdningu. Ekki ver\u00f0a \u00fatb\u00fain s\u00e9rst\u00f6k ums\u00f3knarey\u00f0ubl\u00f6\u00f0. S\u00fdningarlengd m\u00e1 ekki fara yfir 60 m\u00edn.<\/p>\n<p>D\u00f3mnefnd fjallar s\u00ed\u00f0an um ums\u00f3knirnar og skilar ni\u00f0urst\u00f6\u00f0u \u00ed s\u00ed\u00f0asta lagi \u00feann 10. september en \u00fe\u00e1 hefur s\u00fdningin sem valin ver\u00f0ur t\u00edma til 15. september til a\u00f0 \u00fatb\u00faa \u00feau g\u00f6gn sem be\u00f0i\u00f0 er um a\u00f0 send s\u00e9u me\u00f0 ums\u00f3kninni til Noregs. \u00dear fer ums\u00f3kn \u00cdslands fyrir a\u00f0ra valnefnd sem endanlega velur s\u00fdningar inn \u00e1 h\u00e1t\u00ed\u00f0ina en h\u00fan skilar sinni ni\u00f0urst\u00f6\u00f0u \u00feann 15. n\u00f3vember 2010.<\/p>\n<p>Sendi\u00f0 ums\u00f3knir \u00e1samt uppt\u00f6kum til Bandalags \u00edslenskra leikf\u00e9laga, Su\u00f0urlandsbraut 16, 108 Reykjav\u00edk fyrir 20. \u00e1g\u00fast 2010.<\/p>","protected":false},"excerpt":{"rendered":"<p>Al\u00fej\u00f3\u00f0lega \u00e1hugaleikh\u00fasr\u00e1\u00f0i\u00f0, IATA, skipuleggur reglulega leiklistarh\u00e1t\u00ed\u00f0ir v\u00ed\u00f0s vegar um heiminn, s\u00fa s\u00ed\u00f0asta var haldin \u00ed M\u00f3nak\u00f3 2009. N\u00e6sta IATA-h\u00e1t\u00ed\u00f0 ver\u00f0ur haldin \u00ed Troms\u00f6 \u00ed Noregi dagana 14. til 24. j\u00fal\u00ed 2011. Bandalag \u00edslenskra leikf\u00e9laga hefur s\u00f3tt um a\u00f0 senda \u00edslenska s\u00fdningu \u00e1 h\u00e1t\u00ed\u00f0ina og augl\u00fdsir h\u00e9r me\u00f0 eftir leikf\u00e9l\u00f6gum sem hafa \u00e1huga \u00e1 a\u00f0 taka [&hellip;]<\/p>\n","protected":false},"author":3,"featured_media":2943,"comment_status":"open","ping_status":"open","sticky":false,"template":"","format":"standard","meta":{"_et_pb_use_builder":"","_et_pb_old_content":"","_et_gb_content_width":"","footnotes":""},"categories":[200],"tags":[],"class_list":["post-2944","post","type-post","status-publish","format-standard","has-post-thumbnail","hentry","category-markvert","et-has-post-format-content","et_post_format-et-post-format-standard"],"_links":{"self":[{"href":"https:\/\/leiklist.is\/en\/wp-json\/wp\/v2\/posts\/2944","targetHints":{"allow":["GET"]}}],"collection":[{"href":"https:\/\/leiklist.is\/en\/wp-json\/wp\/v2\/posts"}],"about":[{"href":"https:\/\/leiklist.is\/en\/wp-json\/wp\/v2\/types\/post"}],"author":[{"embeddable":true,"href":"https:\/\/leiklist.is\/en\/wp-json\/wp\/v2\/users\/3"}],"replies":[{"embeddable":true,"href":"https:\/\/leiklist.is\/en\/wp-json\/wp\/v2\/comments?post=2944"}],"version-history":[{"count":0,"href":"https:\/\/leiklist.is\/en\/wp-json\/wp\/v2\/posts\/2944\/revisions"}],"wp:featuredmedia":[{"embeddable":true,"href":"https:\/\/leiklist.is\/en\/wp-json\/"}],"wp:attachment":[{"href":"https:\/\/leiklist.is\/en\/wp-json\/wp\/v2\/media?parent=2944"}],"wp:term":[{"taxonomy":"category","embeddable":true,"href":"https:\/\/leiklist.is\/en\/wp-json\/wp\/v2\/categories?post=2944"},{"taxonomy":"post_tag","embeddable":true,"href":"https:\/\/leiklist.is\/en\/wp-json\/wp\/v2\/tags?post=2944"}],"curies":[{"name":"wp","href":"https:\/\/api.w.org\/{rel}","templated":true}]}}