{"id":2895,"date":"2010-05-14T11:31:30","date_gmt":"2010-05-14T11:31:30","guid":{"rendered":"http:\/\/wp.leiklist.is\/?p=2895"},"modified":"2020-03-08T14:48:12","modified_gmt":"2020-03-08T14:48:12","slug":"aealfundur-bandalags-islenskra-leikfelaga-1-2-mai-2010","status":"publish","type":"post","link":"https:\/\/leiklist.is\/en\/aealfundur-bandalags-islenskra-leikfelaga-1-2-mai-2010\/","title":{"rendered":"A\u00f0alfundur Bandalags \u00edslenskra leikf\u00e9laga 1.-2. ma\u00ed 2010 \u00ed Eyjafir\u00f0i"},"content":{"rendered":"<div style=\"text-align: center;\"><strong>A\u00f0alfundur Bandalags \u00edslenskra leikf\u00e9laga<br \/>\nhaldinn a\u00f0 Sveinbjarnarger\u00f0i \u00ed Eyjafir\u00f0i<br \/>\n1.- 2. ma\u00ed, 2010<br \/>\n<\/strong><\/div>\n<p><em><strong>1. Fundarsetning. Kosning 2ja fundarstj\u00f3ra og 2ja fundarritara, sem taka \u00feegar til starfa. L\u00f6gm\u00e6ti fundarins kanna\u00f0. <\/strong><\/em><br \/>\n\u00deorgeir Tryggvason forma\u00f0ur setti fundinn og stakk upp \u00e1 Bernhar\u00f0 Arnarssyni, Leikf\u00e9lagi H\u00f6rgd\u00e6la, og Ing\u00f3lfi \u00de\u00f3rssyni, Freyvangsleikh\u00fasinu, sem fundarstj\u00f3rum og \u00c1rmanni Gu\u00f0mundssyni, ritara \u00fej\u00f3nustumi\u00f0st\u00f6\u00f0var, og Gu\u00f0finnu Gunnarsd\u00f3ttur, Leikf\u00e9lagi Selfoss, sem riturum. Gengi\u00f0 \u00far skugga um a\u00f0 l\u00f6glega hafi veri\u00f0 bo\u00f0a\u00f0 til fundarins.<br \/>\n<em><strong>2. Kj\u00f6rnefnd afgrei\u00f0ir kj\u00f6rbr\u00e9f og afhendir atkv\u00e6\u00f0aspj\u00f6ld, sk\u00fdrir st\u00f6\u00f0u m\u00e1la var\u00f0andi stj\u00f3rnarkj\u00f6r og augl\u00fdsir eftir till\u00f6gum. <\/strong><\/em><br \/>\nKj\u00f6rnefnd t\u00f3k til starfa. Hana skipu\u00f0u Embla Gu\u00f0mundsd\u00f3ttir, Umf. Reykd\u00e6la, Halld\u00f3r Sigurgeirsson, Freyvangsleikh\u00fasinu, og Ger\u00f0ur Halld\u00f3ra Sigur\u00f0ard\u00f3ttir, Leikf\u00e9laginu S\u00fdnir og Leikf\u00e9lagi Selfoss. 19 f\u00e9l\u00f6g voru me\u00f0 atkv\u00e6\u00f0i \u00e1 fundinum.<br \/>\n<em><strong>3. Menningarstefna Bandalagsins lesin og r\u00e6dd.<\/strong><\/em><br \/>\nSigr\u00ed\u00f0ur L\u00e1ra Sigurj\u00f3nsd\u00f3ttir, Hugleik, las Menningarstefnu Bandalagsins.<br \/>\nEngar umr\u00e6\u00f0ur.<br \/>\n<em><strong>4. Sta\u00f0fest inntaka n\u00fdrra f\u00e9laga, f\u00e9l\u00f6g tekin af f\u00e9lagaskr\u00e1.<\/strong><\/em><br \/>\n\u00d3l\u00f6f \u00de\u00f3r\u00f0ard\u00f3ttir, Leikf\u00e9lagi Mosfellssveitar, kynnti hva\u00f0a f\u00e9l\u00f6g hafa gengi\u00f0 \u00ed og \u00far Bandalaginu. Leikf\u00e9lagi\u00f0 Skagaleikflokkurinn \u00f3ska\u00f0i eftir inng\u00f6ngu \u00ed Bandalagi\u00f0 og var sam\u00feykkt. Leikf\u00e9lagi\u00f0 M.a.s og Nafnlausi leikh\u00f3purinn s\u00f6g\u00f0u sig \u00far \u00fev\u00ed og Leikh\u00f3purinn Vaka \u00e1 Borgarfir\u00f0i eystri er teki\u00f0 af f\u00e9lagaskr\u00e1 vegna \u00e1rgjaldaskulda.<br \/>\n<em><strong>5. Fundarger\u00f0 s\u00ed\u00f0asta a\u00f0alfundar afgreidd.<\/strong><\/em><br \/>\nFundarger\u00f0 s\u00ed\u00f0asta a\u00f0alfundar sam\u00feykkt.<br \/>\n<em><strong>6. Sk\u00fdrsla stj\u00f3rnar.<\/strong><\/em><br \/>\n\u00deorgeir Tryggvason flutti sk\u00fdrslu stj\u00f3rnar:<br \/>\nSk\u00fdrsla formanns \u00e1 a\u00f0alfundi Bandalags \u00edslenskra leikf\u00e9laga \u00ed Sveinbjarnarger\u00f0i 1. ma\u00ed 2010<br \/>\n<strong>I \u2013 Stj\u00f3rn<\/strong><br \/>\nStj\u00f3rn Bandalags \u00edslenskra leikf\u00e9laga var \u00feannig skipu\u00f0 \u00e1 \u00e1rinu:<br \/>\n\u00deorgeir Tryggvason, Reykjav\u00edk, forma\u00f0ur<br \/>\nIng\u00f3lfur \u00de\u00f3rsson, Eyjafjar\u00f0arsveit, varaforma\u00f0ur<br \/>\nGu\u00f0finna Gunnarsd\u00f3ttir, Selfossi, ritari<br \/>\nH\u00f6r\u00f0ur Sigur\u00f0arson, Reykjav\u00edk, me\u00f0stj\u00f3rnandi<br \/>\nSigr\u00ed\u00f0ur L\u00e1ra Sigurj\u00f3nsd\u00f3ttir, Reykjav\u00edk, me\u00f0stj\u00f3rnandi<br \/>\n\u00cd varastj\u00f3rn s\u00e1tu \u00d3l\u00f6f \u00de\u00f3r\u00f0ard\u00f3ttir, Hjalti Stef\u00e1n Kristj\u00e1nsson, Halla R\u00fan Trygvad\u00f3ttir, Elva D\u00f6gg Gunnarsd\u00f3ttir og Magn\u00fas J. Magn\u00fasson.<br \/>\n\u00cd \u00fej\u00f3nustumi\u00f0st\u00f6\u00f0inni starfa s\u00ed\u00f0an Vilborg \u00c1rn\u00fd Valgar\u00f0sd\u00f3ttir framkv\u00e6mdastj\u00f3ri og ritarinn \u00c1rmann Gu\u00f0mundsson.<br \/>\nFimm stj\u00f3rnarfundir voru haldnir \u00e1 \u00e1rinu, flestir \u00ed h\u00f6fu\u00f0st\u00f6\u00f0vunum \u00ed Reykjav\u00edk, en einnig \u00ed tengslum vi\u00f0 a\u00f0al- og haustfundi. Stj\u00f3rnarm\u00f6nnum og starfsf\u00f3lki er \u00feakka\u00f0 fyrir g\u00f3\u00f0a og vinnusama fundi \u00e1 starfs\u00e1rinu.<br \/>\n<strong>II \u2013 Starfsemi f\u00e9laganna<\/strong><br \/>\nFj\u00f6rut\u00edu og \u00ferj\u00fa a\u00f0ildarf\u00e9l\u00f6g Bandalagsins sendu inn styrkums\u00f3knir fyrir alls 118 verkefni leik\u00e1ri\u00f0 2008-2009. Fullur styrkur reyndist vera 378.000 kr\u00f3nur. \u00c1rsriti\u00f0 okkar inniheldur s\u00ed\u00f0an allar frekari uppl\u00fdsingar um starfsemina. Ekki liggja fyrir t\u00f6lur um umfang starfsins \u00e1 \u00feessu leik\u00e1ri en engin \u00e1st\u00e6\u00f0a til a\u00f0 \u00e6tla anna\u00f0 en \u00fea\u00f0 s\u00e9 svipa\u00f0 og veri\u00f0 hefur. F\u00e9l\u00f6gin \u00ed Bandalaginu eru n\u00fa sext\u00edu og tv\u00f6.<br \/>\n<strong>III \u2013 Starfs\u00e1\u00e6tlun<\/strong><br \/>\n\u00c1 s\u00ed\u00f0asta a\u00f0alfundi var a\u00f0 venju sam\u00feykkt starfs\u00e1\u00e6tlun og mun \u00e9g fara yfir hana og geta \u00feess hvernig unni\u00f0 var a\u00f0 hverjum li\u00f0 fyrir sig.<br \/>\nRekstur \u00fej\u00f3nustumi\u00f0st\u00f6\u00f0var, Leiklistarsk\u00f3la, Leiklistarvefsins og annarra fastra li\u00f0a \u00ed starfseminni.<br \/>\nFulltr\u00faar sk\u00f3la- og vefnefndar munu gera grein fyrir \u00fev\u00ed sem l\u00fdtur a\u00f0 sk\u00f3lanum og Leiklistarvefnum, og rekstrarm\u00e1l \u00fej\u00f3nustumi\u00f0st\u00f6\u00f0varinnar koma best fram \u00ed \u00e1rsreikningum sem framkv\u00e6mdastj\u00f3ri sk\u00fdrir s\u00ed\u00f0ar \u00e1 dagskr\u00e1nni.<br \/>\nReksturinn er \u00f3neitanlega me\u00f0 erfi\u00f0asta m\u00f3ti, enda voru framl\u00f6g til \u00fej\u00f3nustumi\u00f0st\u00f6\u00f0varinnar skorin r\u00e6kilega ni\u00f0ur. \u00de\u00e1 er \u00e1framhaldandi \u00f3vissa me\u00f0 lyktir h\u00fasn\u00e6\u00f0ism\u00e1lanna ill\u00feolandi. Enn hefur endanlegt uppgj\u00f6r vi\u00f0 kaupanda h\u00faseignarinnar vi\u00f0 Laugaveg ekki fari\u00f0 fram. Stj\u00f3rn hefur sett \u00ed gang vinnu vi\u00f0 a\u00f0 leita a\u00f0 hentugu h\u00fasn\u00e6\u00f0i til kaups, og ver\u00f0ur lausn \u00e1 \u00feessu \u00e1standi a\u00f0 \u00f6llum l\u00edkindum forgangsverkefni um lei\u00f0 og leiklistarh\u00e1t\u00ed\u00f0in \u00ed sumar ver\u00f0ur afsta\u00f0in.<br \/>\nLeita eftir h\u00e6kku\u00f0um framl\u00f6gum \u00far opinberum sj\u00f3\u00f0um og fr\u00e1 einkaa\u00f0ilum til starfsemi \u00e1hugaleikf\u00e9laganna og sameiginlegra verkefna.<br \/>\n\u00deegar fj\u00e1rlagafrumvarp s\u00ed\u00f0asta \u00e1rs leit dagsins lj\u00f3s var \u00fea\u00f0 miki\u00f0 \u00e1fall fyrir okkur \u00e1hugaleikh\u00fasf\u00f3lk. Vissulega \u00e1ttum vi\u00f0 von \u00e1 ni\u00f0urskur\u00f0i en st\u00e6r\u00f0argr\u00e1\u00f0an var \u00feannig a\u00f0 vi\u00f0 \u00fea\u00f0 var\u00f0 ekki una\u00f0, s\u00e9rstaklega \u00ed samanbur\u00f0i vi\u00f0 \u00fe\u00e1 li\u00f0i fj\u00e1rlaga sem e\u00f0lilegast er a\u00f0 bera okkur saman vi\u00f0. Samkv\u00e6mt frumvarpinu skyldu framl\u00f6g til leikf\u00e9laganna l\u00e6kka \u00far 25,9 millj\u00f3num \u00ed 11,4 og til \u00fej\u00f3nustumi\u00f0st\u00f6\u00f0varinnar \u00far\u00a0 7,5 \u00ed 4.<br \/>\n\u00c1 kr\u00f6ftugum haustfundi a\u00f0 \u00d6ngulst\u00f6\u00f0um var sm\u00ed\u00f0u\u00f0 a\u00f0ger\u00f0a\u00e1\u00e6tlun sem snerist um ma\u00f0ur-\u00e1-mann n\u00e1lgun \u00e1 me\u00f0limi fj\u00e1rlaganefndar, \u00fear sem \u00feeir sem \u00feekktu til \u00feeirra einstaklinga h\u00f6f\u00f0u samband vi\u00f0 \u00fe\u00e1 me\u00f0 r\u00f6ksemdir okkar a\u00f0 vopni. \u00deessi takt\u00edk dug\u00f0i til \u00feess a\u00f0 framl\u00f6g til f\u00e9laganna h\u00e6kku\u00f0u \u00ed 20 millj\u00f3nir, en framl\u00f6g til \u00fej\u00f3nustumi\u00f0st\u00f6\u00f0varinnar voru eftir sem \u00e1\u00f0ur fj\u00f3rar.<br \/>\nFramkv\u00e6mdastj\u00f3ri og forma\u00f0ur hafa \u00f3ska\u00f0 eftir vi\u00f0tali vi\u00f0 menntam\u00e1lar\u00e1\u00f0herra sem ver\u00f0ur fyrsta skrefi\u00f0 \u00ed bar\u00e1ttu fyrir betri \u00fatkomu \u00e1 n\u00e6stu fj\u00e1rl\u00f6gum. Reynsluna fr\u00e1 \u00d6ngulst\u00f6\u00f0um munum vi\u00f0 a\u00f0 sj\u00e1lfs\u00f6g\u00f0u n\u00fdta, og lj\u00f3st a\u00f0 \u00feessi gl\u00edma ver\u00f0ur l\u00f6ng og str\u00f6ng.<br \/>\nHalda \u00e1fram samstarfi vi\u00f0 \u00dej\u00f3\u00f0leikh\u00fasi\u00f0 me\u00f0 Athyglisver\u00f0ustu \u00e1hugaleiks\u00fdningu \u00e1rsins.<br \/>\n\u00deetta \u00e1g\u00e6ta samstarf gengur sinn vanagang. Freyvangsleikh\u00fasi\u00f0 var fulltr\u00fai okkar \u00e1 fj\u00f6lum \u00dej\u00f3\u00f0leikh\u00fassins 2009 me\u00f0 s\u00f6ngleikinn V\u00ednland og \u00ed kv\u00f6ld f\u00e1um vi\u00f0 a\u00f0 vita hver ver\u00f0ur \u00fear \u00ed vor.<br \/>\nHalda \u00e1fram undirb\u00faningi NEATA-leiklistarh\u00e1t\u00ed\u00f0ar \u00e1 Akureyri \u00ed \u00e1g\u00fast 2010.<br \/>\n\u00cd vetur var loksins h\u00e6gt a\u00f0 taka endanlega \u00e1kv\u00f6r\u00f0un um a\u00f0 halda h\u00e1t\u00ed\u00f0ina \u00feegar styrkur til \u00feess f\u00e9kkst fr\u00e1 Nordisk Kulturfond. \u00cd framhaldinu hefur vinna vi\u00f0 undirb\u00faninginn fari\u00f0 \u00e1 flug og mun forma\u00f0ur framkv\u00e6mdanefndarinnar gera grein fyrir st\u00f6\u00f0u \u00feeirra m\u00e1la. Vi\u00f0 gerum r\u00e1\u00f0 fyrir a\u00f0 n\u00fdta hluta af \u00feessum fundi til a\u00f0 r\u00e6\u00f0a m\u00e1lefni h\u00e1t\u00ed\u00f0arinnar og koma okkur \u00ed h\u00e1t\u00ed\u00f0arskap. J\u00e1, og kannski til a\u00f0 bi\u00f0ja \u00feess a\u00f0 Katla byrji ekki a\u00f0 gj\u00f3sa fyrr en \u00ed fyrsta lagi \u00ed september.<br \/>\nHalda \u00cdslensk-F\u00e6reyska stuttverkah\u00e1t\u00ed\u00f0 \u00ed Reykjav\u00edk hausti\u00f0 2009.<br \/>\nStuttverkaformi\u00f0 var\u00f0 a\u00f0 \u00fatflutningsgrein \u00e1 \u00e1rinu, en F\u00e6reyingar hafa teki\u00f0 \u00fea\u00f0 upp \u00e1 arma s\u00edna og Nor\u00f0menn fylgjast spenntir me\u00f0 \u00e1 hli\u00f0arl\u00ednunni. H\u00f3pur f\u00e6reyskra \u00e1hugaleikara m\u00e6ttu \u00ed F\u00e9lagsheimili Seltjarnarness 10. okt\u00f3ber og l\u00e9ku me\u00f0 okkur hinum. \u00datkoman var st\u00f3rskemmtileg og \u00feegar er hafinn undirb\u00faningur a\u00f0 \u00feeirri n\u00e6stu sem ver\u00f0ur \u00ed F\u00e6reyjum og a\u00f0 \u00f6llum l\u00edkindum me\u00f0 norskri \u00fe\u00e1ttt\u00f6ku. Margt-sm\u00e1tt nefndin mun skila sk\u00fdrslu um \u00feennan vi\u00f0bur\u00f0 s\u00ed\u00f0ar \u00e1 fundinum.\u2028\u2028Halda haustfund hausti\u00f0 2009 helga\u00f0an leiklistarh\u00e1t\u00ed\u00f0inni \u00e1 Akureyri.<br \/>\nFundurinn var haldinn a\u00f0 \u00d6ngulst\u00f6\u00f0um h\u00e9r \u00ed Eyjafir\u00f0i \u00ed n\u00f3vember og t\u00f3kst afbrag\u00f0s vel. \u00c9g er b\u00fainn a\u00f0 minnast \u00e1 fram\u00farskarandi me\u00f0fer\u00f0 hans \u00e1 fj\u00e1rlagam\u00e1lum, en a\u00f0 \u00f6\u00f0ru leyti snerist hann a\u00f0 mestu um leiklistarh\u00e1t\u00ed\u00f0ina \u00ed sumar, \u00fe\u00f3 ekki v\u00e6ri b\u00fai\u00f0 a\u00f0 ganga fr\u00e1 fj\u00e1rm\u00f6gnun hennar \u00feegar \u00fear kom s\u00f6gu.<br \/>\n\u00de\u00e1 f\u00e9kk fundurinn \u00ed heims\u00f3kn \u00fe\u00e6r Kolbr\u00fanu Halld\u00f3rsd\u00f3ttur og Steinunni Kn\u00fatsd\u00f3ttur sem kynntu b\u00e6kling sem leikstj\u00f3raf\u00e9lagi\u00f0 hefur unni\u00f0 og er \u00e6tla\u00f0 a\u00f0 hj\u00e1lpa til vi\u00f0 samskipti leikf\u00e9laga og leikstj\u00f3ra. \u00deetta er fr\u00e1b\u00e6rt framtak hj\u00e1 f\u00e9laginu, \u00fer\u00e1tt fyrir a\u00f0 \u00fear \u00e1 b\u00e6 s\u00e9 enn gengi\u00f0 \u00fat fr\u00e1 \u00feeim skilningi a\u00f0 \u00ed gildi s\u00e9 samningssamband Bandalagsins og leikstj\u00f3raf\u00e9lagsins, og \u00feess sj\u00e1i sta\u00f0 \u00ed b\u00e6klingnum. \u00dea\u00f0 ver\u00f0ur ekki of oft \u00edtreka\u00f0 a\u00f0 \u00fea\u00f0 er okkar skilningur a\u00f0 leikstj\u00f3raf\u00e9laginu s\u00e9 \u00f3heimilt a\u00f0 gefa \u00fat ver\u00f0skr\u00e1 og v\u00edsa \u00ed uppreikna\u00f0an gamlan samning.<br \/>\nFyrir utan \u00feetta \u00e1greiningsm\u00e1l er b\u00e6klingur leikstj\u00f3ranna fram\u00farskarandi og mun \u00e1rei\u00f0anlega hj\u00e1lpa \u00f3v\u00f6num f\u00e9lagastj\u00f3rnum samskipti og samvinnu vi\u00f0 leikstj\u00f3ra og eins a\u00f0 tryggja betri vinnubr\u00f6g\u00f0 leikstj\u00f3ra sem til okkar r\u00e1\u00f0ast.<br \/>\nUnni\u00f0 ver\u00f0i \u00e1fram a\u00f0 \u00fev\u00ed a\u00f0 koma gagnr\u00fdnisskrifum \u00ed farveg og finna \u00fatf\u00e6rslu \u00e1 framkv\u00e6mdinni.<br \/>\nLeikf\u00e9l\u00f6gin \u00e1 st\u00f3r-h\u00f6fu\u00f0borgarsv\u00e6\u00f0inu t\u00f3ku sig saman og \u00fatf\u00e6r\u00f0u eina lei\u00f0 til a\u00f0 tryggja umfj\u00f6llun \u00e1 leiklistarvefnum sem hefur gengi\u00f0 nokku\u00f0 vel. H\u00f6r\u00f0ur Sigur\u00f0arson mun segja fr\u00e1 tilrauninni h\u00e9r \u00e1 fundinum, en \u00ed r\u00e1\u00f0i er a\u00f0 hittast me\u00f0 haustinu, meta \u00e1rangurinn og \u00e1kve\u00f0a me\u00f0 framhaldi\u00f0. \u00dea\u00f0 er r\u00e9tt a\u00f0 taka fram a\u00f0 \u00fea\u00f0 er au\u00f0vita\u00f0 ekkert \u00fev\u00ed til fyrirst\u00f6\u00f0u a\u00f0 \u00f6nnur landsv\u00e6\u00f0i myndi me\u00f0 s\u00e9r hli\u00f0st\u00e6\u00f0 saml\u00f6g og sty\u00f0jist vi\u00f0 reynslu su\u00f0svesturhornsins, e\u00f0a finni upp eitthva\u00f0 alveg n\u00fdtt m\u00f3del.<br \/>\n\u00deessu tengt \u00fe\u00e1 h\u00e9ldu undirrita\u00f0ur og Hrund \u00d3lafsd\u00f3ttir n\u00e1mskei\u00f0 \u00ed gagnr\u00fdniskrifum \u00ed \u00dej\u00f3nustumi\u00f0st\u00f6\u00f0inni \u00ed september. \u00cd n\u00f3vember heims\u00f3ttu s\u00ed\u00f0an vi\u00f0 ritarinn \u00c1rmann Leikf\u00e9lag Sau\u00f0\u00e1rkr\u00f3ks og h\u00e9ldum erindi um starfsemi Bandalagsins og leiklistargagnr\u00fdni fyrir vi\u00f0stadda Sau\u00f0kr\u00e6kinga auk fulltr\u00faa fr\u00e1 Leikf\u00e9lagi Siglufjar\u00f0ar.<br \/>\nHaldi\u00f0 ver\u00f0i \u00e1fram a\u00f0 kanna grundv\u00f6ll samstarfs B\u00cdL vi\u00f0 \u00dej\u00f3\u00f0leikh\u00fasi\u00f0 um b\u00faningaleigu, en einnig ver\u00f0i horft til samstarf vi\u00f0 Borgarleikh\u00fasi\u00f0 og R\u00edkissj\u00f3nvarpi\u00f0 \u00ed \u00feessum efnum.<br \/>\n\u00dea\u00f0 er skemmst fr\u00e1 \u00fev\u00ed a\u00f0 segja a\u00f0 n\u00e1nari athuganir \u00e1 \u00feessu m\u00e1li benda ekki til a\u00f0 neinn raunh\u00e6fur grundv\u00f6llur s\u00e9 fyrir sl\u00edku samstarfi.<br \/>\nBandalagi\u00f0 \u00fatf\u00e6ri til eins \u00e1rs tilraunaverkefni sem sn\u00fai a\u00f0 \u00fev\u00ed a\u00f0 efla h\u00fasn\u00e6\u00f0i B\u00cdL enn frekar sem mi\u00f0st\u00f6\u00f0 leiklistar.<br \/>\nEkki var\u00f0 miki\u00f0 \u00far \u00feessari ver\u00f0ugu hugmynd, \u00fe\u00f3 svo \u00fea\u00f0 megi me\u00f0 g\u00f3\u00f0um vilja fella gagnr\u00fdniskrifan\u00e1mskei\u00f0i\u00f0 h\u00e9r undir. Lj\u00f3st er a\u00f0 n\u00e6stu m\u00e1nu\u00f0i ver\u00f0ur orka okkar helgu\u00f0 h\u00e1t\u00ed\u00f0inni, og ekki er \u00f3l\u00edklegt a\u00f0 me\u00f0 haustinu ver\u00f0um vi\u00f0 farin a\u00f0 huga a\u00f0 flutningi \u00ed anna\u00f0 h\u00fasn\u00e6\u00f0i sem kannski og kannski ekki b\u00fd\u00f0ur upp \u00e1 svona notkun. Sj\u00e1um til.\u2028\u2028L\u00fdkur \u00fear me\u00f0 yfirfer\u00f0 yfir starfs\u00e1\u00e6tlun s\u00ed\u00f0asta starfs\u00e1rs.<br \/>\n<strong>IV \u2013\u00a0Erlent samstarf<\/strong><br \/>\nForma\u00f0ur og framkv\u00e6mdastj\u00f3ri s\u00e1tu \u00e1rsfundi NEATA og IATA \u00ed M\u00f3nak\u00f3 s\u00ed\u00f0asta sumar. \u00c1 NEATA-fundinum var gott a\u00f0 finna fyrir eindregnum stu\u00f0ningi vi\u00f0 \u00fea\u00f0 a\u00f0 vi\u00f0 h\u00e9ldum h\u00e1t\u00ed\u00f0ina, og nokkur landanna bu\u00f0ust til a\u00f0 standa alfari\u00f0 straum af kostna\u00f0i vi\u00f0 s\u00edna h\u00f3pa. \u00dea\u00f0 er \u00fev\u00ed gle\u00f0ilegt a\u00f0 af \u00feessari h\u00e1t\u00ed\u00f0 getur or\u00f0i\u00f0 og magna\u00f0 ef okkur tekst a\u00f0 gera hana jafn eftirminnilega og okkur dreymir um.<br \/>\n\u00de\u00e1 s\u00f3tti forma\u00f0ur og framkv\u00e6mdastj\u00f3ri s\u00ed\u00f0asta fund NAR \u00ed n\u00faverandi mynd \u00ed Kaupmannah\u00f6fn \u00ed haust. NAR hefur n\u00fa breytt um e\u00f0li og ver\u00f0ur fyrst og fremst \u00f3formlegur menningarp\u00f3lit\u00edskur vettvangur fyrir Nor\u00f0url\u00f6ndin og hyggst halda fundi\/m\u00e1l\u00feing \u00e1rlega um tiltekin efni. Fyrsta r\u00e1\u00f0stefnan af \u00fev\u00ed tagi er n\u00fa \u00ed undirb\u00faningi \u00ed Noregi.<br \/>\nS\u00ed\u00f0asta verkefni hins gamla NAR var a\u00f0 standa fyrir ritun og \u00fe\u00fd\u00f0ingum \u00e1 barnaleikritum \u00ed \u00f6llum l\u00f6ndunum. Hvert land lag\u00f0i fram eitt leikrit sem s\u00ed\u00f0an voru \u00fe\u00fddd \u00e1 \u00f6ll hin m\u00e1lin og standa \u00e1hugas\u00f6mum h\u00f3pum til bo\u00f0a h\u00f6fundargjaldalaust \u00ed tv\u00f6 \u00e1r. Framlag \u00cdslands var verki\u00f0 Uppreisn \u00c6ru eftir \u00c1rmann Gu\u00f0mundsson sem Hulda B. H\u00e1konard\u00f3ttir \u00fe\u00fdddi \u00e1 d\u00f6nsku og flest hinna landanna n\u00fdttu s\u00ed\u00f0an \u00fe\u00e1 \u00fe\u00fd\u00f0ingu. Hulda \u00fe\u00fdddi einnig hin norr\u00e6nu verkin. \u00dea\u00f0 kennir \u00fdmissa grasa \u00ed \u00feessum potti og \u00e1st\u00e6\u00f0a til a\u00f0 hvetja alla sem stunda leiklist me\u00f0 b\u00f6rnum a\u00f0 kynna s\u00e9r verkin og n\u00fdta s\u00e9r \u00feetta g\u00f3\u00f0a bo\u00f0.<br \/>\n<strong>V \u2013 Lokaor\u00f0<\/strong><br \/>\nErfi\u00f0u starfs\u00e1ri \u00ed s\u00f6gu Bandalagsins er loki\u00f0 og ekki er endilega \u00fatlit fyrir a\u00f0 \u00fea\u00f0 n\u00e6sta ver\u00f0i \u00fdkja au\u00f0velt. En \u00fea\u00f0 ver\u00f0ur l\u00edka spennandi og ber \u00fear h\u00e1t\u00ed\u00f0ina h\u00e6st. Og \u00fea\u00f0 sem \u00e9g hef s\u00e9\u00f0 af uppf\u00e6rslum f\u00e9laganna \u00ed vetur segir m\u00e9r a\u00f0 kjarninn \u00ed starfseminni er a\u00f0 minnsta kosti jafn magna\u00f0ur og hann hefur l\u00f6ngum veri\u00f0. Sk\u00f6punarkrafturinn og eldm\u00f3\u00f0urinn &#8211; \u00fe\u00f6rfin til a\u00f0 mi\u00f0la, snerta, hreyfa vi\u00f0, l\u00e6ra, eflast og \u00feroskast. \u00c1fram vi\u00f0.<\/p>\n<div style=\"text-align: right;\"><em>Reykjav\u00edk, 29. apr\u00edl 2010<br \/>\n\u00deorgeir Tryggvason<br \/>\n<\/em><\/div>\n<p><em><strong>7. Framkv\u00e6mdastj\u00f3ri leggur fram endursko\u00f0a\u00f0a reikninga s\u00ed\u00f0asta \u00e1rs og sk\u00fdrir \u00fe\u00e1.<\/strong><\/em><br \/>\nVilborg Valgar\u00f0sd\u00f3ttir framkv\u00e6mdastj\u00f3ri lag\u00f0i fram \u00e1rsreikninga Bandalagsins.<br \/>\nTap \u00e1 rekstri var 2,4 millj\u00f3nir; rikisstyrkurinn l\u00e6kka\u00f0i um 1 millj\u00f3n milli \u00e1ra og ekki fengust \u00e1\u00e6tla\u00f0ir vextir af s\u00f6luver\u00f0i Laugavegs 96 en innl\u00e1nsvextir hafa l\u00e6kka\u00f0 um u.\u00fe.b. 10% fr\u00e1 mi\u00f0ju sumri 2008 \u00feegar \u00e1kv\u00f6r\u00f0un um a\u00f0 selja var tekin. Enn eru \u00fatistandandi t\u00e6par 10 millj\u00f3nir af s\u00f6luver\u00f0inu. H\u00fasaleigan a\u00f0 Su\u00f0urlandsbraut 16 hefur einnig h\u00e6kka\u00f0 um 50 \u00fe\u00fasund \u00e1 m\u00e1nu\u00f0i vegna v\u00edsit\u00f6lutengingar fr\u00e1 mi\u00f0jum \u00e1g\u00fast 2008. Lj\u00f3st er a\u00f0 b\u00faast m\u00e1 vi\u00f0 amk. helmingi h\u00e6rri taprekstrart\u00f6lu \u00ed \u00e1rslok 2010 ef ekki ver\u00f0ur gripi\u00f0 til einhverra r\u00e1\u00f0stafana og\/e\u00f0a h\u00e6kkun fengin \u00e1 r\u00edkisstyrkinn.<br \/>\n<em><strong>8. Umr\u00e6\u00f0ur um sk\u00fdrslu stj\u00f3rnar og afgrei\u00f0sla reikninga.<\/strong><\/em><br \/>\nUmr\u00e6\u00f0ur um st\u00f6\u00f0u h\u00fasn\u00e6\u00f0ism\u00e1la og ni\u00f0ursta\u00f0an s\u00fa a\u00f0 l\u00edti\u00f0 s\u00e9 h\u00e6gt a\u00f0 gera nema sj\u00e1 til hvernig \u00feau m\u00e1l \u00fer\u00f3ast. Vilborg sag\u00f0i \u00fea\u00f0 lj\u00f3st a\u00f0 ekki v\u00e6ri h\u00e6gt a\u00f0 r\u00e1\u00f0ast \u00ed kaup \u00e1 h\u00fasn\u00e6\u00f0i \u00e1 me\u00f0an vi\u00f0 vissum ekki hvort vi\u00f0 fengjum borga\u00f0a lokagrei\u00f0slu fr\u00e1 kaupanda Laugavegs 96 sem grei\u00f0a \u00e1 \u00ed september.<br \/>\nReikningar sam\u00feykktir me\u00f0 \u00f6llum greiddum atkv\u00e6\u00f0um.<br \/>\n<em><strong>9. Sk\u00fdrslur nefnda og umr\u00e6\u00f0ur um \u00fe\u00e6r.<\/strong><\/em><br \/>\n<span style=\"text-decoration: underline;\">a. H\u00f6r\u00f0ur Sigur\u00f0arson flutti sk\u00fdrslu vefnefndar<\/span><br \/>\n<strong>Leiklistarvefurinn &#8211; Sk\u00fdrsla vefnefndar 2010 <\/strong><br \/>\n<em>L\u00f6g\u00f0 fram \u00e1 a\u00f0alfundi B\u00cdL \u00ed Sveinbjarnarger\u00f0i 1.-2. ma\u00ed 2010 <\/em><br \/>\nLeiklistarvefurinn var rekinn me\u00f0 venjubundnum h\u00e6tti \u00e1 \u00fev\u00ed leik\u00e1ri sem n\u00fa er a\u00f0 lj\u00faka enda er vinnan vi\u00f0 vefinn l\u00f6ngu komin \u00ed fastar skor\u00f0ur. Starfsmenn \u00dej\u00f3nustumi\u00f0st\u00f6\u00f0var, \u00feau Vilborg og \u00c1rmann sj\u00e1 um daglegan rekstur sem n\u00fdst a\u00f0allega um a\u00f0 setja innsent fr\u00e9ttaefni \u00ed b\u00faning og setja \u00e1 vefinn en einnig er drj\u00fagur hluti efnisins uppl\u00fdsingar fr\u00e1 \u00dej\u00f3nustumi\u00f0st\u00f6\u00f0 til a\u00f0ildarf\u00e9laganna og annarra sem l\u00e1ta sig leiklist var\u00f0a. Vi\u00f0hald og \u00fdmis t\u00e6knileg atri\u00f0i eru a\u00f0 jafna\u00f0i \u00e1 hendi L\u00e9nsherra sem er \u00ed reglulegu sambandi vi\u00f0 starfsmenn \u00dej\u00f3nustumi\u00f0st\u00f6\u00f0var vegna \u00fdmissa m\u00e1la.<br \/>\nFyrir r\u00famu \u00e1ri a\u00f0 settum vi\u00f0 inn vi\u00f0b\u00e6tur vi\u00f0 vefumsj\u00f3narkerfi\u00f0 til a\u00f0 h\u00e6gt v\u00e6ri \u00e1 einfaldan m\u00e1ta a\u00f0 senda \u00fat fr\u00e9ttabr\u00e9f \u00e1 skilgreinda h\u00f3pa. \u00cd r\u00famt \u00e1r hefur \u00fev\u00ed n\u00fa \u00e1 hverjum f\u00f6studegi veri\u00f0 sent \u00fat fr\u00e9ttabr\u00e9f me\u00f0 fr\u00e9ttum li\u00f0innar viku. \u00deeir sem \u00e1huga hafa \u00e1 a\u00f0 f\u00e1 \u00feetta fr\u00e9ttabr\u00e9f geta skr\u00e1\u00f0 sig \u00e1 lista \u00e1 Leiklistarvefnum. \u00dea\u00f0 er von m\u00edn a\u00f0 umr\u00e6dd fr\u00e9ttabr\u00e9fsvi\u00f0b\u00f3t ver\u00f0i n\u00fdtt enn betur \u00feannig a\u00f0 fj\u00f6ldasendingar p\u00f3sts fr\u00e1 \u00dej\u00f3nustumi\u00f0st\u00f6\u00f0 fari meira og minna fram \u00ed gegnum vefinn.<br \/>\nFyrr \u00ed vetur voru einnig ger\u00f0ar nokkrar breytingar \u00e1 vefnum, m.a. \u00e1 \u00fatliti hans en \u00fe\u00e6r voru ekki st\u00f3rv\u00e6gilegar og \u00f3v\u00edst hvort f\u00f3lk almennt t\u00f3k eftir \u00feeim. \u00de\u00e6r voru \u00fe\u00f3 mj\u00f6g til b\u00f3ta \u00feykir okkur sem vinnum vi\u00f0 vefinn. \u00de\u00e1 var gagnagrunnurinn okkar sem vi\u00f0 notum til a\u00f0 halda utan um leikritasafni\u00f0 uppf\u00e6r\u00f0ur og endurb\u00e6ttur. \u00de\u00e6r breytingar voru fyrst og fremst til a\u00f0 b\u00e6ta skr\u00e1ningu og au\u00f0velda leit \u00ed safninu. Einnig m\u00e1 nefna a\u00f0 n\u00fa er m\u00f6gulegt a\u00f0 setja inn umsagnir um leikrit \u00ed gegnum vefinn sem veitir \u00fdmsa m\u00f6guleika \u00e1 a\u00f0 b\u00e6ta skr\u00e1ningu og uppf\u00e6ra uppl\u00fdsingar um einst\u00f6k handrit \u00ed safninu. \u00ddmislegt hefur sem s\u00e9 veri\u00f0 gert en l\u00edkt og me\u00f0 a\u00f0rar breytingar er ekki v\u00edst a\u00f0 margir hafi teki\u00f0 eftir \u00feeim.<br \/>\nAlltaf reytist eitthva\u00f0 inn af augl\u00fdsingum \u00e1 vefinn og eru \u00fear fremstir \u00ed flokki breskir leiklistarsk\u00f3lar a\u00f0 finna s\u00e9r \u00edslenska nemendur. \u00dea\u00f0 er gamall s\u00f6ngur a\u00f0 \u00fdmsir m\u00f6guleikar eru \u00e1 aukningu augl\u00fdsingatekna og er hann h\u00e9r me\u00f0 endurtekinn.<br \/>\nLeiklistarvefurinn ver\u00f0ur 10 \u00e1ra \u00e1 n\u00e6sta \u00e1ri. Vefurinn er t\u00e6ki sem n\u00fdtist Bandalaginu og \u00e1hugahreyfingunni til \u00fdmissa hluta. Vefurinn er or\u00f0inn \u00fea\u00f0 fastur li\u00f0ur \u00ed starfi Bandalagsins og \u00dej\u00f3nustumi\u00f0st\u00f6\u00f0varinnar a\u00f0 undirrita\u00f0ur hefur spurt sj\u00e1lfan sig hvort \u00e1st\u00e6\u00f0a s\u00e9 til \u00feess lengur a\u00f0 flytja s\u00e9rstaka sk\u00fdrslu um hann \u00e1 a\u00f0alfundum, ekki frekar en vi\u00f0 flytjum sk\u00fdrslu um s\u00edmann e\u00f0a lj\u00f3sritunarv\u00e9lina. Vi\u00f0 sm\u00e1 umhugsun er \u00feetta \u00fe\u00f3 ekki g\u00f3\u00f0 saml\u00edking.<br \/>\nLeiklistarvefurinn er fr\u00e9ttami\u00f0ill sem \u00e1 s\u00ed\u00f0asta \u00e1ri flutti \u00e1 \u00feri\u00f0ja hundra\u00f0 almennar leiklistarfr\u00e9ttir auk greina um leiklist, umfj\u00f6llunar um leiks\u00fdningar og annars efnis af skyldu tagi. Leiklistarvefurinn er uppl\u00fdsingabanki fyrir leiklistar\u00e1hugaf\u00f3lk \u00e1 \u00cdslandi sem m.a. geymir uppl\u00fdsingar um \u00f6ll \u00e1hugaleikf\u00e9l\u00f6g landsins, veitir leitara\u00f0gang a\u00f0 st\u00e6rsta leikritasafni landsins, birtir lista yfir leikstj\u00f3ra sem bj\u00f3\u00f0a sig fram til starfa hj\u00e1 leikf\u00e9l\u00f6gum og veitir uppl\u00fdsingar um leiklistarmenntun af \u00fdmsu tagi svo eitthva\u00f0 s\u00e9 nefnt.<br \/>\nLeiklistarvefurinn er rekinn af Bandalagi \u00edslenskra leikf\u00e9laga. Leiklistarvefurinn er eitt af sameiningart\u00e1knum \u00edslenskrar \u00e1hugaleiklistar. Leiklistarvefurinn er fj\u00f6lbreyttasti og \u00f6flugasti leiklistarvefur \u00e1 landinu.<br \/>\nLeiklistarvefurinn er t\u00e1kn um \u00feann kraft sem b\u00fdr \u00ed samt\u00f6kum \u00e1hugaleikf\u00e9laga \u00e1 landinu.<br \/>\nSvo l\u00fdkur sk\u00fdrslu vefnefndar.<\/p>\n<div style=\"text-align: right;\"><em>Fyrir h\u00f6nd vefnefndar,<br \/>\nH\u00f6r\u00f0ur Sigur\u00f0arson<br \/>\n<\/em><\/div>\n<p><span style=\"text-decoration: underline;\">b. Hrefna Fri\u00f0riksd\u00f3ttir flutti sk\u00fdrslu sk\u00f3lanefndar<\/span><br \/>\n<strong>Sk\u00fdrsla sk\u00f3lanefndar \u00e1 a\u00f0alfundi B\u00cdL 1.-2. ma\u00ed 2010.<\/strong><br \/>\nEngar breytingar ur\u00f0u \u00e1 skipan sk\u00f3lanefndar \u00e1 \u00e1rinu, hana skipu\u00f0u auk m\u00edn D\u00fdrleif J\u00f3nsd\u00f3ttir, Gunnhildur Sigur\u00f0ard\u00f3ttir, Herd\u00eds \u00deorgeirsd\u00f3ttir og Sigr\u00ed\u00f0ur Karlsd\u00f3ttir.<br \/>\nLeiklistarsk\u00f3linn var settur \u00ed 13. sinn \u00feann 13. j\u00fan\u00ed 2009 a\u00f0 H\u00fasabakka \u00ed Svarfa\u00f0ardal. Sk\u00f3lann s\u00f3ttu alls 38 nemandi en \u00fear voru \u00ed bo\u00f0i 3 n\u00e1mskei\u00f0:<br \/>\n1. Byrjendan\u00e1mskei\u00f0 \u00ed s\u00f6ng- og raddbeitingu \u00fat fr\u00e1 Complete Vocal Technique kerfinu. \u00dearna kenndi hj\u00e1 okkur \u00ed fyrsta skipti \u00de\u00f3rhildur \u00d6rvarsd\u00f3ttir.<br \/>\n2. S\u00e9rn\u00e1mskei\u00f0 fyrir leikara, kennari R\u00fanar Gu\u00f0brandsson, \u00feetta n\u00e1mskei\u00f0 var me\u00f0 svipu\u00f0u sni\u00f0i og R\u00fanar bau\u00f0 upp \u00e1 \u00e1ri\u00f0 2001.<br \/>\n3. Framhaldsn\u00e1mskei\u00f0 \u00ed leikritun, kennari Bjarni J\u00f3nsson, en \u00fearna var um a\u00f0 r\u00e6\u00f0a framhald af n\u00e1mskei\u00f0i sem Bjarni var me\u00f0 sumari\u00f0 \u00e1\u00f0ur.<br \/>\nNi\u00f0urst\u00f6\u00f0ur vi\u00f0horfsk\u00f6nnunar benti til mikillar \u00e1n\u00e6gju me\u00f0 sk\u00f3lastarfi\u00f0.<br \/>\nR\u00e1\u00f0gert var a\u00f0 halda metna\u00f0arfullt s\u00e9rn\u00e1mskei\u00f0 um sam\u00fe\u00e6ttingu t\u00e6kni \u00ed leikh\u00fasinu me\u00f0 Agli Ingibergssyni \u00ed lok ma\u00ed\/byrjun j\u00fan\u00ed 2009 en \u00fea\u00f0 f\u00e9ll \u00fev\u00ed mi\u00f0ur ni\u00f0ur vegna dr\u00e6mrar \u00fe\u00e1ttt\u00f6ku.<br \/>\nEins og lofa\u00f0 var \u00ed fyrra \u00fe\u00e1 var bo\u00f0i\u00f0 upp \u00e1 leikgerva- og b\u00faningan\u00e1mskei\u00f0 sl. vetur, n\u00e1nar tilteki\u00f0 \u00ed okt\u00f3ber 2009. Kennarar voru \u00c1sta Haf\u00fe\u00f3rsd\u00f3ttir og Alda Sigur\u00f0ard\u00f3ttir og var n\u00e1mskei\u00f0i\u00f0 me\u00f0 svipu\u00f0u sni\u00f0i og \u00fe\u00e6r hafa haldi\u00f0 \u00e1\u00f0ur \u00e1 vegum sk\u00f3lans. \u00de\u00e1tttakendur voru \u00fev\u00ed mi\u00f0ur ekki nema sj\u00f6 talsins en allir sem einn l\u00fdstu \u00feeir mikilli \u00e1n\u00e6gju me\u00f0 n\u00e1mskei\u00f0i\u00f0.<br \/>\n\u00c1ri\u00f0 2010 markar t\u00edmam\u00f3t \u00ed s\u00f6gu Leiklistarsk\u00f3la Bandalags \u00edslenskra leikf\u00e9laga. Fr\u00e1 upphafi hefur sk\u00f3linn \u00e1tt sitt a\u00f0ala\u00f0setur a\u00f0 H\u00fasabakkask\u00f3la \u00ed Svarfa\u00f0ardal en n\u00fana \u00e1 \u00feessu fj\u00f3rt\u00e1nda starfs\u00e1ri ver\u00f0ur sk\u00f3linn fluttur um set og settur a\u00f0 H\u00fanavallask\u00f3la \u00ed H\u00fanavatnshreppi. Eins og kunnugt er \u00fe\u00e1 hefur \u00fea\u00f0 lengi veri\u00f0 markmi\u00f0 Bandalagsins a\u00f0 reyna a\u00f0 tryggja betur a\u00f0gengi fatla\u00f0ra a\u00f0 starfsemi sk\u00f3lans. \u00cd fyrra sendi sk\u00f3lanefnd \u00f6llum sveitarf\u00e9l\u00f6gum landsins br\u00e9f me\u00f0 fyrirspurn um v\u00e6nlegt h\u00fasn\u00e6\u00f0i. Fari\u00f0 var \u00ed gegnum \u00f6ll \u00feau sv\u00f6r sem b\u00e1rust, vali\u00f0 a\u00f0 heims\u00e6kja H\u00fanavallask\u00f3la og skemmst fr\u00e1 a\u00f0 segja a\u00f0 vi\u00f0 teljum okkur hafa fundi\u00f0 h\u00fasn\u00e6\u00f0i sem vi\u00f0 viljum l\u00e1ta \u00e1 reyna. A\u00f0gengi fyrir fatla\u00f0a er ekki eins og allra best ver\u00f0ur \u00e1 kosi\u00f0 en vi\u00f0 leyfum okkur a\u00f0 halda \u00fev\u00ed fram a\u00f0 a\u00f0gengi s\u00e9 til sta\u00f0ar. \u00deess m\u00e1 geta a\u00f0 sk\u00f3lanefndin bau\u00f0 formanni Halaleikh\u00f3psins \u00e1 fund eftir a\u00f0 \u00e1kv\u00f6r\u00f0un haf\u00f0i veri\u00f0 tekin um flutning sk\u00f3lans og auk \u00feess m\u00e6ttu sk\u00f3lastj\u00f3rar \u00e1 s\u00e9rstakan f\u00e9lagsfund hj\u00e1 Halaleikh\u00f3pnum til a\u00f0 kynna a\u00f0st\u00f6\u00f0una og n\u00e1mskei\u00f0in \u00ed sumar.<br \/>\nA\u00f0 H\u00fanav\u00f6llum ver\u00f0ur r\u00fam fyrir \u00edvi\u00f0 fleiri nemendur en var a\u00f0 H\u00fasabakkask\u00f3la. Vi\u00f0 hl\u00f6kkum til a\u00f0 l\u00e1ta \u00e1 \u00fea\u00f0 reyna hvernig h\u00fasn\u00e6\u00f0i\u00f0 mun n\u00fdtast og a\u00f0 sko\u00f0a m\u00f6guleika \u00e1 a\u00f0 enn \u00f6flugara og fj\u00f6lbreyttara sk\u00f3lastarfi \u00ed framt\u00ed\u00f0inni.<br \/>\nLeiklistarsk\u00f3linn ver\u00f0ur settur a\u00f0 H\u00fanavallask\u00f3la \u00feann 12. j\u00fan\u00ed nk. A\u00f0 \u00feessu sinni ver\u00f0a \u00ferj\u00fa n\u00e1mskei\u00f0 \u00ed bo\u00f0i og sem fyrr hefur sk\u00f3lanefnd lagt sig fram um a\u00f0 f\u00e1 f\u00e6rustu kennara sem v\u00f6l er \u00e1. Sumari\u00f0 2010 ver\u00f0ur l\u00f6g\u00f0 \u00e1hersla \u00e1 byrjendan\u00e1mskei\u00f0. \u00c1g\u00fasta Sk\u00falad\u00f3ttir mun kenna Leiklist I og lei\u00f0a n\u00fdli\u00f0ana inn \u00ed undraver\u00f6ld leiklistarinnar eins og henni einni er lagi\u00f0. \u00c1g\u00fasta hefur kennt fj\u00f6lbreytt n\u00e1mskei\u00f0 vi\u00f0 sk\u00f3lann en \u00feetta er \u00ed anna\u00f0 sinn sem h\u00fan kennir Leiklist I. \u00de\u00e1 er \u00fea\u00f0 fagna\u00f0arefni a\u00f0 f\u00e1 Sigr\u00fanu Valbergsd\u00f3ttur til li\u00f0s vi\u00f0 okkur enn og aftur. \u00deetta ver\u00f0ur \u00ed fj\u00f3r\u00f0a sinn sem Sigr\u00fan kennir Leikstj\u00f3rn I, sem segir allt sem segja \u00fearf um hinn trausta og sta\u00f0g\u00f3\u00f0a grunn sem n\u00e1mskei\u00f0in hennar eru fyrir leikstj\u00f3raefni. A\u00f0 lokum er okkur \u00e1n\u00e6gjuefni a\u00f0 bj\u00f3\u00f0a \u00de\u00f3rhildi \u00d6rvarsd\u00f3ttur velkomna aftur me\u00f0 framhald af hinu vins\u00e6la n\u00e1mskei\u00f0i fr\u00e1 \u00fev\u00ed \u00ed fyrra um r\u00f6ddina \u00ed leikh\u00fasinu \u00fat fr\u00e1 Complete Vocal Technique kerfinu.<br \/>\n\u00cd sumar ver\u00f0ur einnig brydda\u00f0 upp \u00e1 \u00feeirri skemmtilegu n\u00fdbreytni a\u00f0 bj\u00f3\u00f0a h\u00f6fundum a\u00f0 dvelja \u00e1 sta\u00f0num vi\u00f0 skapandi skrif. Ekki er um a\u00f0 r\u00e6\u00f0a n\u00e1mskei\u00f0 e\u00f0a lei\u00f0s\u00f6gn heldur gefst h\u00f6fundum \u00fearna fyrst og fremst t\u00e6kif\u00e6ri til a\u00f0 vinna \u00ed fri\u00f0i en um lei\u00f0 a\u00f0 nj\u00f3ta samvista vi\u00f0 nemendur sk\u00f3lans og taka \u00fe\u00e1tt \u00ed sk\u00f3lastarfi utan hef\u00f0bundinna kennslustunda.<br \/>\nSkr\u00e1\u00f0ir \u00fe\u00e1tttakendur eru 49, fullt er \u00e1 byrjendan\u00e1mskei\u00f0in en laus pl\u00e1ss \u00e1 framhaldsn\u00e1mskei\u00f0i\u00f0 um r\u00f6ddina \u00ed leikh\u00fasinu.<br \/>\nA\u00f0 lokum &#8211; H\u00fasabakkask\u00f3li hefur veri\u00f0 hrei\u00f0ur og hjarta sk\u00f3lastarfsins fr\u00e1 upphafi og vi\u00f0 t\u00f6kum me\u00f0 okkur r\u00edkulegar minningar um fallegt umhverfi, g\u00f3\u00f0an anda, vin\u00e1ttu og stu\u00f0ning. Um lei\u00f0 er \u00fea\u00f0 tr\u00f6llatr\u00fa okkar a\u00f0 hinn eini sanni sk\u00f3laandi fylgi okkur hvert sem vi\u00f0 f\u00f6rum og a\u00f0 \u00e1 n\u00fdjum sta\u00f0 finnum vi\u00f0 hinn sama \u00f3gleymanlega kraft, sk\u00f6pun og gle\u00f0i.<br \/>\n\u00c9g \u00feakka samnefndarkonum m\u00ednum vel unnin st\u00f6rf.<\/p>\n<div style=\"text-align: right;\"><em>Hrefna Fri\u00f0riksd\u00f3ttir<br \/>\n<\/em><\/div>\n<p><span style=\"text-decoration: underline;\">c. \u00c1rmann Gu\u00f0mundsson flutti sk\u00fdrslu Handritasafnsnefndar<\/span><br \/>\n<strong>Sk\u00fdrsla Handritasafnsnefndar Bandalags \u00edslenskra leikf\u00e9laga <\/strong><br \/>\n<em>flutt \u00e1 a\u00f0alfundi \u00ed Sveinbjarnarger\u00f0i, Eyjafir\u00f0i 1. ma\u00ed 2010<\/em><br \/>\nHandritasafnsnefnd skipa \u00c1rmann Gu\u00f0mundson, Hrefna Fri\u00f0riksd\u00f3ttir og \u00d6rn Alexandersson.<br \/>\nNefndin funda\u00f0i einungis einu sinni \u00e1r leik\u00e1rinu en vinnur n\u00fa a\u00f0 m\u00f3tun reglna Handritasafnins og hugmyndum um n\u00e6stu skref til a\u00f0 efla safni\u00f0 og auka a\u00f0f\u00f6ng \u00feess. \u00cd lj\u00f3si efnahags\u00e1stands hafa allar hugmyndir sem \u00fe\u00fd\u00f0a mundu einhver fj\u00e1r\u00fatl\u00e1t e\u00f0a kostna\u00f0 fyrir Bandalagi\u00f0 veri\u00f0 settar \u00ed salt.<br \/>\nAf vinnu vi\u00f0 sk\u00f6nnun safnsins er \u00fea\u00f0 hins vegar \u00fea\u00f0 a\u00f0 fr\u00e9tta a\u00f0 n\u00fa hafa um 2.400 titlar (af t\u00e6plega 3.000) veri\u00f0 skanna\u00f0ir inn og einungis er eftir a\u00f0 skanna inn handrit sem eru \u00e1 einhvern h\u00e1tt erfi\u00f0 \u00ed innsk\u00f6nnun e\u00f0a eru einungis til \u00e1 b\u00f3kum. Reikna\u00f0 er me\u00f0 a\u00f0 sk\u00f6nnun \u201eerfi\u00f0ra\u201c handrita lj\u00faki \u00e1 \u00feessu \u00e1ri.<\/p>\n<div style=\"text-align: right;\"><em>f.h. Handritasafnsnefndar,<br \/>\n\u00c1rmann Gu\u00f0mundsson<br \/>\n<\/em><\/div>\n<p><span style=\"text-decoration: underline;\">d. \u00c1rmann Gu\u00f0mundsson flutti sk\u00fdrslu Margt sm\u00e1tt nefndar<\/span><br \/>\n<strong>Sk\u00fdrsla framkv\u00e6mdanefndar Stuttverkah\u00e1t\u00ed\u00f0arinnar Margt sm\u00e1tt 2010<\/strong><br \/>\nNefndina skipa \u00feau Hjalti Stef\u00e1n Kristj\u00e1nsson, Hrund \u00d3lafsd\u00f3ttir og \u00deorgeir Tryggvason, \u00e1samt undirritu\u00f0um.<br \/>\nVi\u00f0 skildum vi\u00f0 fimmtu Margt sm\u00e1tt stuttverkah\u00e1t\u00ed\u00f0ina fyrir \u00e1ri s\u00ed\u00f0an \u00fear sem henni haf\u00f0i veri\u00f0 fresta\u00f0 fr\u00e1 haustinu 2008 til vorsins 2009 vegna erfi\u00f0leika vi\u00f0 a\u00f0 finna t\u00edma sem henta\u00f0i b\u00e6\u00f0i okkur og Borgarleikh\u00fasinu. \u00c6tlunin var \u00fe\u00e1 a\u00f0 halda h\u00e1t\u00ed\u00f0ina 23. ma\u00ed en \u00e1hugi \u00e1 \u00fe\u00e1ttt\u00f6ku reyndist \u00feegar upp var sta\u00f0i\u00f0 \u00fea\u00f0 l\u00edtill a\u00f0 \u00e1kve\u00f0i\u00f0 var a\u00f0 halda hana a\u00f0 hausti og \u00fe\u00e1 me\u00f0 gestas\u00fdningum fr\u00e1 F\u00e6reyjum eins hugmyndir h\u00f6f\u00f0u veri\u00f0 uppi um.<br \/>\nLj\u00f3st var \u00fe\u00e1 a\u00f0 \u00e1hugi af h\u00e1lfu Borgarleikh\u00fasmanna haf\u00f0i enn dv\u00edna\u00f0 og \u00feegar til kom reyndist ekki m\u00f6gulegt a\u00f0 finna t\u00edma \u00ed Borgarleikh\u00fasinu sem henta\u00f0i okkur og \u00fev\u00ed var leita\u00f0 til Leiklistarf\u00e9lags Seltjarnarness me\u00f0 a\u00f0 f\u00e1 a\u00f0 halda h\u00e1t\u00ed\u00f0ina \u00ed F\u00e9lagsheimili Seltjarnarness. \u00deessari m\u00e1laleitan t\u00f3k leikf\u00e9lagi\u00f0 opnum \u00f6rmum og st\u00f3\u00f0 me\u00f0 okkur a\u00f0 h\u00e1t\u00ed\u00f0inni me\u00f0 miklum s\u00f3ma.<br \/>\nFyrir valinu var\u00f0 dagsetningin 10. okt\u00f3ber. Framkv\u00e6mdanefnd \u00e1kva\u00f0 a\u00f0 hafa h\u00e1t\u00ed\u00f0ina me\u00f0 mj\u00f6g svipu\u00f0u sni\u00f0i og \u00fe\u00e1 s\u00ed\u00f0ustu, s\u00fdningar h\u00e6fust snemma dags og \u00feeim lyki s\u00ed\u00f0degis, s\u00ed\u00f0an yr\u00f0i h\u00e1t\u00ed\u00f0arkv\u00f6ldver\u00f0ur um kv\u00f6ldi\u00f0.<br \/>\nMeginf\u00e9lag \u00e1hugaleikara, \u201eBandalag\u201c F\u00e6reyinga, sendi fimm leik\u00fe\u00e6tti sem allir voru n\u00fdskrifa\u00f0ir en auk \u00feeirra t\u00f3ku sj\u00f6 \u00edslensk f\u00e9l\u00f6g \u00fe\u00e1tt \u00ed h\u00e1t\u00ed\u00f0inni, Hugleikur me\u00f0 6 verk, Leikf\u00e9lag Hafnarfjar\u00f0ar me\u00f0 3 verk og Halaleikh\u00f3purinn, Leikf\u00e9lag K\u00f3pavogs, Leikf\u00e9lag Mosfellssveitar og Leikf\u00e9lag Selfoss me\u00f0 eitt verk hvert f\u00e9lag, auk \u00feess sem heimamenn brutu upp h\u00e1t\u00ed\u00f0ina me\u00f0 \u00f6rstuttum sketsum inn \u00e1 milli s\u00fdninga. Sigr\u00fan Valbergsd\u00f3ttir fjalla\u00f0i svo um s\u00fdningarnar \u00ed lok h\u00e1t\u00ed\u00f0ar.<br \/>\nAuk f\u00e6reysku gestanna kom forma\u00f0ur norska \u00e1hugleikh\u00fassambandsins Svein J. Sveinson \u00e1 h\u00e1t\u00ed\u00f0ina. Hann l\u00fdsti yfir mikilli \u00e1n\u00e6gju me\u00f0 upplifunina og \u00e1huga \u00e1 a\u00f0 koma af sta\u00f0 einhvers konar samb\u00e6rilegu starfi \u00ed Noregi og \u00fe\u00e1 jafnvel me\u00f0 samstarf vi\u00f0 okkur \u00ed huga. F\u00e6reyingar b\u00e6ttu \u00fe\u00f3 um betur \u00fev\u00ed forma\u00f0ur M\u00c1F, Hilmar Joensen bo\u00f0a\u00f0i til stuttverkah\u00e1t\u00ed\u00f0ar \u00ed F\u00e6reyjum \u00ed ma\u00ed 2011 og bau\u00f0 Bandalaginu a\u00f0 taka \u00fe\u00e1tt \u00ed henni.<br \/>\nEkki hefur veri\u00f0 \u00e1kve\u00f0i\u00f0 hvar n\u00e9 hven\u00e6r n\u00e6sta Margt sm\u00e1tt h\u00e1t\u00ed\u00f0 ver\u00f0ur haldin. \u00dea\u00f0 m\u00e1 \u00fe\u00f3 reikna me\u00f0 a\u00f0 samstarfi vi\u00f0 Borgarleikh\u00fasi\u00f0 s\u00e9 \u00far s\u00f6gunni \u00fear sem \u00e1hugi af \u00feeirra h\u00e1lfu vir\u00f0ist einfaldlega ekki vera fyrir hendi. \u00dea\u00f0 er \u00fe\u00f3 ekkert sem bendir til annars en a\u00f0 stuttverkah\u00e1t\u00ed\u00f0ir geti lifa\u00f0 g\u00f3\u00f0u l\u00edfi \u00fer\u00e1tt fyrir \u00fea\u00f0.<\/p>\n<div style=\"text-align: right;\"><em>F.h. Margt sm\u00e1tt nefndar,<br \/>\n\u00c1rmann Gu\u00f0mundsson.<br \/>\n<\/em><\/div>\n<p><span style=\"text-decoration: underline;\">e. Vilborg Valgar\u00f0sd\u00f3ttir, \u00der\u00e1inn Sigvaldason og H\u00f6r\u00f0ur Sigur\u00f0arson fluttu sk\u00fdrslu framkv\u00e6mdanefndar NEATA-h\u00e1t\u00ed\u00f0ar<\/span><br \/>\n<strong>Al\u00fej\u00f3\u00f0leg leiklistarh\u00e1t\u00ed\u00f0 NEATA \u00e1 Akureyri\u00a010.\u201315. \u00e1g\u00fast 2010<\/strong><br \/>\n<em>Sk\u00fdrsla framkv\u00e6mdanefndar \u00e1 a\u00f0alfundi Bandalagsins 1. ma\u00ed 2010<\/em><br \/>\n\u00de\u00f3 nokkur h\u00f3pur Bandalagsf\u00f3lks s\u00f3tti \u00feri\u00f0ju al\u00fej\u00f3\u00f0legu leiklistarh\u00e1t\u00ed\u00f0 NEATA \u00ed Viljandi \u00ed Eistlandi \u00ed \u00e1g\u00fast 2004. \u00c1 \u00e1rsfundi NEATA, sem haldinn var \u00ed tengslum vi\u00f0 h\u00e1t\u00ed\u00f0ina, bau\u00f0 \u00edslenska sendinefndin til NEATA-h\u00e1t\u00ed\u00f0ar \u00e1 \u00cdslandi \u00e1ri\u00f0 2010. B\u00e6\u00f0i vegna \u00feess a\u00f0 einhvern t\u00edmann var\u00f0 a\u00f0 koma a\u00f0 okkur og eins vegna \u00feess a\u00f0 \u00feetta er sextugasta afm\u00e6lis\u00e1r Bandalagsins. Dagsetningin var \u00fe\u00e1 lengst \u00ed fjarskanum en n\u00fana eru a\u00f0eins r\u00famir \u00fer\u00edr m\u00e1nu\u00f0ir \u00ed h\u00e1t\u00ed\u00f0ina.<br \/>\nUndirb\u00faningsnefnd hefur veri\u00f0 a\u00f0 st\u00f6rfum lengi. \u00cd henni voru \u00feau L\u00e1rus Vilhj\u00e1lmsson, Gu\u00f0r\u00fan Halla J\u00f3nsd\u00f3ttir, H\u00f6r\u00f0ur Sigur\u00f0arson og \u00d3l\u00f6f \u00de\u00f3r\u00f0ard\u00f3ttir. S\u00fa nefnd lauk st\u00f6rfum \u00feegar kom \u00ed lj\u00f3s a\u00f0 vi\u00f0 fengjum styrk fr\u00e1 Norr\u00e6na menningarsj\u00f3\u00f0num og af h\u00e1t\u00ed\u00f0inni yr\u00f0i. \u00de\u00e1 \u00feurfti a\u00f0 skipa framkv\u00e6mdanefnd. \u00dea\u00f0 var gert \u00e1 stj\u00f3rnarfundi \u00ed jan\u00faar og hana skipa \u00der\u00e1inn Sigvaldason, H\u00f6r\u00f0ur Sigur\u00f0arson, \u00d3l\u00f6f \u00de\u00f3r\u00f0ard\u00f3ttir og undirritu\u00f0.<br \/>\nB\u00fai\u00f0 er a\u00f0 hn\u00fdta flesta enda var\u00f0andi umgj\u00f6r\u00f0ina, s\u00fdningar, leiksmi\u00f0jur, gagnr\u00fdni, h\u00e1t\u00ed\u00f0arkl\u00fabb, uppl\u00fdsingami\u00f0st\u00f6\u00f0, gistista\u00f0i, mat og \u00feess h\u00e1ttar. \u00cdslensku s\u00fdningarnar ver\u00f0a \u00ferj\u00e1r. Valnefnd skipu\u00f0 \u00feeim Sigr\u00fanu Valbergsd\u00f3ttur, Gunnari Birni Gu\u00f0mundssyni og Huld \u00d3skarsd\u00f3ttur v\u00f6ldu \u00fe\u00e6r \u00far \u00feeim sj\u00f6 s\u00fdningum sem s\u00f3ttu um en \u00fe\u00e6r voru fr\u00e1 6 leikf\u00e9l\u00f6gum. F\u00e9l\u00f6gin sem ver\u00f0a me\u00f0 s\u00fdningar \u00e1 h\u00e1t\u00ed\u00f0inni eru Leikf\u00e9lag K\u00f3pavogs, Leikf\u00e9lag Selfoss og Freyvangsleikh\u00fasi\u00f0.<br \/>\nAllar s\u00fdningar og a\u00f0rir vi\u00f0bur\u00f0ir h\u00e1t\u00ed\u00f0arinnar ver\u00f0a \u00ed Menningarh\u00fasinu Hofi. \u00dear ver\u00f0ur einnig starfr\u00e6kt m\u00f6tuneyti og \u00fear ver\u00f0ur uppl\u00fdsingami\u00f0st\u00f6\u00f0in sem Sigr\u00ed\u00f0ur L\u00e1ra Sigurj\u00f3nsd\u00f3ttir mun st\u00fdra. Gistista\u00f0ir \u00e1 vegum h\u00e1t\u00ed\u00f0arinnar eru eftirtaldir: Gistiheimili Akureyrar a\u00f0 Skipag\u00f6tu 4, Hafnarstr\u00e6ti 104 og 108. Gistih\u00fasi\u00f0 Hrafninn, H\u00f3tel Edda, Gistiheimili\u00f0 S\u00falur og Gistiheimili\u00f0 Gula villan.<br \/>\nH\u00e1t\u00ed\u00f0in ver\u00f0ur sett \u00feri\u00f0judagskv\u00f6ldi\u00f0 10. \u00e1g\u00fast kl. 20.00 me\u00f0 opnunarath\u00f6fn \u00ed st\u00f3ra salnum \u00ed Hofi. Leikstj\u00f3ri athafnarinnar ver\u00f0ur R\u00fanar Gu\u00f0brandsson og vonast er til a\u00f0 forseti \u00cdslands, sem er verndari h\u00e1t\u00ed\u00f0arinnar, ver\u00f0i vi\u00f0staddur. Forma\u00f0ur Bandalagsins mun setja h\u00e1t\u00ed\u00f0ina formlega. A\u00f0 \u00f6\u00f0ru leiti er opnunarath\u00f6fnin enn \u00f3skipul\u00f6g\u00f0. Vi\u00f0 gerum r\u00e1\u00f0 fyrir a\u00f0 ath\u00f6fnin standi \u00ed ca. 30-45 m\u00edn\u00fatur, \u00fe\u00e1 ver\u00f0i gert stutt hl\u00e9 og fyrsta s\u00fdning h\u00e1t\u00ed\u00f0arinnar byrji kl. 21.00. \u00dea\u00f0 er Leikf\u00e9lag K\u00f3pavogs sem r\u00ed\u00f0ur \u00e1 va\u00f0i\u00f0.<br \/>\nMi\u00f0vikdagurinn 11. \u00e1g\u00fast hefst \u00e1 stj\u00f3rnarfundi NEATA. Eftir h\u00e1degi\u00f0 og fram \u00e1 kv\u00f6ldi\u00f0 ver\u00f0a n\u00e6stu 4 s\u00fdningarnar, Noregur og R\u00famenar \u00ed litla salnum og Lith\u00e1ar og Sv\u00ed\u00fej\u00f3\u00f0 \u00ed st\u00f3ra salnum.<br \/>\nDagskr\u00e1 fimmtudagsins 12. \u00e1g\u00fast hefst kl. 9.00 en \u00fe\u00e1 byrja \u00ferj\u00fa atri\u00f0i samt\u00edmis. \u00dea\u00f0 eru tv\u00e6r leiksmi\u00f0jur sem \u00feau \u00c1g\u00fasta Sk\u00falad\u00f3ttir og R\u00fanar Gu\u00f0brandsson st\u00fdra til h\u00e1degis og gagnr\u00fdni \u00e1 5 fyrstu s\u00fdningar h\u00e1t\u00ed\u00f0arinnar ver\u00f0ur einnig fr\u00e1 kl. 9.00 til kl. 12 \u00e1 h\u00e1degi. Utanumhald leiksmi\u00f0ja hefur \u00d3l\u00f6f \u00de\u00f3r\u00f0ard\u00f3ttir. Gagnr\u00fdnendur h\u00e1t\u00ed\u00f0arinnar ver\u00f0a \u00feau \u00deorgeir Tryggvason, forma\u00f0ur Bandalagsins og fyrrum leiklistargagnr\u00fdnandi Morgunbla\u00f0sins, og dr. Danute Vaigauskaite, forma\u00f0ur Lith\u00e1\u00edska Bandalagsins. Einnig er fyrirhuga\u00f0 a\u00f0 hafa \u00e1vallt einn gestagagnr\u00fdnanda \u00fat r\u00f6\u00f0um \u00e1horfenda. H\u00f6r\u00f0ur Sigur\u00f0arson s\u00e9r um skipulagningu gagnr\u00fdninnar.<br \/>\nEftir h\u00e1degi\u00f0 ver\u00f0a svo n\u00e6stu 4 s\u00fdningar h\u00e1t\u00ed\u00f0arinnar, Frakkland og Finnland \u00ed st\u00f3ra salnum og Selfoss og Lettland \u00ed litla salnum.<br \/>\nF\u00f6studagurinn 13. byrjar eins og fimmtudagurinn en \u00fe\u00e1 ver\u00f0a b\u00e1\u00f0ar leiksmi\u00f0jurnar endurteknar og gagnr\u00fdni flutt \u00e1 s\u00fdningar fimmtudagsins. Eftir h\u00e1degi\u00f0 mun Danm\u00f6rk r\u00ed\u00f0a \u00e1 va\u00f0i\u00f0 me\u00f0 \u00fatis\u00fdningu sem hefjast mun \u00ed Hofi og f\u00e6rast s\u00ed\u00f0an \u00ed g\u00f6ngug\u00f6tuna og til baka. \u00dear munu svo s\u00ed\u00f0ustu s\u00fdningar h\u00e1t\u00ed\u00f0arinnar fara fram, F\u00e6reyjar s\u00fdna \u00ed litla salnum og Freyvangur um kv\u00f6ldi\u00f0 \u00ed st\u00f3ra salnum.<br \/>\n\u00c1 laugardagsmorguninn hefst dagskr\u00e1in kl. 9.00 me\u00f0 gagnr\u00fdni \u00e1 s\u00fdningar f\u00f6studagsins, kl. 9.30 hefst svo fyrirlestur me\u00f0 s\u00fdnikennslu. \u00dea\u00f0 er br\u00fa\u00f0uleikh\u00fasma\u00f0urinn kunni Bernd Ogrodnik sem uppl\u00fdsir okkur um leyndard\u00f3ma br\u00fa\u00f0uger\u00f0ar og br\u00fa\u00f0ustj\u00f3rnunar. Eftir h\u00e1degisver\u00f0inn ver\u00f0ur svo fari\u00f0 me\u00f0 alla \u00fe\u00e1tttakendur h\u00e1t\u00ed\u00f0arinnar \u00ed sko\u00f0unarfer\u00f0 me\u00f0 lei\u00f0s\u00f6gn a\u00f0 M\u00fdvatni. \u00dea\u00f0 er forma\u00f0ur Freyvangsleikh\u00fassins, Halld\u00f3r Sigurgeirsson, sem skipuleggur fer\u00f0ina. \u00c1 laugardagskv\u00f6ldi\u00f0 ver\u00f0ur svo lokah\u00f3fi\u00f0 \u00fear sem vi\u00f0 bor\u00f0um veislumat og skemmtum okkur saman, \u00fear ver\u00f0ur h\u00e1t\u00ed\u00f0inni a\u00f0 lokum formlega sliti\u00f0. \u00der\u00e1inn Sigvaldason mun hafa umsj\u00f3n me\u00f0 h\u00f3finu.<br \/>\nH\u00e1t\u00edk\u00f0arkl\u00fabbur ver\u00f0ur starfr\u00e6ktur \u00ed Hofi fr\u00e1 \u00feri\u00f0judagskv\u00f6ldi til f\u00f6studagskv\u00f6lds. Umsj\u00f3narma\u00f0ur ver\u00f0ur Ing\u00f3lfur \u00de\u00f3rsson.<br \/>\nBrottf\u00f6r er svo \u00e1 sunnudaginn, \u00feann 15. \u00e1g\u00fast.<br \/>\nByrja\u00f0 er a\u00f0 skr\u00e1 sj\u00e1lfbo\u00f0ali\u00f0a til starfa \u00e1 h\u00e1t\u00ed\u00f0inni og hafa 16 manns bo\u00f0i\u00f0 fram a\u00f0sto\u00f0 s\u00edna auk stj\u00f3rnarmanna, samtals 22 me\u00f0 m\u00e9r og \u00c1rmanni. En okkur vantar fleira f\u00f3lk, s\u00e9rstaklega \u00ed hlutverk lei\u00f0s\u00f6gumanna leikh\u00f3panna. Reyndar s\u00e9 \u00e9g n\u00fa ekki a\u00f0 allir h\u00f3parnir \u00feurfi lei\u00f0s\u00f6gumenn allan t\u00edmann \u00fear sem vegalengdir eru stuttar og allt fer fram \u00e1 sama sta\u00f0 en flestir \u00feurfa a\u00f0 l\u00e1ta taka \u00e1 m\u00f3ti s\u00e9r \u00e1 flugvellinum \u00e1 Akureyri og koma s\u00e9r \u00e1 gistista\u00f0 og fylgja s\u00e9r fyrstu sporin me\u00f0an veri\u00f0 er a\u00f0 \u00e1tta sig \u00e1 umhverfinu. Og h\u00f3parnir \u00feurfa a\u00f0sto\u00f0 a.m.k. \u00fear til s\u00fdningum \u00feeirra l\u00fdkur me\u00f0 eitt og anna\u00f0 sem a\u00f0 s\u00fdningunum sn\u00fdr.<br \/>\nEins vantar okkur f\u00f3lk til a\u00f0 taka \u00fe\u00e1tt \u00ed opnunarh\u00e1t\u00ed\u00f0inni. \u00c9g hef nefnt \u00fea\u00f0 vi\u00f0 formann Leikf\u00e9lags H\u00f6rgd\u00e6la og hann \u00e6tlar a\u00f0 athuga hvort einhverjir sinna f\u00e9lagsmanna vilja ekki vera me\u00f0. \u00deetta \u00feurfa helst a\u00f0 vera heimamenn \u00ed Eyjafir\u00f0i vegna \u00feess a\u00f0 leikstj\u00f3rinn mun \u00e6fa \u00feetta helgina fyrir h\u00e1t\u00ed\u00f0 e\u00f0a laugardaginn 7. og sunnudaginn 8. \u00e1g\u00fast.<br \/>\n\u00de\u00e1tttaka \u00e1 h\u00e1t\u00ed\u00f0inni er annars mj\u00f6g g\u00f3\u00f0, samtals eru 210 \u00fe\u00e1tttakendur skr\u00e1\u00f0ir til leiks. \u00cd leikh\u00f3punum eru 167 manns, \u00fear af 99 \u00fatlendingar, a\u00f0rir erlendir gestir eru 21 og restin eru starfsmenn h\u00e1t\u00ed\u00f0arinnar.<br \/>\nStj\u00f3rn Bandalagsins \u00e1kva\u00f0 \u00e1 fundi s\u00ednum \u00ed mars a\u00f0 bj\u00f3\u00f0a Akureyringum fr\u00edtt inn \u00e1 s\u00fdningarnar \u00ed st\u00f3ra salnum \u00ed Hofi, en reikna m\u00e1 me\u00f0 miklum \u00e1huga heimamanna \u00e1 \u00fev\u00ed a\u00f0 koma \u00e1 fyrstu vi\u00f0bur\u00f0ina sem s\u00fdndir ver\u00f0a \u00ed \u00feessu n\u00fdja menningarh\u00fasi. \u00c9g hef lagt til vi\u00f0 Menningarm\u00e1lafulltr\u00faa Akureyrarb\u00e6jar a\u00f0 \u00ed sta\u00f0inn f\u00e1um vi\u00f0 kannski fr\u00e1 b\u00e6num einhverja s\u00e9rvalda og \u00e1letra\u00f0a gripi sem vi\u00f0urkenningar til leikh\u00f3panna \u00e1 h\u00e1t\u00ed\u00f0inni.<br \/>\nMe\u00f0 heilmiklum ni\u00f0urskur\u00f0i er b\u00fai\u00f0 a\u00f0 koma kostna\u00f0i vi\u00f0 h\u00e1t\u00ed\u00f0ina ni\u00f0ur \u00ed ca. 1\/3 af fyrstu fj\u00e1rhags\u00e1\u00e6tlun en h\u00fan var upp\u00e1 r\u00famar 30 millj\u00f3nir. \u00dea\u00f0 er svo sem \u00fdmislegt \u00f3\u00e1kve\u00f0i\u00f0 enn\u00fe\u00e1 en st\u00e6rstu p\u00f3starnir eru og hafa alla t\u00ed\u00f0 veri\u00f0 gisting og matur en \u00fea\u00f0 er regla \u00feegar \u00feessar h\u00e1t\u00ed\u00f0ir eru haldnar a\u00f0 h\u00e1t\u00ed\u00f0arhaldarar bj\u00f3\u00f0a leikh\u00f3punum sem s\u00fdna fr\u00edan mat og gistingu fyrir 10 manna h\u00f3pa.<br \/>\nH\u00e1t\u00ed\u00f0in f\u00e6r tvo st\u00f3ra styrki, fr\u00e1 Norr\u00e6na menningarsj\u00f3\u00f0num f\u00e1um vi\u00f0 250.000 kr. danskar (sem eru n\u00fa u\u00feb. 5,750.000 \u00edslenskar) og fr\u00e1 Menntam\u00e1lar\u00e1\u00f0uneytinu f\u00e1um vi\u00f0 2 millj\u00f3nir kr. \u00der\u00e1inn \u00e6tlar h\u00e9r \u00e1 eftir a\u00f0 segja stuttlega fr\u00e1 annarri fj\u00e1r\u00f6flun og H\u00f6r\u00f0ur segir fr\u00e1 kynningu og vefm\u00e1lum.<\/p>\n<div style=\"text-align: right;\"><em>Gert \u00ed Reykjav\u00edk 26. apr\u00edl 2010,<br \/>\nVilborg Valgar\u00f0sd\u00f3ttir<br \/>\n<\/em><\/div>\n<p>\u00der\u00e1inn ger\u00f0i grein fyrir \u00f6flun fj\u00e1rstyrkja til h\u00e1t\u00ed\u00f0arinnar en \u00fer\u00e1tt fyrir talsver\u00f0a vinnu vi\u00f0 a\u00f0 s\u00e6kja um styrki \u00ed hina \u00fdmsu menningarsj\u00f3\u00f0i, sveitarf\u00e9laga og fyrirt\u00e6kja, t\u00f3kst ekki a\u00f0 f\u00e1 svo miki\u00f0 sem kr\u00f3nu \u00ed styrk, ef fr\u00e1 er tali\u00f0 \u00fea\u00f0 sem Vilborg greindi fr\u00e1.<br \/>\nH\u00f6r\u00f0ur ger\u00f0i fyrir grein fyrir \u00feeim uppl\u00fdsingum sem komnar eru inn \u00e1 vef um NEATA-h\u00e1t\u00ed\u00f0ina. \u00de\u00e6r eru al\u00fej\u00f3\u00f0legu e\u00f0li h\u00e1t\u00ed\u00f0arinnar samkv\u00e6mt, a\u00f0 mestu \u00e1 ensku.<br \/>\n<span style=\"text-decoration: underline;\">Umr\u00e6\u00f0ur um sk\u00fdrslur nefnda<\/span><br \/>\nTheod\u00f3r \u00d3lafsson, Freyvangsleikh\u00fasinu, spur\u00f0i hvort umsj\u00f3n me\u00f0 Margt sm\u00e1tt stuttverkah\u00e1t\u00ed\u00f0in muni \u00fe\u00e1 m\u00f6gulega flakka \u00e1 milli f\u00e9laga, ef Borgarleikh\u00fasi\u00f0 er \u00far s\u00f6gunni.<br \/>\nF. Elli Fri\u00f0j\u00f3nsson, Leikf\u00e9lagi Selfoss, l\u00fdsti yfir mikill \u00e1n\u00e6gju me\u00f0 Margt sm\u00e1tt h\u00e1t\u00ed\u00f0ina og samstarfi\u00f0 vi\u00f0 F\u00e6reyinga.<br \/>\n\u00c1sa Hildur Gu\u00f0j\u00f3nsd\u00f3ttir, Halaleikh\u00f3pnum, spur\u00f0i um hvort uppl\u00fdsingar um NEATA-h\u00e1t\u00ed\u00f0ina yr\u00f0u ekki settar \u00e1 Leiklistarvefinn \u00e1 \u00edslensku og hvort uppl\u00fdsingar um gistim\u00f6guleika yr\u00f0u \u00fear a\u00f0gengilegar fyrir \u00fe\u00e1 sem k\u00e6mu bara til a\u00f0 horfa \u00e1 s\u00fdningar, en ekki taka beinan \u00fe\u00e1tt h\u00e1t\u00ed\u00f0inni.<br \/>\nMar\u00eda Gu\u00f0mundsd\u00f3ttir, Leikf\u00e9lagi Mosfellssveitar, spur\u00f0i hvort skilyr\u00f0i hef\u00f0i veri\u00f0 a\u00f0 vera b\u00fain a\u00f0 frums\u00fdna verk sem bo\u00f0in voru \u00e1 NEATA-h\u00e1t\u00ed\u00f0ina. Hvort ekki hef\u00f0i komi\u00f0 til greina a\u00f0 frums\u00fdna verka \u00e1 h\u00e1t\u00ed\u00f0inni.<br \/>\nF. Elli spur\u00f0i \u00fat \u00ed framkv\u00e6md leiksmi\u00f0ja.<br \/>\nVilborg svara\u00f0i a\u00f0 \u00feeir sem v\u00e6ru skr\u00e1\u00f0ir \u00e1 h\u00e1t\u00ed\u00f0ina gengju fyrir \u00e1 leiksmi\u00f0jur. \u00deeir k\u00e6mu til me\u00f0 a\u00f0 skr\u00e1 sig \u00ed uppl\u00fdsingami\u00f0st\u00f6\u00f0inni. H\u00fan svara\u00f0i Mar\u00edu \u00fev\u00ed a\u00f0 til a\u00f0 valnefnd hef\u00f0i forsendur til a\u00f0 meta g\u00e6\u00f0i s\u00fdninga \u00feyrfti a\u00f0 vera b\u00fai\u00f0 a\u00f0 frums\u00fdna \u00fe\u00e6r \u00feegar ums\u00f3knar frestur rann \u00fat. \u00c1su Hildi svara\u00f0i h\u00fan a\u00f0 Bandalagi\u00f0 \u00fatvega\u00f0i ekki gistingu fyrir \u00fe\u00e1 sem ekki taka beinan \u00fe\u00e1tt \u00ed h\u00e1t\u00ed\u00f0inni.<br \/>\nH\u00f6r\u00f0ur svara\u00f0i a\u00f0 uppl\u00fdsingar \u00e1 \u00edslensku yr\u00f0u settar inn flj\u00f3tlega. Eins me\u00f0 tengil \u00e1 uppl\u00fdsingar um leiksmi\u00f0jur.<br \/>\n\u00deorgeir sag\u00f0i a\u00f0 hann teldi a\u00f0 kynning innan \u00fe\u00e1tttakendah\u00f3panna v\u00e6ri mikilv\u00e6gust, svo kynning innan hreyfingarinnar og loks kynning \u00fat \u00e1 vi\u00f0. Hann sag\u00f0ist vilja leggja \u00e1herslu \u00e1 a\u00f0 leikh\u00f3parnir dreif\u00f0u g\u00f3\u00f0ri \u00fatlistun \u00e1 s\u00f6gu\u00fer\u00e6\u00f0i s\u00fdninganna til \u00e1horfenda en ekki bara \u00f6rstuttri l\u00fdsingu \u00e1 innihaldi verskins.<br \/>\nEmbla spur\u00f0i hvers vegna ekki yr\u00f0i selt inn \u00e1 s\u00fdningar frekar en a\u00f0 bj\u00f3\u00f0a f\u00f3lki. Einnig hvernig matarm\u00e1lum yr\u00f0i h\u00e1tta\u00f0 \u00e1 h\u00e1t\u00ed\u00f0inni.<br \/>\nHalld\u00f3r sag\u00f0i a\u00f0 fyrirt\u00e6ki v\u00e6ru miklar frekar til \u00ed a\u00f0 styrkja h\u00e1t\u00ed\u00f0ina me\u00f0 matarframlagi en peningum. Hann hvatti menn til a\u00f0 nota samb\u00f6nd s\u00edn til a\u00f0 \u00fatvega matv\u00e6li.<br \/>\nVilborg svara\u00f0i Emblu um hvernig matarm\u00e1lum yr\u00f0i h\u00e1tta\u00f0 en tveir kokkar \u00e1 Akureyri hafa teki\u00f0 a\u00f0 s\u00e9r a\u00f0 reka m\u00f6tuneyti \u00ed Hofi fyrir \u00fe\u00e1tttakendur. Hugsunin \u00e1 bakvi\u00f0 a\u00f0 bj\u00f3\u00f0a upp\u00e1 s\u00fdningar \u00f3keypis v\u00e6ri a\u00f0 f\u00e1 f\u00f3lk \u00e1 s\u00fdningar, mi\u00f0asala \u00e1 h\u00e1t\u00ed\u00f0um hinga\u00f0 til hafi veri\u00f0 \u00fea\u00f0 l\u00edtil a\u00f0 h\u00fan breytir engu fj\u00e1rhagslega. Hins vegar telji nefndin \u00fea\u00f0 gott a\u00f0 f\u00e1 velvilja fr\u00e1 b\u00e6jarb\u00faum og b\u00e6jaryfirv\u00f6ldum me\u00f0 a\u00f0 bj\u00f3\u00f0a \u00feeim \u00e1 s\u00fdningar auk \u00feess sem st\u00f3ri salur Hofs taki um 500 manns og skemmtilegra s\u00e9 a\u00f0 s\u00fdna fyrir fullum sal en h\u00e1lfum.<br \/>\n<em><strong>10. Dr\u00f6g a\u00f0 starfs\u00e1\u00e6tlun n\u00e6sta \u00e1rs kynnt og skipa\u00f0 \u00ed starfsh\u00f3pa.<\/strong><\/em><br \/>\nGu\u00f0finna Gunnarsd\u00f3ttir lag\u00f0i fram dr\u00f6g stj\u00f3rnar a\u00f0 starfs\u00e1\u00e6tlun fyrir leik\u00e1ri\u00f0 2010-2011. Skipt var \u00ed h\u00f3pa og \u00feeir h\u00f3fu vinnu vi\u00f0 starfs\u00e1\u00e6tlun.<br \/>\n<em><strong>11. Kj\u00f6rnefnd tilkynnir ni\u00f0urst\u00f6\u00f0ur s\u00ednar og m\u00e6lir me\u00f0 a.m.k. 1 a\u00f0ila \u00ed hvert s\u00e6ti sem kj\u00f3sa skal \u00ed.<\/strong><\/em><br \/>\nEmbla ger\u00f0i grein fyrir st\u00f6\u00f0u frambo\u00f0sm\u00e1la.<br \/>\n<em><strong>12. Lagabreytingar.<\/strong><\/em><br \/>\nEngar lagabreytingar l\u00e1gu fyrir fundinum.<br \/>\n<em><strong>13. Till\u00f6gur lag\u00f0ar fyrir fundinn.<\/strong><\/em><br \/>\nVilborg lag\u00f0i eftirfarandi till\u00f6gu fyrir fundinn:<br \/>\n\u00c9g legg til a\u00f0 2 millj\u00f3nir kr. af verkefnastyrk a\u00f0ildarf\u00e9laganna ver\u00f0i l\u00e1tnar ganga til reksturs \u00fej\u00f3nustumi\u00f0st\u00f6\u00f0varinnar.<br \/>\nVilborg Valgar\u00f0sd\u00f3ttir<br \/>\nFundargestir spur\u00f0u hvort \u00feetta mundi duga til a\u00f0 stoppa \u00ed fj\u00e1rlagagati\u00f0. Vilborg svara\u00f0i a\u00f0 \u00feetta mundi hvergi n\u00e6rri duga og vi\u00f0 myndum halda \u00e1fram a\u00f0 borga mismuninn me\u00f0 peningunum sem vi\u00f0 fengum fyrir h\u00fasn\u00e6\u00f0i\u00f0 vi\u00f0 Laugarveg. Vi\u00f0 \u00e6ttum \u00fe\u00f3 \u00ed \u00fea\u00f0 minnsta \u00feessa peninga og v\u00e6rum ekki \u00e1 hausnum.<br \/>\n\u00deorgeir sag\u00f0i \u00fer\u00e1tt fyrir a\u00f0 vi\u00f0 vissum l\u00edti\u00f0 um framt\u00ed\u00f0ina yr\u00f0um vi\u00f0 a\u00f0 l\u00edta \u00e1 \u00feetta \u00e1r sem undantekningu, b\u00e6\u00f0i \u00fat af st\u00f6\u00f0unni \u00ed h\u00fasn\u00e6\u00f0ism\u00e1lum og vegna \u00feess a\u00f0 vi\u00f0 teljum a\u00f0 ni\u00f0urskur\u00f0urinn \u00e1 styrknum til \u00dej\u00f3nustumi\u00f0st\u00f6\u00f0varinnar s\u00e9 van\u00feekkingu \u00e1 starfsemi okkar a\u00f0 kenna og a\u00f0 \u00fear \u00feyrfti a\u00f0 r\u00e1\u00f0a b\u00f3t \u00e1. Hann benti \u00e1 a\u00f0 ef vi\u00f0 hef\u00f0um ekki selt Laugarveginn v\u00e6rum vi\u00f0 \u00ed \u00f3seljanlegu h\u00fasn\u00e6\u00f0i (a\u00f0 v\u00edsu skuldlausu), me\u00f0 st\u00f3rskert framl\u00f6g en enga sj\u00f3\u00f0i.<br \/>\nMar\u00eda Gu\u00f0mundsd\u00f3ttir og \u00d3l\u00f6f \u00de\u00f3r\u00f0ard\u00f3ttir, Leikf\u00e9lagi Mosfellssveitar, l\u00f6g\u00f0u til a\u00f0 \u00feessi tillaga yr\u00f0i r\u00e6dd \u00ed samhengi vi\u00f0 li\u00f0in \u00c1rgjald Bandalagsins. \u00de\u00e6r l\u00f6g\u00f0u, \u00e1samt \u00f6\u00f0rum fulltr\u00faum Leikf\u00e9lags Mosfellssveitar, jafnframt fram till\u00f6gu um a\u00f0 \u00e1rgjaldi\u00f0 yr\u00f0i h\u00e6kka\u00f0 um 10 \u00fe\u00fasund kr\u00f3nur til vi\u00f0b\u00f3tar vi\u00f0 \u00feessar 2 millj\u00f3nir.<br \/>\nBernhar\u00f0 f\u00f3r fram a\u00f0 \u00feetta yr\u00f0i afgreitt \u00ed sitthvoru lagi og f\u00e9llust \u00fe\u00e6r \u00e1 \u00fea\u00f0.<br \/>\nTillaga Vilborgar um a\u00f0 taka 2 millj\u00f3nir af r\u00edkisstyrk til reksturs \u00dej\u00f3nustumi\u00f0st\u00f6\u00f0var Bandalagsins sam\u00feykkt einr\u00f3ma.<br \/>\n\u00der\u00f6stur Gu\u00f0nason, Leikf\u00e9lagi Rang\u00e6inga, spur\u00f0i hvort stj\u00f3rn hef\u00f0i \u00e6tla\u00f0 a\u00f0 leggja til \u00f3breytt \u00e1rgjald. \u00deorgeir sag\u00f0i svo vera. H\u00f6r\u00f0ur b\u00e6tti \u00fev\u00ed vi\u00f0 a\u00f0 stj\u00f3rn hef\u00f0i r\u00e6tt \u00feetta en h\u00fan ekki tali\u00f0 a\u00f0 \u00fea\u00f0 hlyti hlj\u00f3mgrunn hj\u00e1 f\u00e9l\u00f6gunum.<br \/>\nGer\u00f0ur Sigur\u00f0ard\u00f3ttir\u00a0 a\u00f0 sag\u00f0i \u00fe\u00f3tt 10-20 \u00fe\u00fasund kr. skipti sum leikf\u00e9l\u00f6g ekki h\u00f6fu\u00f0m\u00e1li, v\u00e6ru til f\u00e9l\u00f6g sem muna\u00f0i talsvert um \u00feessa upph\u00e6\u00f0. Bandalagi\u00f0 hef\u00f0i \u00ed \u00fea\u00f0 minnsta varasj\u00f3\u00f0i a\u00f0 ganga \u00ed, \u00f3l\u00edkt sumum leikf\u00e9l\u00f6gum.<br \/>\nF. Elli sag\u00f0ist sty\u00f0ja till\u00f6guna \u00fear sem hann teldi \u00fea\u00f0 mj\u00f6g mikilv\u00e6gt a\u00f0 halda fullri \u00fej\u00f3nustu skrifstofunnar.<br \/>\nNokkrar umr\u00e6\u00f0ur um \u00feetta, f\u00f3lk taldi \u00fdmis r\u00f6k me\u00f0 og \u00e1 m\u00f3ti.<br \/>\nTillaga um a\u00f0 h\u00e6kka \u00e1rgjald sam\u00feykkt sem h\u00e9r segir:<br \/>\n<em>Lagt er til a\u00f0 \u00e1rgj\u00f6ld a\u00f0ildarf\u00e9laga fyrir leik\u00e1ri\u00f0 2010-2011 ver\u00f0i kr. 50.000.<br \/>\nF\u00e9l\u00f6g sem setja upp tv\u00e6r styrkh\u00e6far s\u00fdningar \u00e1 leik\u00e1rinu borgi eitt og h\u00e1lft gjald e\u00f0a 75.000 og f\u00e9l\u00f6g sem setja upp \u00ferj\u00e1r s\u00fdningar e\u00f0a fleiri borgi tv\u00f6falt gjald e\u00f0a kr. 100.000.<br \/>\nF\u00e9l\u00f6g sem setja ekki upp styrkh\u00e6fa s\u00fdningu \u00e1 leik\u00e1rinu borgi h\u00e1lft \u00e1rgjald e\u00f0a kr. 25.000.<\/em><br \/>\n<em><strong>14. Starfs\u00e1\u00e6tlun afgreidd.<\/strong><\/em><br \/>\nForsvarsmenn h\u00f3pa kynntu ni\u00f0urst\u00f6\u00f0ur h\u00f3pvinnu.<br \/>\nH\u00d3PUR 1<br \/>\nH\u00f3pinn skipa:<br \/>\nHulda Gunnarsd\u00f3ttir, Leikf\u00e9lagi \u00d6lfuss<br \/>\nEva Bj\u00f6rg Har\u00f0ard\u00f3ttir, Leikf\u00e9lagi Mosfellssveitar<br \/>\nHlynur Wiium Finnbogason, Leikf\u00e9lagi Bl\u00f6ndu\u00f3ss<br \/>\nS\u00f3lveig Hei\u00f0r\u00fan Stef\u00e1nsd\u00f3ttir, Leikf\u00e9lag Flj\u00f3tsdalsh\u00e9ra\u00f0s<br \/>\nD\u00f3ra \u00c1rmannsd\u00f3ttir, Leikf\u00e9lagi H\u00fasav\u00edkur<br \/>\nJ\u00f3n Benjam\u00edn Einarsson, Leikf\u00e9laginu Pe\u00f0i\u00f0<br \/>\n\u00cdris \u00c1rn\u00fd Magn\u00fasd\u00f3ttir, Leikf\u00e9lagi Selfoss<br \/>\nBrynhildur Sveinsd\u00f3ttir, Leikf\u00e9lagi Mosfellssveitar<br \/>\nEl\u00edsabet Fri\u00f0riksd\u00f3ttir, Freyvangsleikh\u00fasinu<br \/>\n<span style=\"text-decoration: underline;\">El\u00edsabet Fri\u00f0riksd\u00f3ttir kynnti afrakstur vinnu h\u00f3ps 1<\/span><br \/>\n<em>1. Rekstur \u00fej\u00f3nustumi\u00f0st\u00f6\u00f0var, leiklistarsk\u00f3la, leiklistarvefsins og annar fastra li\u00f0a \u00ed starfseminni.<\/em><br \/>\n\u00dej\u00f3nustumi\u00f0st\u00f6\u00f0in<br \/>\n\u2022 H\u00fasn\u00e6\u00f0i\u00f0 er st\u00f3rt. Spurning um hvort h\u00e6gt s\u00e9 a\u00f0 skipta \u00fev\u00ed meira ni\u00f0ur og f\u00e1 inn einhverja me\u00f0leigjendur. H\u00f3purinn telur \u00fea\u00f0 samt frekar \u00f3raunh\u00e6fan kost.<br \/>\n\u2022 Hugmynd um a\u00f0 efla verslunina, gera hana s\u00fdnilegri fyrir almenning. Leita a\u00f0 h\u00fasn\u00e6\u00f0i til d\u00e6mis vi\u00f0 Laugarveg \u00feannig a\u00f0 f\u00f3lk g\u00e6ti komi\u00f0 inn af g\u00f6tunni.<br \/>\n\u2022 H\u00f3purinn telur a\u00f0 skynsamlegast s\u00e9 a\u00f0 leita a\u00f0 hentugu leiguh\u00fasn\u00e6\u00f0i me\u00f0 s\u00e1l.<br \/>\n\u2022 H\u00f3purinn leggur til a\u00f0 sko\u00f0a\u00f0 ver\u00f0i v\u00ed\u00f0ara sv\u00e6\u00f0i en bara Reykjav\u00edk.<br \/>\nLeiklistarsk\u00f3linn<br \/>\n\u2022 Leiklistarsk\u00f3linn er \u00ed mj\u00f6g g\u00f3\u00f0um farvegi. Allt j\u00e1kv\u00e6tt um hann a\u00f0 segja.<br \/>\n\u2022 N\u00fa \u00feegar sk\u00f3linn er kominn \u00e1 n\u00fdjan sta\u00f0 m\u00e6tti halda kynningarstarfsemi opinni. Kynna hann l\u00edka fyrir f\u00f3lki sem aldrei hefur komi\u00f0, til d\u00e6mis \u00ed framhaldssk\u00f3lunum.<br \/>\n\u2022 \u00c1 vefnum m\u00e6tti vera st\u00f3r linkur me\u00f0 mynd um Leiklistarsk\u00f3lann, svipa\u00f0 og fyrir NEATA-leiklistarh\u00e1t\u00ed\u00f0ina.<br \/>\nLeiklistarvefurinn<br \/>\n\u2022 H\u00f3purinn leggur \u00fea\u00f0 til a\u00f0 Bandalagi\u00f0 fari \u00e1 facebook sem manneskja. \u00deannig komast uppl\u00fdsingar hratt til vina. B\u00fd\u00f0ur upp \u00e1 umr\u00e6\u00f0ur sem yr\u00f0u kannski \u00f6flugri en umr\u00e6\u00f0urnar \u00e1 heimas\u00ed\u00f0unni.<br \/>\nA\u00f0rir fastir li\u00f0ir<br \/>\n\u2022 H\u00f3purinn er hrifinn af \u00feeirri hugmynd a\u00f0 l\u00e1ta stuttverkah\u00e1t\u00ed\u00f0ina Margt sm\u00e1tt r\u00f3tera \u00e1 milli leikf\u00e9laga, fara l\u00edka \u00fat \u00e1 land.<br \/>\n\u2022 H\u00f3purinn var a\u00f0 velta \u00fev\u00ed fyrir s\u00e9r hvernig fyrirkomulagi\u00f0 ver\u00f0ur \u00feegar b\u00fai\u00f0 ver\u00f0ur a\u00f0 skanna inn \u00f6ll leikrit. Munu leikf\u00e9l\u00f6gin \u00e1fram f\u00e1 leikritin lj\u00f3sritu\u00f0 e\u00f0a send \u00e1 t\u00f6lvut\u00e6ku formi og hva\u00f0 mun \u00fea\u00f0 \u00fe\u00e1 kosta?<br \/>\n\u2022 Mikilv\u00e6gt a\u00f0 halda inni haustfundum.<br \/>\n\u2022 Gaman v\u00e6ri samhli\u00f0a haust- og a\u00f0alfundi a\u00f0 bj\u00f3\u00f0a upp \u00e1 n\u00e1mskei\u00f0, s\u00fdningar e\u00f0a stuttverkah\u00e1t\u00ed\u00f0ir o.\u00fe.h.<br \/>\n\u2022 Endurvekja \u00f3vissufer\u00f0ir \u00e1 a\u00f0alfundi, gera \u00fea\u00f0 a\u00f0 \u00e1rvissum vi\u00f0bur\u00f0i.\u00a0 \u00dea\u00f0 hristir h\u00f3pinn svo vel saman.<br \/>\n<em>2. Leita eftir h\u00e6kku\u00f0um framl\u00f6gum \u00far opinberum sj\u00f3\u00f0um og fr\u00e1 einkaa\u00f0ilum til starfsemi \u00e1hugaleikf\u00e9laganna og sameiginlegra verkefna.<\/em><br \/>\n\u2022 Spurning hvort leita\u00f0 hafi veri\u00f0 styrkja \u00far menningarsj\u00f3\u00f0um innan EES.<br \/>\n\u2022 Er vilji fyrir \u00fev\u00ed a\u00f0 h\u00e6kka \u00e1rgj\u00f6ld, e\u00f0a bj\u00f3\u00f0a upp \u00e1 frj\u00e1ls framl\u00f6g fr\u00e1 leikf\u00e9l\u00f6gunum \u00feegar eitthva\u00f0 s\u00e9rstakt stendur til eins og NEATA-h\u00e1t\u00ed\u00f0in n\u00fana \u00ed \u00e1r.<br \/>\n\u2022 Leita eftir fj\u00e1rframl\u00f6gum fr\u00e1 einstaklingum.<br \/>\n<em>3. Halda \u00e1fram samstarfi vi\u00f0 \u00dej\u00f3\u00f0leikh\u00fasi\u00f0 um Athygliver\u00f0ustu \u00e1hugaleiks\u00fdningu \u00e1rsins.<\/em><br \/>\n\u2022 J\u00e1, a\u00f0 sj\u00e1lfs\u00f6g\u00f0u.<br \/>\nH\u00d3PUR 2<br \/>\nH\u00f3pinn skipa:<br \/>\nBernhar\u00f0 Arnarson, Leikf\u00e9lagi H\u00f6rgd\u00e6la<br \/>\nHalld\u00f3r Sigurgeirsson, Freyvangsleikh\u00fasinu<br \/>\nFreyd\u00eds Anna Arngr\u00edmsd\u00f3ttir, Umf. Eflingu<br \/>\nGunnar Freyr \u00c1rnason, Leikf\u00e9laginu Pe\u00f0i\u00f0<br \/>\nF. Elli Hafli\u00f0ason, Leikf\u00e9lagi Selfoss<br \/>\nKatr\u00edn Ei\u00f0sd\u00f3ttir, Umf. Reykd\u00e6la<br \/>\n\u00der\u00fa\u00f0ur Sigur\u00f0ard\u00f3ttir, Leikf\u00e9lagi \u00d6lfuss<br \/>\n\u00der\u00e1inn Sigvaldason, Hugleik<br \/>\n<span style=\"text-decoration: underline;\">\u00der\u00e1inn Sigvaldason kynnti hugmyndir h\u00f3ps 2<\/span><br \/>\n<em>1. Rekstur \u00fej\u00f3nustumi\u00f0st\u00f6\u00f0var, leiklistarsk\u00f3la, leiklistarvefsins og annar fastra li\u00f0a \u00ed starfseminni.<\/em><br \/>\nRekstur \u00dej\u00f3nustumi\u00f0st\u00f6\u00f0var<br \/>\n\u2022\u00a0 \u00dea\u00f0 er okkar mat a\u00f0 best v\u00e6ri a\u00f0 n\u00e1 g\u00f3\u00f0um samningum vi\u00f0 n\u00faverandi leigusala.<br \/>\n\u2022\u00a0 \u00dea\u00f0 \u00fearf a\u00f0 vera b\u00fai\u00f0 a\u00f0 kanna vi\u00f0r\u00e6\u00f0ugrundv\u00f6ll fyrir 15. \u00e1g\u00fast.<br \/>\n\u2022\u00a0 Spurning um a\u00f0 finna minna h\u00fasn\u00e6\u00f0i ef ekki n\u00e1st samningar.<br \/>\n\u2022\u00a0 F\u00e1 \u00e1bendingar um h\u00fasn\u00e6\u00f0i fr\u00e1 f\u00e9lagsm\u00f6nnum.<br \/>\n\u2022\u00a0 \u00dea\u00f0 er veri\u00f0 a\u00f0 vinna gott starf innan \u00fej\u00f3nustumi\u00f0st\u00f6\u00f0varinnar.<br \/>\n\u2022\u00a0 Spurning um a\u00f0 b\u00e6ta lagerinn a\u00f0eins.<br \/>\nLeiklistarsk\u00f3linn<br \/>\n\u2022\u00a0 Vi\u00f0 l\u00fdsum \u00e1n\u00e6gju me\u00f0 n\u00fdja sta\u00f0setningu \u00e1 sk\u00f3lanum \u00fe\u00f3 eftirsj\u00e1 ver\u00f0i af H\u00fasabakka.<br \/>\n\u2022\u00a0 Spurning um a\u00f0 leikf\u00e9l\u00f6gin geti \u00f3ska\u00f0 eftir kynningu \u00e1 sk\u00f3lanum til s\u00edn. N\u00fdta eldri nemendur kannski?<br \/>\n\u2022\u00a0 Greinilegt a\u00f0 \u00fea\u00f0 er veri\u00f0 a\u00f0 gera r\u00e9tt \u00ed n\u00e1mskei\u00f0sstefnu sk\u00f3lans. \u00dea\u00f0 s\u00e9st best \u00e1 a\u00f0s\u00f3kninni.<br \/>\n\u2022\u00a0 \u00deyrfti a\u00f0 hl\u00faa betur a\u00f0 t\u00e6knin\u00e1mskei\u00f0um.<br \/>\n\u2022\u00a0 Er h\u00e6gt a\u00f0 setja \u00feau inn samhli\u00f0a sk\u00f3lanum \u00e1 H\u00fanav\u00f6llum? Kannski \u00e1 Bl\u00f6ndu\u00f3si?<br \/>\nLeiklistarvefurinn<br \/>\n\u2022\u00a0 Allir \u00ed h\u00f3pnum nota vefinn.<br \/>\n\u2022\u00a0 Er eitthva\u00f0 b\u00fai\u00f0 breyta f\u00eddusum \u00ed handritavefnum? Vir\u00f0ist vera erfi\u00f0ara a\u00f0 finna handrit.<br \/>\n\u2022\u00a0 Nau\u00f0synlegt a\u00f0 hafa r\u00e9tta tengili\u00f0i fr\u00e1 f\u00e9l\u00f6gunum \u00e1 vefnum. Gamlir tengili\u00f0ir vilja daga uppi.<br \/>\n\u2022\u00a0 Mikil \u00e1n\u00e6gja me\u00f0 a\u00f0 f\u00e1 vikulega fr\u00e9ttabr\u00e9f.<br \/>\n\u2022\u00a0 Flottar og g\u00f3\u00f0ar uppl\u00fdsingar um NEATA-h\u00e1t\u00ed\u00f0. \u00deyrfti samt a\u00f0 hafa uppl\u00fdsingar \u00e1 \u00edslensku.<br \/>\n\u2022\u00a0 Spurning um a\u00f0 setja inn atbur\u00f0al\u00fdsingar leikritanna \u00e1 NEATA-h\u00e1t\u00ed\u00f0inni inn \u00e1 vefinn.<br \/>\nA\u00f0rir fastir li\u00f0ir \u00ed starfseminni<br \/>\n\u2022\u00a0 Spurning um a\u00f0 hafa eitthva\u00f0 f\u00e9lagsstarf \u00ed h\u00fasn\u00e6\u00f0i Bandalagsins. Samlestur og \u00feess h\u00e1ttar.<br \/>\n\u2022\u00a0 Hver er sta\u00f0an \u00e1 lestrarhesta verkefninu? \u00dearf a\u00f0 \u00ferykkja \u00fev\u00ed \u00e1fram \u00feannig a\u00f0 h\u00e6gt s\u00e9 a\u00f0 hafa \u00e1 vefnum um hva\u00f0 leikritin eru.<br \/>\n<em>2. Leita eftir h\u00e6kku\u00f0um framl\u00f6gum \u00far opinberum sj\u00f3\u00f0um og fr\u00e1 einkaa\u00f0ilum til starfsemi \u00e1hugaleikf\u00e9laganna og sameiginlegra verkefna.<\/em><br \/>\n\u2022\u00a0 Halda \u00e1fram a\u00f0 herja \u00e1 fyrirt\u00e6ki vegna NEATA-h\u00e1t\u00ed\u00f0ar.<br \/>\n\u2022\u00a0 \u00dearf a\u00f0 hnykkja \u00e1 hugmyndinni um leikh\u00fasrottuna. Er \u00fea\u00f0 m\u00f6gulegt fyrir NEATA-h\u00e1t\u00ed\u00f0ina?<br \/>\n\u2022\u00a0 Halda \u00e1fram \u00fer\u00fdstingi \u00e1 opinbera a\u00f0ila sem f\u00f3r af sta\u00f0 eftir haustfund.<br \/>\n<em>3. Halda \u00e1fram samstarfi vi\u00f0 \u00dej\u00f3\u00f0leikh\u00fasi\u00f0 um Athygliver\u00f0ustu \u00e1hugaleiks\u00fdningu \u00e1rsins.<\/em><br \/>\n\u2022\u00a0 J\u00e1.<br \/>\n\u2022\u00a0 Vi\u00f0 h\u00f6ldum a\u00f0 \u00fea\u00f0 ver\u00f0i fleiri ums\u00f3knir \u00ed framt\u00ed\u00f0inni.<br \/>\n\u2022\u00a0 \u00deeir sem voru \u00ed h\u00f3pnum og h\u00f6f\u00f0u fari\u00f0 me\u00f0 s\u00fdningu \u00ed \u00dej\u00f3\u00f0leikh\u00fasi\u00f0 l\u00fdstu \u00e1n\u00e6gju me\u00f0 \u00fej\u00f3nustuna sem h\u00fasi\u00f0 veitti.<br \/>\nS\u00e9rverkefni<br \/>\n<em>1. Halda NEATA- leiklistarh\u00e1t\u00ed\u00f0 \u00e1 Akureyri 10. \u2013 15. \u00e1g\u00fast 2010.<\/em><br \/>\n\u2022\u00a0 NEATA-h\u00e1t\u00ed\u00f0in er greinilega \u00ed g\u00f3\u00f0um farvegi.<br \/>\n\u2022\u00a0 \u00dearf a\u00f0 halda \u00e1fram a\u00f0 hvetja f\u00f3lk a\u00f0 koma og taka \u00fe\u00e1tt.<br \/>\n\u2022\u00a0 \u00der\u00fdsta \u00e1 rekstrarf\u00e9lagi\u00f0 Hof og Akureyrarb\u00e6 um a\u00f0 augl\u00fdsa \u00feetta me\u00f0 okkur.<br \/>\n\u2022\u00a0 Vi\u00f0 seljum ekki mi\u00f0a en \u00e6ttum a\u00f0 selja rottuna vi\u00f0 innganginn.<br \/>\n\u2022\u00a0 Dreifa kynningarb\u00e6klingi um Bandalagi\u00f0 \u00e1 h\u00e1t\u00ed\u00f0inni. Er h\u00e6gt a\u00f0 vera me\u00f0 kynningarb\u00e1s Bandalagsins \u00e1 sv\u00e6\u00f0inu?<br \/>\n\u2022\u00a0 V\u00e6ri kannski h\u00e6gt a\u00f0 vera me\u00f0 s\u00f6lub\u00e1s \u00e1 r\u00e1\u00f0h\u00fasstorginu?<br \/>\nH\u00d3PUR 3<br \/>\nH\u00f3pinn skipa:<br \/>\nAxel Vatnsdal, Leikf\u00e9lagi H\u00f6rgd\u00e6la<br \/>\n\u00c1sa D\u00f3ra Gar\u00f0arsd\u00f3ttir, Umf. Skallagr\u00edmi<br \/>\nBrynjar Schi\u00f6th, Freyvangsleikh\u00fasinu<br \/>\nGer\u00f0ur Sigur\u00f0ard\u00f3ttir, Leikf\u00e9lagi Selfoss\/S\u00fdnir<br \/>\nKatr\u00edn L\u00edney J\u00f3nsd\u00f3ttir,\u00a0 Litla leikkl\u00fabbnum<br \/>\nSigr\u00fan Tryggvad\u00f3ttir, Leikf\u00e9lagi K\u00f3pavogs<br \/>\nSteingr\u00edmur Magn\u00fasson, Freyvangsleikh\u00fasi\u00f0<br \/>\n<span style=\"text-decoration: underline;\">Ger\u00f0ur Sigur\u00f0ard\u00f3ttir kynnti till\u00f6gur h\u00f3ps 3<\/span><br \/>\n<em>1. Rekstur \u00fej\u00f3nustumi\u00f0st\u00f6\u00f0var, leiklistarsk\u00f3la, leiklistarvefsins og annar fastra li\u00f0a \u00ed starfseminni.<\/em><br \/>\nAlmenn starfsemi<br \/>\n\u2022\u00a0 Rekstur \u00fej\u00f3nustumi\u00f0st\u00f6\u00f0var: Lagt til a\u00f0 mi\u00f0a\u00f0 vi\u00f0 \u00f3breytta \u00fathlutun r\u00edkisins til skrifstofunnar ver\u00f0i hluti af \u00fathlutun til verkefna lag\u00f0ur til reksturs skrifstofu.<br \/>\n\u2022\u00a0 Leiklistarsk\u00f3linn: L\u00fdsum \u00e1n\u00e6gju okkar me\u00f0 a\u00f0 h\u00f6fundar hafi a\u00f0st\u00f6\u00f0u \u00e1 H\u00fanav\u00f6llum. R\u00e6tt um t\u00edmasetningu Leiklistarsk\u00f3lans, a\u00f0 f\u00f3lk komi uppfullt af leiklistarlegum krafti \u00far sk\u00f3lanum en eigi erfitt me\u00f0 a\u00f0 f\u00e1 \u00fatr\u00e1s fyrir hann \u00ed sinni heimabygg\u00f0 svona um mitt sumar og kannski jafnvel ekki fyrr en m\u00f6rgum m\u00e1nu\u00f0um s\u00ed\u00f0ar.<br \/>\n\u2022\u00a0 Leiklistarvefurinn: Bara mj\u00f6g f\u00ednn.<br \/>\n\u2022\u00a0 Hugmyndir komu fram um a\u00f0 vera me\u00f0 aukna starfsemi \u00ed h\u00fasi Bandalagsins, e.t.v. kv\u00f6ldfundi e\u00f0a anna\u00f0 sl\u00edkt, en \u00ed lj\u00f3si mikils umstangs vi\u00f0 leiklistarh\u00e1t\u00ed\u00f0 framundan og \u00f3vissu \u00ed h\u00fasn\u00e6\u00f0ism\u00e1lum n\u00e6sta vetur fannst okkur ekki t\u00edmab\u00e6rt a\u00f0 leggja sl\u00edkt til \u00e1 n\u00e6sta starfs\u00e1ri.<br \/>\n<em>2. Leita eftir h\u00e6kku\u00f0um framl\u00f6gum \u00far opinberum sj\u00f3\u00f0um og fr\u00e1 einkaa\u00f0ilum til starfsemi \u00e1hugaleikf\u00e9laganna og sameiginlegra verkefna.<\/em><br \/>\n\u2022\u00a0 Halda \u00e1fram a\u00f0 minna opinbera a\u00f0ila \u00e1 \u00e1hugaleikh\u00fasi\u00f0 og mikilv\u00e6gi \u00feess og reyna a\u00f0 f\u00e1 styrki fr\u00e1 \u00f6llum sem h\u00e6gt er, e.t.v. kannski frekar \u00ed v\u00f6rum (kannski t\u00f3ner gegn augl\u00fdsingu \u00e1 vef?) en peningum.<br \/>\n<em>3. Halda \u00e1fram samstarfi vi\u00f0 \u00dej\u00f3\u00f0leikh\u00fasi\u00f0 um Athygliver\u00f0ustu \u00e1hugaleiks\u00fdningu \u00e1rsins.<\/em><br \/>\n\u2022\u00a0 Endilega halda \u00e1fram samstarfi vi\u00f0 \u00dej\u00f3\u00f0leikh\u00fasi\u00f0.<br \/>\nS\u00e9rverkefni<br \/>\n<em>1. Halda NEATA- leiklistarh\u00e1t\u00ed\u00f0 \u00e1 Akureyri 10. \u2013 15. \u00e1g\u00fast 2010.<\/em><br \/>\n\u2022\u00a0 Nota t\u00e6kif\u00e6ri\u00f0 sem b\u00fd\u00f0st me\u00f0 NEATA-h\u00e1t\u00ed\u00f0inni til a\u00f0 kynna starfsemi \u00e1hugaleikh\u00fashreyfingarinnar , herja \u00e1 fj\u00f6lmi\u00f0la, senda \u00fat fr\u00e9ttatilkynningar og fleira.<br \/>\nH\u00d3PUR 4<br \/>\nH\u00f3pinn skipa:<br \/>\n\u00c1sa Hildur Gu\u00f0j\u00f3nsd\u00f3ttir, Halaleikh\u00f3pnum<br \/>\nMagn\u00fe\u00f3ra Kristj\u00e1nsd\u00f3ttir, Leikf\u00e9lagi \u00d6lfuss<br \/>\nFanney Valsd\u00f3ttir, Leikf\u00e9lagi H\u00f6rgd\u00e6la<br \/>\n\u00d3lafur Halld\u00f3rsson, Litla leikkl\u00fabbnum<br \/>\nTheod\u00f3r Ingi \u00d3lafsson, Freyvangsleikh\u00fasinu<br \/>\n\u00der\u00f6stur Gu\u00f0nason, Leikf\u00e9lagi Rang\u00e6inga<br \/>\n<span style=\"text-decoration: underline;\">\u00c1sa Hildur Gu\u00f0j\u00f3nsd\u00f3ttir kynnti hugmyndir h\u00f3ps 4<\/span><br \/>\n<em>1. Rekstur \u00fej\u00f3nustumi\u00f0st\u00f6\u00f0var, leiklistarsk\u00f3la, leiklistarvefsins og annar fastra li\u00f0a \u00ed starfseminni. <\/em><br \/>\n\u2022\u00a0 H\u00fasn\u00e6\u00f0ism\u00e1l skrifstofu \u00e1hyggjum\u00e1l sem vonandi leysist. Mikilv\u00e6gt a\u00f0 reyna a\u00f0 lj\u00faka \u00fev\u00ed fars\u00e6llega. Leita a\u00f0 betra og \u00f3d\u00fdrara h\u00fasn\u00e6\u00f0i.<br \/>\n\u2022\u00a0 Gott m\u00e1l me\u00f0 sk\u00f3lann og n\u00fdja sta\u00f0setningu hans.<br \/>\n\u2022\u00a0 Vantar betri kynningu \u00e1 sk\u00f3lanum innan leikf\u00e9laganna.<br \/>\n\u2022\u00a0 Hvetja alla til a\u00f0 skr\u00e1 sig \u00e1 p\u00f3stlista Leiklistarvefsins til a\u00f0 f\u00e1 alltaf allar uppl\u00fdsingar.<br \/>\n\u2022\u00a0 Kannski m\u00e6tti halda n\u00e1mskei\u00f0 \u00ed kynningarm\u00e1lum og marka\u00f0ssetningu leikf\u00e9laga.<br \/>\n<em>2. Leita eftir h\u00e6kku\u00f0um framl\u00f6gum \u00far opinberum sj\u00f3\u00f0um og fr\u00e1 einkaa\u00f0ilum til starfsemi \u00e1hugaleikf\u00e9laganna og sameiginlegra verkefna.<\/em><br \/>\n\u2022\u00a0 Bendum \u00e1 Handb\u00f3k um styrki sem H\u00e1sk\u00f3li \u00cdslands gefur \u00fat (g\u00faggla \u00fea\u00f0). \u00dear er a\u00f0 finna g\u00f3\u00f0ar uppl\u00fdsingar um allskonar styrki b\u00e6\u00f0i innanlands og erlendis sem h\u00e6gt er a\u00f0 s\u00e6kja \u00ed.<br \/>\n\u2022\u00a0 Halda \u00e1fram a\u00f0 \u00fer\u00fdsta \u00e1 stj\u00f3rnv\u00f6ld a\u00f0 styrkja \u00e1hugaleikh\u00fasin eins og veri\u00f0 hefur. \u00c1n\u00e6gja me\u00f0 \u00e1rangur af haustfundi var\u00f0andi \u00feetta. L\u00e1ta ekki deigan s\u00edga. Vinna a\u00f0 \u00fev\u00ed a\u00f0 s\u00e6kja um styrki \u00ed formi einhvers annars en peninga, sbr. mat \u00e1 h\u00e1t\u00ed\u00f0ir o.\u00fe.h.<br \/>\n\u2022\u00a0 Mikilv\u00e6gt a\u00f0 vi\u00f0halda menningarsj\u00f3\u00f0um \u00ed h\u00e9ra\u00f0i. Virkja \u00f6ll leikf\u00e9l\u00f6g \u00ed a\u00f0 leita styrkja um allt land.<br \/>\n<em>3. Halda \u00e1fram samstarfi vi\u00f0 \u00dej\u00f3\u00f0leikh\u00fasi\u00f0 um Athygliver\u00f0ustu \u00e1hugaleiks\u00fdningu \u00e1rsins.<\/em><br \/>\n\u2022\u00a0 Gott m\u00e1l. Eftirtektarvert a\u00f0 ums\u00f3knum f\u00e6kka\u00f0i milli \u00e1ra en l\u00edklega m\u00e1 kenna efnahagsa\u00f0st\u00e6\u00f0um um.<br \/>\n\u2022\u00a0 Hvetja f\u00e9l\u00f6g til a\u00f0 s\u00e6kja um \u00fear sem \u00feetta er g\u00f3\u00f0 tenging milli \u00e1huga- og atvinnuleikh\u00fasa.<br \/>\nS\u00e9rverkefni<br \/>\n<em>1. Halda NEATA- leiklistarh\u00e1t\u00ed\u00f0 \u00e1 Akureyri 10. \u2013 15. \u00e1g\u00fast 2010.<\/em><br \/>\n\u2022\u00a0 Hafa NEATA-vefinn \u00e1 \u00edslensku.<br \/>\n\u2022\u00a0 Hvetja f\u00e9l\u00f6gin til a\u00f0 m\u00e6ta og upplifa.<br \/>\n\u2022\u00a0 Hafa sem sk\u00fdrastar uppl\u00fdsingar um a\u00f0st\u00f6\u00f0u og allt sem vi\u00f0kemur h\u00e1t\u00ed\u00f0inni.<br \/>\n\u2022\u00a0 Margt sm\u00e1tt. G\u00f3\u00f0 hugmynd a\u00f0 h\u00e1t\u00ed\u00f0in flakki milli f\u00e9laga. Styrkir b\u00e6\u00f0i og eflir f\u00e9l\u00f6gin.<br \/>\n\u2022\u00a0 Hafa ein\u00fe\u00e1ttungah\u00e1t\u00ed\u00f0 \u00ed tengslum vi\u00f0 n\u00e6sta a\u00f0alfund.<br \/>\nH\u00d3PUR 5<br \/>\nH\u00f3pinn skipa:<br \/>\nEmbla Gu\u00f0mundsd\u00f3ttir, Ungmennaf\u00e9lagi Reykd\u00e6la<br \/>\nGu\u00f0r\u00fan Esther \u00c1rnad\u00f3ttir, Leikf\u00e9lagi Mosfellssveitar<br \/>\nMar\u00eda Gu\u00f0mundsd\u00f3ttir, Leikf\u00e9lagi Mosfellssveitar<br \/>\nFj\u00f3la Eged\u00eda Sverrisd\u00f3ttir, Leikf\u00e9lagi Flj\u00f3tsdalsh\u00e9ra\u00f0s<br \/>\n\u00c1sa G\u00edslad\u00f3ttir, Leikf\u00e9lagi H\u00fasav\u00edkur,<br \/>\nRebekka Atlad\u00f3ttir, Leikdeild Skallagr\u00edms<br \/>\nKrist\u00edn P\u00e1la Sigur\u00f0ard\u00f3ttir, Leikf\u00e9lagi Rang\u00e6inga<br \/>\n<span style=\"text-decoration: underline;\">Embla Gu\u00f0mundsd\u00f3ttir kynnti ni\u00f0urst\u00f6\u00f0ur h\u00f3ps 5<\/span><br \/>\n<em>1. Rekstur \u00fej\u00f3nustumi\u00f0st\u00f6\u00f0var, leiklistarsk\u00f3la, leiklistarvefsins og annar fastra li\u00f0a \u00ed starfseminni.<\/em><br \/>\n\u00dej\u00f3nustumi\u00f0st\u00f6\u00f0in<br \/>\n\u2022\u00a0 \u00dear er unni\u00f0 fr\u00e1b\u00e6rt starf og vel leyst \u00far erindum f\u00e9laganna. Afskaplega vont ef skera \u00fearf meira ni\u00f0ur. Sl\u00e6mt hva\u00f0 b\u00f3kin okkar selst illa og spurning hvort eitthva\u00f0 s\u00e9 h\u00e6gt a\u00f0 gera \u00ed \u00fev\u00ed.<br \/>\nLeiklistarsk\u00f3linn<br \/>\n\u2022\u00a0 H\u00farra! Mikil \u00e1n\u00e6gja me\u00f0 a\u00f0 tekist hafi a\u00f0 finna sk\u00f3lanum n\u00fdtt h\u00fasn\u00e6\u00f0i \u00fear sem a\u00f0gengism\u00e1l og a\u00f0sta\u00f0a er betri en \u00e1\u00f0ur, \u00fe\u00f3 e\u00f0lilega s\u00e9 eftirsj\u00e1 a\u00f0 H\u00fasabakka. Spennandi a\u00f0 sj\u00e1 hvernig fyrsta sk\u00f3la\u00e1ri\u00f0 kemur \u00fat \u00e1 H\u00fanav\u00f6llum og hvort \u00fearna s\u00e9 ekki kominn framt\u00ed\u00f0arsta\u00f0ur.<br \/>\n\u2022\u00a0 Nokku\u00f0 r\u00e6tt um \u201ehli\u00f0arn\u00e1mskei\u00f0\u201c, t\u00e6kni, f\u00f6r\u00f0un, b\u00faninga og fleira. Er h\u00e6gt a\u00f0 f\u00e6ra \u00feau \u00fat um landi\u00f0? T.d. ef a\u00f0 f\u00e9l\u00f6g \u00e1 \u00e1kve\u00f0nu sv\u00e6\u00f0i taka sig saman og \u00e1hugi og n\u00e6g \u00fe\u00e1tttaka er \u00fe\u00e1 muni sk\u00f3linn sj\u00e1 um a\u00f0 \u00fatvega kennara.<br \/>\n\u2022\u00a0 Sk\u00f3lanefndin er fyrirmyndarnefnd, skipu\u00f0 fyrirmyndarf\u00f3lki og allt gott um \u00feeirra starf a\u00f0 segja!<br \/>\nLeiklist.is<br \/>\n\u2022\u00a0 Vefurinn er g\u00f3\u00f0ur og lifandi. Nokkrar \u00ed h\u00f3pnum sko\u00f0a hann \u00ed hverri viku.<br \/>\n\u2022\u00a0 Spurning um a\u00f0 hvetja stj\u00f3rnir f\u00e9laga til a\u00f0 kynna vefinn fyrir s\u00ednu f\u00f3lki.<br \/>\n\u2022\u00a0 L\u00e9nsherrann f\u00e6r bestu \u00feakkir fyrir gott starf og vonandi sinnir hann vefnum sem lengst.<br \/>\n<em>2. Leita eftir h\u00e6kku\u00f0um framl\u00f6gum \u00far opinberum sj\u00f3\u00f0um og fr\u00e1 einkaa\u00f0ilum til starfsemi \u00e1hugaleikf\u00e9laganna og sameiginlegra verkefna.<\/em><br \/>\n\u2022\u00a0 Halda \u00e1fram a\u00f0 tala m\u00e1li okkar hj\u00e1 fj\u00e1rlaganefnd og n\u00fa er mikilv\u00e6gt a\u00f0 s\u00fa \u00e1g\u00e6ta nefnd l\u00e6ri l\u00edka hversu mikilv\u00e6g \u00fej\u00f3nustumi\u00f0st\u00f6\u00f0in er en h\u00fan \u00fej\u00f3nar svo miklu fleirum en \u00e1hugaleikh\u00fasf\u00f3lki.<br \/>\n\u2022\u00a0 Vi\u00f0 \u00feurfum a\u00f0 minna s\u00edfellt \u00e1 mikilv\u00e6gi leiklistarinnar fyrir alla aldursh\u00f3pa og alla landshluta. Leiklist er l\u00edka uppeldis- og forvarnarstarf \u2013 l\u00edka bygg\u00f0am\u00e1l \u2013 l\u00edka mannb\u00e6tandi og allt!<br \/>\n\u2022\u00a0 F\u00e9l\u00f6gin \u00feurfa sj\u00e1lf a\u00f0 sinna fj\u00e1r\u00f6flun \u00ed h\u00e9ra\u00f0i. Gott a\u00f0 vera nokku\u00f0 samst\u00edga \u00ed r\u00f6kstu\u00f0ningi og stolt af okkar starfi.<br \/>\n\u2022\u00a0 Fundurinn \u00e1 \u00d6ngulst\u00f6\u00f0um \u00ed haust var mj\u00f6g g\u00f3\u00f0ur og s\u00fa samsta\u00f0a og bar\u00e1ttuandi sem \u00fear mynda\u00f0ist fr\u00e1b\u00e6r. H\u00f6ldum \u00e1fram \u00ed \u00feeim anda.<br \/>\n<em>3. Halda \u00e1fram samstarfi vi\u00f0 \u00dej\u00f3\u00f0leikh\u00fasi\u00f0 um Athygliver\u00f0ustu \u00e1hugaleiks\u00fdningu \u00e1rsins.<\/em><br \/>\n\u2022\u00a0 J\u00e1, j\u00e1. Bara gaman, skemmtilegt og hvetjandi fyrir \u00feau f\u00e9l\u00f6g sem \u00e1huga hafa. Vekur l\u00edka \u00e1 okkur athygli.<br \/>\nS\u00e9rverkefni<br \/>\n<em>1. Halda NEATA- leiklistarh\u00e1t\u00ed\u00f0 \u00e1 Akureyri 10. \u2013 15. \u00e1g\u00fast 2010.<\/em><br \/>\n\u2022\u00a0 Undirb\u00faningur h\u00e1t\u00ed\u00f0arinnar er greinilega \u00ed g\u00f3\u00f0um farvegi og duglegt f\u00f3lk sem stendur sig afskaplega vel a\u00f0 st\u00f6rfum.<br \/>\n\u2022\u00a0 Hvetjum alla \u00fe\u00e1 sem m\u00f6gulega geta unni\u00f0 vi\u00f0 h\u00e1t\u00ed\u00f0ina e\u00f0a lagt henni li\u00f0 \u00e1 einhvern h\u00e1tt a\u00f0 gera \u00fea\u00f0.<br \/>\nFleira ekki gert. Fundarger\u00f0 rita\u00f0i Embla Gu\u00f0mundsd\u00f3ttir.<br \/>\n<span style=\"text-decoration: underline;\">Umr\u00e6\u00f0ur um till\u00f6gur h\u00f3pa<\/span><br \/>\n\u00deorgeir benti \u00e1 a\u00f0 vilji menn koma einhverju inn \u00e1 starfs\u00e1\u00e6tlun \u00feurfi \u00feeir a\u00f0 leggja fram till\u00f6gu \u00fear a\u00f0 l\u00fatandi.<br \/>\nHalld\u00f3r vildi a\u00f0 t\u00e6kif\u00e6ri\u00f0 yr\u00f0i nota\u00f0 \u00e1 NEATA-h\u00e1t\u00ed\u00f0inni til a\u00f0 kynna Bandalagi\u00f0. H\u00e6gt v\u00e6ri t.d. a\u00f0 gera kynningarb\u00e6kling og dreifa auk \u00feess sem a\u00f0 mikilv\u00e6gt v\u00e6ri a\u00f0 kynna \u00feessa h\u00e1t\u00ed\u00f0 vel innan a\u00f0ildarf\u00e9laganna.<br \/>\nH\u00f6r\u00f0ur svara\u00f0i nokkrum atri\u00f0um sem komu fram \u00ed sk\u00fdrslum h\u00f3pa. Hann fur\u00f0a\u00f0i sig \u00e1 \u00fev\u00ed a\u00f0 einhver hef\u00f0i kvarta\u00f0 yfir \u00fev\u00ed a\u00f0 \u00fea\u00f0 v\u00e6ri erfi\u00f0ara a\u00f0 finna leikrit \u00e1 leitarvef handritsafnsins, \u00fea\u00f0 \u00e6tti \u00fevert \u00e1 m\u00f3ti a\u00f0 vera or\u00f0i\u00f0 au\u00f0veldara eftir n\u00fdlegar breytingar.<br \/>\nVilborg ger\u00f0i \u00fea\u00f0 a\u00f0 till\u00f6gu sinni a\u00f0 a\u00f0ildarf\u00e9l\u00f6g g\u00e6tu fengi\u00f0 handrit send \u00e1 t\u00f6lvut\u00e6ku formi s\u00e9r a\u00f0 kostna\u00f0arlausu. H\u00fan \u00f3ska\u00f0i einnig eftir a\u00f0 fram k\u00e6mi hrein tillaga a\u00f0 leikh\u00fasrottu ef eitthva\u00f0 \u00e6tti a\u00f0 vera h\u00e6gt a\u00f0 gera me\u00f0 \u00fe\u00e1 hugmynd.<br \/>\nHrefna vara\u00f0i vi\u00f0 a\u00f0 fari\u00f0 yr\u00f0i \u00ed st\u00f3rt\u00e6ka dreifingu \u00e1 handritum \u00e1n \u00feess a\u00f0 fyrst s\u00e9 r\u00e6tt vi\u00f0 hluta\u00f0eigandi a\u00f0ila \u00fear sem sl\u00edkt v\u00e6ri \u00e1 d\u00f6kkgr\u00e1u sv\u00e6\u00f0i lagalega.<br \/>\nH\u00f6r\u00f0ur sag\u00f0i a\u00f0 \u00fea\u00f0 l\u00e6gi ekki \u00e1 a\u00f0 \u00feessi fundur sam\u00feykkti svona till\u00f6gu, \u00fea\u00f0 v\u00e6ri e\u00f0lilegra a\u00f0 stj\u00f3rn, framkv\u00e6mdastj\u00f3ri og handritasafnsnefnd m\u00f3tu\u00f0u till\u00f6gur um hvernig dreifingu t\u00f6lvut\u00e6kra handrita yr\u00f0i h\u00e1tta\u00f0.<br \/>\nH\u00f3pur 4 lag\u00f0i fram eftirfarandi till\u00f6gu:<br \/>\nVi\u00f0 leggjum til a\u00f0 stefnt ver\u00f0i a\u00f0 \u00fev\u00ed a\u00f0 halda ein\u00fe\u00e1ttungah\u00e1t\u00ed\u00f0 \u00ed tengslum vi\u00f0 a\u00f0alfund 2011.<br \/>\nTillaga stj\u00f3rnar a\u00f0 Starfs\u00e1\u00e6tlun Bandalagsins 2010 borin upp og sam\u00feykkt, a\u00f0 vi\u00f0b\u00e6ttri till\u00f6gu h\u00f3ps 4.<br \/>\n<em><strong>Starfs\u00e1\u00e6tlun Bandalags \u00edslenskra leikf\u00e9laga leik\u00e1ri\u00f0 2010-2011<\/strong><\/em><br \/>\n<em><span style=\"text-decoration: underline;\">Almenn starfsemi:<\/span><\/em><br \/>\n1. Rekstur \u00fej\u00f3nustumi\u00f0st\u00f6\u00f0var, Leiklistarsk\u00f3la, Leiklistarvefsins og annarra fastra li\u00f0a \u00ed starfseminni.<br \/>\n2. Leita eftir h\u00e6kku\u00f0um framl\u00f6gum \u00far opinberum sj\u00f3\u00f0um og fr\u00e1 einkaa\u00f0ilum til starfsemi \u00e1hugaleikf\u00e9laganna og sameiginlegra verkefna.<br \/>\n3. Halda \u00e1fram samstarfi vi\u00f0 \u00dej\u00f3\u00f0leikh\u00fasi\u00f0 me\u00f0 Athyglisver\u00f0ustu \u00e1hugaleiks\u00fdningu \u00e1rsins.<br \/>\n<em><br \/>\n<span style=\"text-decoration: underline;\">S\u00e9rverkefni \u00e1rsins <\/span><\/em><br \/>\n1. Halda NEATA-leiklistarh\u00e1t\u00ed\u00f0 \u00e1 Akureyri 10.\u201315. \u00e1g\u00fast 2010.<br \/>\n2. Stefnt\u00a0 skal a\u00f0 \u00fev\u00ed a\u00f0 halda ein\u00fe\u00e1ttungah\u00e1t\u00ed\u00f0 \u00ed tengslum vi\u00f0 a\u00f0alfund 2011.<br \/>\nFundi fresta\u00f0 til n\u00e6sta dags<br \/>\n<em><strong>15. Stj\u00f3rnarkj\u00f6r.<\/strong><\/em><br \/>\n\u00dar stj\u00f3rn \u00e1ttu a\u00f0 ganga Gu\u00f0finna Gunnarsd\u00f3ttir, H\u00f6r\u00f0ur Sigur\u00f0arson og Ing\u00f3lfur \u00de\u00f3rsson en \u00feeir tveir s\u00ed\u00f0ast nefndu g\u00e1fu ekki kost \u00e1 s\u00e9r til \u00e1framhaldandi stj\u00f3rnarsetu.<br \/>\nTil a\u00f0alstj\u00f3rnar g\u00e1fu kosta \u00e1 s\u00e9r auk ofangreindra:<br \/>\n\u00c1sa Hildur Gu\u00f0j\u00f3nsd\u00f3ttir, Halaleikh\u00f3pnum<br \/>\nGer\u00f0ur Sigur\u00f0ard\u00f3ttir, Leikf\u00e9laginu S\u00fdnir og Leikf\u00e9lagi Selfoss<br \/>\n\u00d3l\u00f6f \u00de\u00f3r\u00f0ard\u00f3ttir, Leikf\u00e9lagi Mosfellssveitar<br \/>\nHalld\u00f3r Sigurgeirsson, Freyvangsleikh\u00fasinu<br \/>\nFrambj\u00f3\u00f0endur kynntu sig.<br \/>\nSigr\u00ed\u00f0ur L\u00e1ra ba\u00f0 um or\u00f0i\u00f0 og kva\u00f0st hafa \u00fe\u00e1 sko\u00f0un a\u00f0 stj\u00f3rnina \u00e6tti a\u00f0 skipa f\u00f3lk fr\u00e1 sem flestum leikf\u00e9l\u00f6gum og \u00fear sem h\u00fan v\u00e6ri ein af \u00feremur \u00far sama leikf\u00e9lagi hef\u00f0i h\u00fan a\u00f0 vandlega \u00edgrundu\u00f0u m\u00e1li \u00e1kve\u00f0i\u00f0 a\u00f0 segja sig \u00far stj\u00f3rn.<br \/>\nGer\u00f0ur sag\u00f0ist vera samm\u00e1la Sigr\u00ed\u00f0i L\u00e1ru og dr\u00f3 frambo\u00f0 sitt einnig til baka.<br \/>\n\u00cd a\u00f0alstj\u00f3rn hlutu kosningu til tveggja \u00e1ra Gu\u00f0finna Gunnarsd\u00f3ttir, \u00c1sa Hildur Gu\u00f0j\u00f3nsd\u00f3ttir og Halld\u00f3r Sigurgeirsson og til eins \u00e1rs \u00d3l\u00f6f \u00de\u00f3r\u00f0ard\u00f3ttir.<br \/>\n\u00dar varastj\u00f3rn \u00e1ttu a\u00f0 ganga Halla R\u00fan Tryggvad\u00f3ttir og Hjalti Stef\u00e1n Kristj\u00e1nsson og g\u00e1fu b\u00e6\u00f0i kost \u00e1 s\u00e9r. Auk \u00feeirra g\u00e1fu kost \u00e1 s\u00e9r Bernhar\u00f0 Arnarsson og Theod\u00f3r \u00d3lafsson. Halla R\u00fan og Bernhar\u00f0 hlutu kosningu til tveggja \u00e1ra og Hjalti til eins \u00e1rs.<br \/>\n<em><strong>16. a. Kosning 3ja manna kj\u00f6rnefndar og eins varamanns til eins \u00e1rs.<\/strong><\/em><br \/>\nEmbla Gu\u00f0mundsd\u00f3ttir, Ger\u00f0ur Sigur\u00f0ard\u00f3ttir og D\u00fdrleif J\u00f3nsd\u00f3ttir voru endurkj\u00f6rnar \u00ed kj\u00f6rnefnd og Sigr\u00ed\u00f0ur L\u00e1ra Sigurj\u00f3nsd\u00f3ttir kosin varama\u00f0ur.<br \/>\n<em><strong>16. b. Kosning 2ja sko\u00f0unarmanna reikninga og eins til vara til eins \u00e1rs.<\/strong><\/em><br \/>\nHrefna Fri\u00f0riksd\u00f3ttir og Anna J\u00f3runn Stef\u00e1nsd\u00f3ttir, Leikf\u00e9lagi Hverger\u00f0is, voru endurkj\u00f6rnar sem f\u00e9lagslegir sko\u00f0unarmenn og J\u00fal\u00eda Hannam, Hugleik, til vara.<br \/>\n<em><strong>17. \u00c1kve\u00f0i\u00f0 \u00e1rgjald til Bandalagsins.<\/strong><\/em><br \/>\n\u00c1rgjaldi\u00f0 var afgreitt undir li\u00f0 13.<br \/>\n<em><strong>18. \u00d6nnur m\u00e1l<\/strong><\/em><br \/>\nSigr\u00ed\u00f0ur L\u00e1ra Sigurj\u00f3nsd\u00f3ttir benti f\u00f3lki \u00e1 bo\u00f0 \u00e1 n\u00e1mskei\u00f0 \u00ed leikmyndah\u00f6nnum fr\u00e1 leiklistarsk\u00f3la M\u00c1F \u00ed F\u00e6reyjum og m\u00e6lti eindregi\u00f0 me\u00f0 a\u00f0 leikf\u00e9l\u00f6g sendu einhvern \u00e1 \u00fea\u00f0.<br \/>\nVilborg vakti athygli fundarins \u00e1 al\u00fej\u00f3\u00f0legu leiklistarh\u00e1t\u00ed\u00f0inni \u00ed Troms\u00f6 \u00ed Noregi 2011 og bau\u00f0 fundarm\u00f6nnum eint\u00f6k af Handb\u00f3k leikstj\u00f3rans.<br \/>\n\u00cdris \u00c1rn\u00fd Magn\u00fasd\u00f3ttir, Leikf\u00e9lagi Selfoss, \u00feakka\u00f0i fr\u00e1farandi stj\u00f3rn fyrir vel unnin st\u00f6rf og s\u00edna upplifun af fundinum sem henni fannst afar j\u00e1kv\u00e6\u00f0.<br \/>\nHalld\u00f3r Sigurgeirsson \u00feakka\u00f0i fyrir kj\u00f6ri\u00f0, \u00feakka\u00f0i H\u00f6rgd\u00e6lum samstarfi\u00f0 og \u00feakka\u00f0i sta\u00f0arhaldara\u00a0 a\u00f0 Sveinbjarnarger\u00f0i fyrir g\u00f3\u00f0ar m\u00f3tt\u00f6kur.<br \/>\nBernhar\u00f0 \u00feakka\u00f0i Halld\u00f3ri fyrir g\u00f3\u00f0 st\u00f6rf vi\u00f0 undirb\u00faning fundarins.<br \/>\n\u00deorgeir \u00edtreka\u00f0i bo\u00f0 F\u00e6reyinga, sag\u00f0i kennarann afar f\u00e6ran og skemmtilegan.<br \/>\nGu\u00f0finna \u00feakka\u00f0i fyrir kj\u00f6ri\u00f0 og fr\u00e1farandi stj\u00f3rn fyrir samstarfi\u00f0.<br \/>\nVilborg \u00feakka\u00f0i fr\u00e1farandi stj\u00f3rn fyrir samstarfi\u00f0 og bau\u00f0 n\u00fdja stj\u00f3rn velkomna til starfa.<br \/>\n<em><strong>19. N\u00e6sti a\u00f0alfundur, hugmyndir reifa\u00f0ar um stund og sta\u00f0.<\/strong><\/em><br \/>\n\u00d3l\u00f6f \u00de\u00f3r\u00f0ard\u00f3ttir, Leikf\u00e9lagi Mosfellssveitar bau\u00f0 fyrir h\u00f6nd f\u00e9lagsins til a\u00f0alfundar a\u00f0 \u00e1ri.<br \/>\nFundarstj\u00f3ri \u00feakka\u00f0i fyrir sig og gaf formanni or\u00f0i\u00f0.<br \/>\n\u00deorgeir \u00feakka\u00f0i fr\u00e1farandi stj\u00f3rnarf\u00f3lki fyrir samstarfi\u00f0 og bau\u00f0 n\u00fdtt f\u00f3lk velkomi\u00f0 til starfa. \u00deakka\u00f0i H\u00f6rgd\u00e6lum og Freyvangi fyrir vel undirb\u00fainn fund og \u00feakka\u00f0i jafnframt Leikf\u00e9lagi Mosfellsveitar fyrir bo\u00f0 \u00e1 a\u00f0alfund a\u00f0 \u00e1ri. Benti \u00e1 a\u00f0 m\u00f6rg br\u00fdn verkefni s\u00e9u framundan.\u00a0 A\u00f0 \u00fev\u00ed loknu sleit hann fundi.<\/p>\n<div style=\"text-align: right;\"><em>Fundarger\u00f0 ritu\u00f0u<br \/>\n\u00c1rmann Gu\u00f0mundsson og<br \/>\nGu\u00f0finna Gunnarsd\u00f3ttir<br \/>\n<\/em><\/div>\n<p>&nbsp;<\/p>","protected":false},"excerpt":{"rendered":"<p>A\u00f0alfundur Bandalags \u00edslenskra leikf\u00e9laga haldinn a\u00f0 Sveinbjarnarger\u00f0i \u00ed Eyjafir\u00f0i 1.- 2. ma\u00ed, 2010 1. Fundarsetning. Kosning 2ja fundarstj\u00f3ra og 2ja fundarritara, sem taka \u00feegar til starfa. L\u00f6gm\u00e6ti fundarins kanna\u00f0. \u00deorgeir Tryggvason forma\u00f0ur setti fundinn og stakk upp \u00e1 Bernhar\u00f0 Arnarssyni, Leikf\u00e9lagi H\u00f6rgd\u00e6la, og Ing\u00f3lfi \u00de\u00f3rssyni, Freyvangsleikh\u00fasinu, sem fundarstj\u00f3rum og \u00c1rmanni Gu\u00f0mundssyni, ritara \u00fej\u00f3nustumi\u00f0st\u00f6\u00f0var, og Gu\u00f0finnu [&hellip;]<\/p>\n","protected":false},"author":3,"featured_media":0,"comment_status":"open","ping_status":"open","sticky":false,"template":"","format":"standard","meta":{"_et_pb_use_builder":"","_et_pb_old_content":"","_et_gb_content_width":"","footnotes":""},"categories":[206,202],"tags":[],"class_list":["post-2895","post","type-post","status-publish","format-standard","hentry","category-adalfundargerdir","category-bandalagi","et-doesnt-have-format-content","et_post_format-et-post-format-standard"],"_links":{"self":[{"href":"https:\/\/leiklist.is\/en\/wp-json\/wp\/v2\/posts\/2895","targetHints":{"allow":["GET"]}}],"collection":[{"href":"https:\/\/leiklist.is\/en\/wp-json\/wp\/v2\/posts"}],"about":[{"href":"https:\/\/leiklist.is\/en\/wp-json\/wp\/v2\/types\/post"}],"author":[{"embeddable":true,"href":"https:\/\/leiklist.is\/en\/wp-json\/wp\/v2\/users\/3"}],"replies":[{"embeddable":true,"href":"https:\/\/leiklist.is\/en\/wp-json\/wp\/v2\/comments?post=2895"}],"version-history":[{"count":0,"href":"https:\/\/leiklist.is\/en\/wp-json\/wp\/v2\/posts\/2895\/revisions"}],"wp:attachment":[{"href":"https:\/\/leiklist.is\/en\/wp-json\/wp\/v2\/media?parent=2895"}],"wp:term":[{"taxonomy":"category","embeddable":true,"href":"https:\/\/leiklist.is\/en\/wp-json\/wp\/v2\/categories?post=2895"},{"taxonomy":"post_tag","embeddable":true,"href":"https:\/\/leiklist.is\/en\/wp-json\/wp\/v2\/tags?post=2895"}],"curies":[{"name":"wp","href":"https:\/\/api.w.org\/{rel}","templated":true}]}}