{"id":2885,"date":"2010-05-12T11:05:57","date_gmt":"2010-05-12T11:05:57","guid":{"rendered":"http:\/\/wp.leiklist.is\/?p=2885"},"modified":"2010-05-12T11:05:57","modified_gmt":"2010-05-12T11:05:57","slug":"blundur-og-blasyra-a-seyeisfirei","status":"publish","type":"post","link":"https:\/\/leiklist.is\/en\/blundur-og-blasyra-a-seyeisfirei\/","title":{"rendered":"Bl\u00fandur og bl\u00e1s\u00fdra \u00e1 Sey\u00f0isfir\u00f0i"},"content":{"rendered":"<p>F\u00f6studaginn 7. ma\u00ed sl. frums\u00fdndi Leikf\u00e9lag Sey\u00f0isfjar\u00f0ar gamanleikinn Bl\u00fandur og bl\u00e1s\u00fdra eftir Joseph Kesselring \u00ed \u00fe\u00fd\u00f0ingu Karls \u00c1g\u00fasts \u00dalfssonar. Leikstj\u00f3ri er Snorri Emilsson. Frums\u00fdningin gekk \u00fe\u00f3 ekki \u00e1fallalaust \u00fev\u00ed rafmagni\u00f0 f\u00f3r af Sey\u00f0isfir\u00f0i sk\u00f6mmu sk\u00f6mmu fyrir hl\u00e9. Til a\u00f0 hafa ofan af fyrir frums\u00fdningargestum gengu systurnar Abby og Marta Brewster, sem leikriti\u00f0 sn\u00fdst a\u00f0 miklu leyti um, um me\u00f0 \u201eylliberjav\u00edn\u201c og g\u00e1fu gestum en \u00fea\u00f0 kemur nokku\u00f0 vi\u00f0 s\u00f6gu \u00ed leikritinu. Eftir klukkustundar stopp h\u00e9lt s\u00fdningin \u00e1fram \u00feegar rafst\u00f6\u00f0 var sett \u00ed gang og s\u00fdningunni lauk \u00e1n frekari vandr\u00e6\u00f0a. <br \/>   <!--more-->  <br \/>Leikriti\u00f0 fjallar eins og \u00e1\u00f0ur sag\u00f0i um Systurnar Abby og M\u00f6rthu sem b\u00faa \u00ed \u00e6ttarh\u00fasinu \u00e1samt fr\u00e6nda sem hefur ruglast \u00ed str\u00ed\u00f0inu. \u00de\u00e6r hafa or\u00f0 \u00e1 s\u00e9r fyrir a\u00f0 vera einst\u00f6k g\u00e6\u00f0abl\u00f3\u00f0. Svarti sau\u00f0urinn \u00ed fj\u00f6lskyldunni kemur heim me\u00f0 mi\u00f0ur g\u00f6fug \u00e1form og \u00fdmis konar misskilningur kemur upp \u00fev\u00ed engan grunar a\u00f0 systurnar hafi myrt t\u00f3lf manns \u00e1 eitri og grafi\u00f0 \u00ed kjallaranum.<\/p>\n<p>\u00d6nnur s\u00fdning var 10. ma\u00ed en s\u00fa \u00feri\u00f0ja ver\u00f0ur fimmtudaginn 20. ma\u00ed og lokas\u00fdning f\u00f6studaginn 28. ma\u00ed. Mi\u00f0apantanir eru \u00ed s\u00edma 899-9428 og mi\u00f0aver\u00f0 er kr\u00f3nur 2.200 kr.\u00a0 Allar\u00a0s\u00fdningarnar hefjast klukkan 20.00.<\/p>\n<p>{mos_fb_discuss:2}<\/p>","protected":false},"excerpt":{"rendered":"<p>F\u00f6studaginn 7. ma\u00ed sl. frums\u00fdndi Leikf\u00e9lag Sey\u00f0isfjar\u00f0ar gamanleikinn Bl\u00fandur og bl\u00e1s\u00fdra eftir Joseph Kesselring \u00ed \u00fe\u00fd\u00f0ingu Karls \u00c1g\u00fasts \u00dalfssonar. Leikstj\u00f3ri er Snorri Emilsson. Frums\u00fdningin gekk \u00fe\u00f3 ekki \u00e1fallalaust \u00fev\u00ed rafmagni\u00f0 f\u00f3r af Sey\u00f0isfir\u00f0i sk\u00f6mmu sk\u00f6mmu fyrir hl\u00e9. Til a\u00f0 hafa ofan af fyrir frums\u00fdningargestum gengu systurnar Abby og Marta Brewster, sem leikriti\u00f0 sn\u00fdst a\u00f0 miklu [&hellip;]<\/p>\n","protected":false},"author":3,"featured_media":2884,"comment_status":"open","ping_status":"open","sticky":false,"template":"","format":"standard","meta":{"_et_pb_use_builder":"","_et_pb_old_content":"","_et_gb_content_width":"","footnotes":""},"categories":[187],"tags":[],"class_list":["post-2885","post","type-post","status-publish","format-standard","has-post-thumbnail","hentry","category-allar-frir","et-has-post-format-content","et_post_format-et-post-format-standard"],"_links":{"self":[{"href":"https:\/\/leiklist.is\/en\/wp-json\/wp\/v2\/posts\/2885","targetHints":{"allow":["GET"]}}],"collection":[{"href":"https:\/\/leiklist.is\/en\/wp-json\/wp\/v2\/posts"}],"about":[{"href":"https:\/\/leiklist.is\/en\/wp-json\/wp\/v2\/types\/post"}],"author":[{"embeddable":true,"href":"https:\/\/leiklist.is\/en\/wp-json\/wp\/v2\/users\/3"}],"replies":[{"embeddable":true,"href":"https:\/\/leiklist.is\/en\/wp-json\/wp\/v2\/comments?post=2885"}],"version-history":[{"count":0,"href":"https:\/\/leiklist.is\/en\/wp-json\/wp\/v2\/posts\/2885\/revisions"}],"wp:featuredmedia":[{"embeddable":true,"href":"https:\/\/leiklist.is\/en\/wp-json\/"}],"wp:attachment":[{"href":"https:\/\/leiklist.is\/en\/wp-json\/wp\/v2\/media?parent=2885"}],"wp:term":[{"taxonomy":"category","embeddable":true,"href":"https:\/\/leiklist.is\/en\/wp-json\/wp\/v2\/categories?post=2885"},{"taxonomy":"post_tag","embeddable":true,"href":"https:\/\/leiklist.is\/en\/wp-json\/wp\/v2\/tags?post=2885"}],"curies":[{"name":"wp","href":"https:\/\/api.w.org\/{rel}","templated":true}]}}