{"id":2818,"date":"2010-04-13T10:52:59","date_gmt":"2010-04-13T10:52:59","guid":{"rendered":"http:\/\/wp.leiklist.is\/?p=2818"},"modified":"2010-04-13T10:52:59","modified_gmt":"2010-04-13T10:52:59","slug":"braeskemmtilegur-leikur-a-melum-i-hoergardal","status":"publish","type":"post","link":"https:\/\/leiklist.is\/en\/braeskemmtilegur-leikur-a-melum-i-hoergardal\/","title":{"rendered":"Br\u00e1\u00f0skemmtilegur leikur \u00e1 Melum \u00ed H\u00f6rg\u00e1rdal"},"content":{"rendered":"<p><strong>Leikf\u00e9lag H\u00f6rgd\u00e6la<br \/> <img loading=\"lazy\" decoding=\"async\" class=\"alignright size-full wp-image-2817\" style=\"float: right;\" alt=\"lifid1\" src=\"https:\/\/leiklist.is\/wp-content\/uploads\/2010\/04\/Adildarfelog_Nordur_Umf_Horgdaela_09_10_lifid1.jpg\" width=\"200\" height=\"150\" \/>L\u00edfi\u00f0 liggur vi\u00f0<br \/> Leikstj\u00f3ri: Saga J\u00f3nsd\u00f3ttir<\/strong><\/p>\n<p>\u00dea\u00f0 var s\u00e9rkennilegt a\u00f0 ganga inn \u00ed gamla samkomuh\u00fasi\u00f0 \u00e1 Melum s.l. laugardagskv\u00f6ld. Gengi\u00f0 var inn \u00e1 g\u00f6mlu senuna og b\u00fai\u00f0 a\u00f0 \u00fatb\u00faa svi\u00f0 \u00e1 mi\u00f0ju dansg\u00f3lfinu me\u00f0 \u00ferj\u00e1r s\u00e6tara\u00f0ir \u00e1 \u00ferj\u00e1 vegu. G\u00f3\u00f0 hugmynd sem gekk fullkomlega vel upp, svo vel a\u00f0 undarlegt er a\u00f0 engum hafi dotti\u00f0 \u00feetta \u00ed hug fyrr. Sem fyrr hj\u00e1 Leikf\u00e9lagi H\u00f6rgd\u00e6la var margt g\u00f3\u00f0ra \u00e1hugaleikara sem n\u00e1\u00f0 hafa undir leikstj\u00f3rn S\u00f6gu J\u00f3nsd\u00f3ttur a\u00f0 skapa sk\u00f6rp skapger\u00f0areinkenni hj\u00e1 pers\u00f3num leiksins. <\/p>\n<p><em>Sr. Solveig L\u00e1ra Gu\u00f0mundsd\u00f3ttir, s\u00f3knarprestur \u00e1 M\u00f6\u00f0ruv\u00f6llum \u00ed H\u00f6rg\u00e1rdal skrifar um s\u00fdningu Leikf\u00e9lags H\u00f6rgd\u00e6la<\/em><\/p>\n<p>  <!--more-->  <br \/>B\u00e6\u00f0i kunnugleg og n\u00fd andit koma fram \u00e1 Melum \u00ed \u00e1r, og skila \u00feau \u00f6ll g\u00f3\u00f0ri vinnu. Fyrst skal nefna \u00fe\u00e6r Stefan\u00edu El\u00edsabet Hallbj\u00f6rnsd\u00f3ttur og Fanney Valsd\u00f3ttur, en b\u00e1\u00f0ar eru n\u00fa komnar \u00ed fremsta flokk me\u00f0al \u00e1hugaleikara landsins. N\u00e1 \u00fe\u00e6r b\u00e1\u00f0ar a\u00f0 t\u00falka vel \u00fea\u00f0 sem undir liggur \u00ed verkinu, \u00fea\u00f0 sem liggur undir yfirbor\u00f0inu, og a\u00f0eins kemur fram \u00ed nokkrum stikkor\u00f0um \u00ed tveggja manna tali e\u00f0a undir \u00e1hrifum \u00e1fengis. Auk \u00feess er Bernhar\u00f0 Arnarson mj\u00f6g sannf\u00e6randi \u00ed hlutverki \u00de\u00f3rs, hins l\u00e9ttlynda skrifstofumanns og m\u00f3torhj\u00f3lakappa. Hl\u00e1tur hans a\u00f0 n\u00e1nast \u00f6llu sem sagt er e\u00f0a gert er svo smitandi a\u00f0 \u00e1horfendur hl\u00f3gu um lei\u00f0 og hann byrja\u00f0i. <\/p>\n<p>Leikur Sunnu Daggar kom mest \u00e1 \u00f3vart. St\u00falkan hefur vaxi\u00f0 svo \u00ed pers\u00f3nusk\u00f6pun fr\u00e1 \u00fev\u00ed a\u00f0 h\u00fan st\u00e9 fyrst \u00e1 svi\u00f0 \u00ed S\u00edldin kemur s\u00edldin fer a\u00f0 undrum s\u00e6tir. H\u00e9r h\u00f6fum vi\u00f0 efni \u00ed g\u00f3\u00f0a leikkonu \u00ed framt\u00ed\u00f0inni, en hlutverk hinnar lj\u00f3\u00f0elsku Soff\u00edu er lang skemmtilegasta hlutverk s\u00fdningarinnar. \u00c1sta J\u00fal\u00eda hefur l\u00edka \u00feroska\u00f0 s\u00edna leikh\u00e6fileika og n\u00e6r a\u00f0 skila hinni drykkfelldu V\u00f6lu alveg \u00e1 lei\u00f0arenda, s\u00e9rstaklega eftir a\u00f0 breytingar ver\u00f0a \u00e1 henni undir lok s\u00fdningarinnar. N\u00fdli\u00f0inn \u00ed h\u00f3pnum Arn\u00f3r Hei\u00f0mann n\u00e6r hinum stressa\u00f0a Loga \u00f3tr\u00falega vel og ver\u00f0ur gaman a\u00f0 sj\u00e1 hvort hann n\u00e6r a\u00f0 skila Leikf\u00e9laginu frekara framlagi \u00ed framt\u00ed\u00f0inni. <\/p>\n<p>Stef\u00e1n J\u00f3nsson \u00ed hlutverki Gu\u00f0mundar er heldur st\u00edfur \u00ed sinni t\u00falkun, en n\u00e6r \u00fe\u00f3 a\u00f0 koma vel til skila \u00feunganum sem undir b\u00fdr b\u00e6\u00f0i \u00ed l\u00edfi s\u00ednu og starfi. Ekki \u00fearf a\u00f0 taka fram a\u00f0 \u00feau Sesselja Ing\u00f3lfsd\u00f3ttir og \u00de\u00f3r\u00f0ur Steind\u00f3rsson skila g\u00f6mlu hj\u00f3nunum a\u00f0 vestan af sinni fr\u00e1b\u00e6ru snilld enda hafa \u00feau b\u00e6\u00f0i fagna\u00f0 40 \u00e1ra leikafm\u00e6li s\u00ednu, \u00de\u00f3r\u00f0ur me\u00f0 \u00feessari s\u00fdningu og \u00f3ska \u00e9g honum til hamingju me\u00f0 \u00fea\u00f0.<\/p>\n<p>En hva\u00f0a leikrit er \u00feetta, L\u00edfi\u00f0 liggur vi\u00f0! Leikriti\u00f0 er eftir Hl\u00edn Agnasrsd\u00f3ttur og skrifa\u00f0i h\u00fan \u00fea\u00f0 \u00e1ri\u00f0 1996, en \u00fea\u00f0 var fyrst sett upp af Nemendaleikh\u00fasinu \u00e1ri\u00f0 2007 undir hennar stj\u00f3rn. Leikriti\u00f0 er \u00e1deila \u00e1 yfirbor\u00f0smennsku \u00ed mannlegum samskiptum og n\u00e6r h\u00f6fundur h\u00e1rf\u00ednum dr\u00e1ttum \u00ed \u00feeirri \u00e1deilu. Margir geta fundi\u00f0 sj\u00e1lfa sig \u00ed \u00feessu verki, sem n\u00e6r \u00fe\u00f3 svo h\u00e1dramat\u00edskum sprettum a\u00f0 \u00fea\u00f0 n\u00e1lgast hi\u00f0 yfirn\u00e1tt\u00farulega. <br \/>Leikmyndin er einf\u00f6ld, en sannf\u00e6randi og lj\u00f3s og hlj\u00f3\u00f0 n\u00e1 a\u00f0 gl\u00e6\u00f0a hina einf\u00f6ldu leikmynd l\u00edfi.<\/p>\n<p>Enn \u00e1 n\u00fd hefur S\u00f6gu J\u00f3ns\u00f3ttur tekist a\u00f0 gera \u00fea\u00f0 sem h\u00fan gerir best, en \u00fea\u00f0 er a\u00f0 n\u00e1 fram h\u00e6fileikum hj\u00e1 \u00e1hugaf\u00f3lki um leiklist og um lei\u00f0 tekst henni a\u00f0 skemmta \u00feeim sem leggja lei\u00f0 s\u00edna a\u00f0 Melum til a\u00f0 sj\u00e1 fr\u00e1b\u00e6ra s\u00fdningu.<\/p>\n<p><em>Solveig L\u00e1ra Gu\u00f0mundsd\u00f3ttir<\/em><\/p>\n<p>{mos_fb_discuss:2}<\/p>","protected":false},"excerpt":{"rendered":"<p>Leikf\u00e9lag H\u00f6rgd\u00e6la L\u00edfi\u00f0 liggur vi\u00f0 Leikstj\u00f3ri: Saga J\u00f3nsd\u00f3ttir \u00dea\u00f0 var s\u00e9rkennilegt a\u00f0 ganga inn \u00ed gamla samkomuh\u00fasi\u00f0 \u00e1 Melum s.l. laugardagskv\u00f6ld. Gengi\u00f0 var inn \u00e1 g\u00f6mlu senuna og b\u00fai\u00f0 a\u00f0 \u00fatb\u00faa svi\u00f0 \u00e1 mi\u00f0ju dansg\u00f3lfinu me\u00f0 \u00ferj\u00e1r s\u00e6tara\u00f0ir \u00e1 \u00ferj\u00e1 vegu. G\u00f3\u00f0 hugmynd sem gekk fullkomlega vel upp, svo vel a\u00f0 undarlegt er a\u00f0 engum [&hellip;]<\/p>\n","protected":false},"author":3,"featured_media":2816,"comment_status":"open","ping_status":"open","sticky":false,"template":"","format":"standard","meta":{"_et_pb_use_builder":"","_et_pb_old_content":"","_et_gb_content_width":"","footnotes":""},"categories":[186],"tags":[],"class_list":["post-2818","post","type-post","status-publish","format-standard","has-post-thumbnail","hentry","category-gagnrdinn","et-has-post-format-content","et_post_format-et-post-format-standard"],"_links":{"self":[{"href":"https:\/\/leiklist.is\/en\/wp-json\/wp\/v2\/posts\/2818","targetHints":{"allow":["GET"]}}],"collection":[{"href":"https:\/\/leiklist.is\/en\/wp-json\/wp\/v2\/posts"}],"about":[{"href":"https:\/\/leiklist.is\/en\/wp-json\/wp\/v2\/types\/post"}],"author":[{"embeddable":true,"href":"https:\/\/leiklist.is\/en\/wp-json\/wp\/v2\/users\/3"}],"replies":[{"embeddable":true,"href":"https:\/\/leiklist.is\/en\/wp-json\/wp\/v2\/comments?post=2818"}],"version-history":[{"count":0,"href":"https:\/\/leiklist.is\/en\/wp-json\/wp\/v2\/posts\/2818\/revisions"}],"wp:featuredmedia":[{"embeddable":true,"href":"https:\/\/leiklist.is\/en\/wp-json\/"}],"wp:attachment":[{"href":"https:\/\/leiklist.is\/en\/wp-json\/wp\/v2\/media?parent=2818"}],"wp:term":[{"taxonomy":"category","embeddable":true,"href":"https:\/\/leiklist.is\/en\/wp-json\/wp\/v2\/categories?post=2818"},{"taxonomy":"post_tag","embeddable":true,"href":"https:\/\/leiklist.is\/en\/wp-json\/wp\/v2\/tags?post=2818"}],"curies":[{"name":"wp","href":"https:\/\/api.w.org\/{rel}","templated":true}]}}