{"id":2805,"date":"2010-04-06T10:28:20","date_gmt":"2010-04-06T10:28:20","guid":{"rendered":"http:\/\/wp.leiklist.is\/?p=2805"},"modified":"2010-04-06T10:28:20","modified_gmt":"2010-04-06T10:28:20","slug":"emil-i-kattholti-slaer-i-gegn-i-hveragerei","status":"publish","type":"post","link":"https:\/\/leiklist.is\/en\/emil-i-kattholti-slaer-i-gegn-i-hveragerei\/","title":{"rendered":"Emil \u00ed Kattholti sl\u00e6r \u00ed gegn \u00ed Hverager\u00f0i"},"content":{"rendered":"<p>Uppselt var \u00e1 allar s\u00fdningar Leikf\u00e9lags Hverager\u00f0is \u00e1 barnaleikritinu Emil \u00ed Kattholti eftir Astrid Lindgren \u00ed mars og um p\u00e1skana, og \u00feurfti a\u00f0 v\u00edsa f\u00f3lki fr\u00e1 \u00ed sumum tilvikum. S\u00fdningar halda \u00e1fram \u00e1 fullu \u00ed apr\u00edl og er \u00feegar a\u00f0 ver\u00f0a uppselt \u00e1 sumar s\u00fdningarnar. Sunnlendingar \u00e6ttu \u00fev\u00ed ekki a\u00f0 l\u00e1ta \u00feessa s\u00fdningu fram hj\u00e1 s\u00e9r fara.<br \/>   <!--more-->  <br \/>S\u00fdningar \u00ed apr\u00edl eru sem h\u00e9r segir:<\/p>\n<p>9. apr\u00edl f\u00f6studagur kl. 18.00 <br \/>11. apr\u00edl sunnudagur kl. 14.00<br \/>16. apr\u00edl f\u00f6studagur kl. 18.00<br \/>17. apr\u00edl laugardagur kl. 14.00 <br \/>18. apr\u00edl sunnudagur kl. 14.00<\/p>\n<p>Almennt ver\u00f0 (5 \u00e1ra og eldri): 1700 kr.<br \/>H\u00f3par 15+: 1500 kr. <br \/>B\u00f6rn 4 \u00e1ra og yngri: Engir peningar \ud83d\ude00 <\/p>\n<p>Mi\u00f0apantanir eru \u00ed Sjoppunni Sunnum\u00f6rk \u00ed s\u00edma 587-1818 fr\u00e1 kl.12-18 alla daga<\/p>\n<p>ATH. H\u00fasi\u00f0 opnar 30 m\u00edn\u00fatum fyrir s\u00fdningu og eru mi\u00f0arnir grei\u00f0ast \u00e1 sta\u00f0num.<\/p>\n<p>{mos_fb_discuss:2}<\/p>","protected":false},"excerpt":{"rendered":"<p>Uppselt var \u00e1 allar s\u00fdningar Leikf\u00e9lags Hverager\u00f0is \u00e1 barnaleikritinu Emil \u00ed Kattholti eftir Astrid Lindgren \u00ed mars og um p\u00e1skana, og \u00feurfti a\u00f0 v\u00edsa f\u00f3lki fr\u00e1 \u00ed sumum tilvikum. S\u00fdningar halda \u00e1fram \u00e1 fullu \u00ed apr\u00edl og er \u00feegar a\u00f0 ver\u00f0a uppselt \u00e1 sumar s\u00fdningarnar. Sunnlendingar \u00e6ttu \u00fev\u00ed ekki a\u00f0 l\u00e1ta \u00feessa s\u00fdningu fram hj\u00e1 [&hellip;]<\/p>\n","protected":false},"author":3,"featured_media":2710,"comment_status":"open","ping_status":"open","sticky":false,"template":"","format":"standard","meta":{"_et_pb_use_builder":"","_et_pb_old_content":"","_et_gb_content_width":"","footnotes":""},"categories":[187],"tags":[],"class_list":["post-2805","post","type-post","status-publish","format-standard","has-post-thumbnail","hentry","category-allar-frir","et-has-post-format-content","et_post_format-et-post-format-standard"],"_links":{"self":[{"href":"https:\/\/leiklist.is\/en\/wp-json\/wp\/v2\/posts\/2805","targetHints":{"allow":["GET"]}}],"collection":[{"href":"https:\/\/leiklist.is\/en\/wp-json\/wp\/v2\/posts"}],"about":[{"href":"https:\/\/leiklist.is\/en\/wp-json\/wp\/v2\/types\/post"}],"author":[{"embeddable":true,"href":"https:\/\/leiklist.is\/en\/wp-json\/wp\/v2\/users\/3"}],"replies":[{"embeddable":true,"href":"https:\/\/leiklist.is\/en\/wp-json\/wp\/v2\/comments?post=2805"}],"version-history":[{"count":0,"href":"https:\/\/leiklist.is\/en\/wp-json\/wp\/v2\/posts\/2805\/revisions"}],"wp:featuredmedia":[{"embeddable":true,"href":"https:\/\/leiklist.is\/en\/wp-json\/"}],"wp:attachment":[{"href":"https:\/\/leiklist.is\/en\/wp-json\/wp\/v2\/media?parent=2805"}],"wp:term":[{"taxonomy":"category","embeddable":true,"href":"https:\/\/leiklist.is\/en\/wp-json\/wp\/v2\/categories?post=2805"},{"taxonomy":"post_tag","embeddable":true,"href":"https:\/\/leiklist.is\/en\/wp-json\/wp\/v2\/tags?post=2805"}],"curies":[{"name":"wp","href":"https:\/\/api.w.org\/{rel}","templated":true}]}}