{"id":2802,"date":"2010-03-31T09:48:20","date_gmt":"2010-03-31T09:48:20","guid":{"rendered":"http:\/\/wp.leiklist.is\/?p=2802"},"modified":"2010-03-31T09:48:20","modified_gmt":"2010-03-31T09:48:20","slug":"aealfundur-2010","status":"publish","type":"post","link":"https:\/\/leiklist.is\/en\/aealfundur-2010\/","title":{"rendered":"A\u00f0alfundur 2010"},"content":{"rendered":"<p>A\u00f0alfundur Bandalags \u00edslenskra leikf\u00e9laga ver\u00f0ur haldinn a\u00f0 Sveinbjarnarger\u00f0i \u00ed Eyjafir\u00f0i dagana 1. og 2. ma\u00ed 2010. Leiklistarh\u00e1t\u00ed\u00f0 NEATA, sem haldin ver\u00f0ur \u00e1 Akureyri 10.\u201315. \u00e1g\u00fast, ver\u00f0ur undirb\u00fain a\u00f0 kv\u00f6ldi 30. apr\u00edl.<\/p>\n<p>Dagskr\u00e1 a\u00f0alfundar er \u00ed l\u00f6gum Bandalagsins.<br \/>Samhli\u00f0a a\u00f0alfundi fer fram s\u00fdning \u00e1 leikskr\u00e1m og veggspj\u00f6ldum leik\u00e1rsins 2009-2010. <br \/>Val \u00dej\u00f3\u00f0leikh\u00fassins \u00e1 Athyglisver\u00f0ustu \u00e1hugas\u00fdningu leik\u00e1rsins ver\u00f0ur a\u00f0 venju kynnt \u00e1 h\u00e1t\u00ed\u00f0akv\u00f6ldver\u00f0inum.<\/p>\n<p>\u00a0<\/p>\n<p>  <!--more-->  <\/p>\n<p>Fundurinn ver\u00f0ur settur laugardagsmorguninn 1. ma\u00ed kl. 9.00 og honum sliti\u00f0 um h\u00e1degisbil sunnudaginn 2. ma\u00ed. Fundargestir eru bo\u00f0nir\u00a0 velkomnir seinnipart f\u00f6studagsins 30. apr\u00edl en \u00fe\u00e1 um kv\u00f6ldi\u00f0 er fyrirhuga\u00f0 a\u00f0 sko\u00f0a Menningarh\u00fasi\u00f0 Hof \u00e1 Akureyri og r\u00e6\u00f0a um leiklistarh\u00e1t\u00ed\u00f0 NEATA sem vi\u00f0 h\u00f6ldum \u00fear \u00ed \u00e1g\u00fast nk.\u00a0 Bo\u00f0i\u00f0 er upp\u00e1 kv\u00f6ldver\u00f0 \u00e1 undan.<\/p>\n<p>Fundarger\u00f0 a\u00f0alfundar 2009 er h\u00e9r \u00e1 leiklist.is undir Bandalagi\u00f0\/Fundir og ver\u00f0ur ekki send \u00fat.<\/p>\n<p> Dagskr\u00e1:<\/p>\n<p>F\u00f6studagur 30. apr\u00edl:\u00a0\u00a0 \u00a0<br \/>19.00 \u00a0\u00a0 \u00a0Kv\u00f6ldver\u00f0ur<br \/>20.00\u00a0\u00a0 \u00a0Sko\u00f0unarfer\u00f0 \u00ed Menningarh\u00fasi\u00f0 Hof<\/p>\n<p>Laugardagur 1. ma\u00ed:\u00a0\u00a0 \u00a0<br \/>08.00 \u00a0\u00a0 \u00a0Morgunver\u00f0ur<br \/>09:00\u00a0\u00a0 \u00a0A\u00f0alfundur settur<br \/>12:00\u00a0\u00a0 \u00a0H\u00e1degisver\u00f0ur<br \/>13:00\u00a0\u00a0 \u00a0Framhald a\u00f0alfundar<br \/>17:00\u00a0\u00a0 \u00a0Fundarhl\u00e9<br \/>20:00\u00a0\u00a0 \u00a0H\u00e1t\u00ed\u00f0arkv\u00f6ldver\u00f0ur<br \/>Skemmtidagskr\u00e1 og samvera<\/p>\n<p>Sunnudagur 2. ma\u00ed:\u00a0\u00a0 \u00a0<br \/>08.00\u00a0\u00a0 \u00a0Morgunver\u00f0ur<br \/>09:00\u00a0\u00a0 \u00a0Framhald a\u00f0alfundar og fundarslit<br \/>12:00\u00a0\u00a0 \u00a0H\u00e1degisver\u00f0ur og heimfer\u00f0 <\/p>\n<p>Sveitah\u00f3teli\u00f0 \u00ed Sveinbjarnarger\u00f0i er \u00feriggja stj\u00f6rnu h\u00f3tel sta\u00f0sett \u00e1 besta sta\u00f0 \u00ed Eyjafir\u00f0i vi\u00f0 \u00fej\u00f3\u00f0veg nr. 1. \u00d6ll herbergi eru me\u00f0 s\u00edmum, sj\u00f3nvarpi og s\u00e9r ba\u00f0herbergi. \u00der\u00e1\u00f0laust internet er \u00ed hluta herbergja. H\u00e9r er h\u00e6gt a\u00f0 sko\u00f0a a\u00f0st\u00f6\u00f0una: http:\/\/www.countryhotel.is\/forsida\/<\/p>\n<p>Bo\u00f0i\u00f0 er upp\u00e1 \u00ferenns konar pakka:<br \/>1. Fundarseta og allur matur \u00e1n gistingar og morgunver\u00f0ar, kr. 13,900.-<br \/>2. Fundarseta, allur matur og gisting eina n\u00f3tt, kr. 17,100.-<br \/>3. Fundarseta, allur matur og gisting tv\u00e6r n\u00e6tur, kr. 21.100.-<br \/>Aukagjald fyrir eins manns herbergi er 2,900 pr. n\u00f3tt. en fj\u00f6ldi sl\u00edkra herbergja fer eftir a\u00f0s\u00f3kn.<\/p>\n<p>Tilkynni\u00f0 \u00fe\u00e1ttt\u00f6ku fyrir 15. apr\u00edl og taki\u00f0 fram hvort \u00fei\u00f0 vilji\u00f0 gista og \u00fe\u00e1 hva\u00f0 margar n\u00e6tur. Vinsamlegast grei\u00f0i\u00f0 \u00fe\u00e1ttt\u00f6kugjaldi\u00f0 um lei\u00f0 inn \u00e1 reikning 0334-26-5463, kt. 440169-0239 og l\u00e1ti\u00f0 bankann senda kvittun \u00e1 netfangi\u00f0 info@leiklist.is<\/p>","protected":false},"excerpt":{"rendered":"<p>A\u00f0alfundur Bandalags \u00edslenskra leikf\u00e9laga ver\u00f0ur haldinn a\u00f0 Sveinbjarnarger\u00f0i \u00ed Eyjafir\u00f0i dagana 1. og 2. ma\u00ed 2010. Leiklistarh\u00e1t\u00ed\u00f0 NEATA, sem haldin ver\u00f0ur \u00e1 Akureyri 10.\u201315. \u00e1g\u00fast, ver\u00f0ur undirb\u00fain a\u00f0 kv\u00f6ldi 30. apr\u00edl. Dagskr\u00e1 a\u00f0alfundar er \u00ed l\u00f6gum Bandalagsins.Samhli\u00f0a a\u00f0alfundi fer fram s\u00fdning \u00e1 leikskr\u00e1m og veggspj\u00f6ldum leik\u00e1rsins 2009-2010. Val \u00dej\u00f3\u00f0leikh\u00fassins \u00e1 Athyglisver\u00f0ustu \u00e1hugas\u00fdningu leik\u00e1rsins ver\u00f0ur a\u00f0 [&hellip;]<\/p>\n","protected":false},"author":3,"featured_media":2801,"comment_status":"open","ping_status":"open","sticky":false,"template":"","format":"standard","meta":{"_et_pb_use_builder":"","_et_pb_old_content":"","_et_gb_content_width":"","footnotes":""},"categories":[187],"tags":[],"class_list":["post-2802","post","type-post","status-publish","format-standard","has-post-thumbnail","hentry","category-allar-frir","et-has-post-format-content","et_post_format-et-post-format-standard"],"_links":{"self":[{"href":"https:\/\/leiklist.is\/en\/wp-json\/wp\/v2\/posts\/2802","targetHints":{"allow":["GET"]}}],"collection":[{"href":"https:\/\/leiklist.is\/en\/wp-json\/wp\/v2\/posts"}],"about":[{"href":"https:\/\/leiklist.is\/en\/wp-json\/wp\/v2\/types\/post"}],"author":[{"embeddable":true,"href":"https:\/\/leiklist.is\/en\/wp-json\/wp\/v2\/users\/3"}],"replies":[{"embeddable":true,"href":"https:\/\/leiklist.is\/en\/wp-json\/wp\/v2\/comments?post=2802"}],"version-history":[{"count":0,"href":"https:\/\/leiklist.is\/en\/wp-json\/wp\/v2\/posts\/2802\/revisions"}],"wp:featuredmedia":[{"embeddable":true,"href":"https:\/\/leiklist.is\/en\/wp-json\/"}],"wp:attachment":[{"href":"https:\/\/leiklist.is\/en\/wp-json\/wp\/v2\/media?parent=2802"}],"wp:term":[{"taxonomy":"category","embeddable":true,"href":"https:\/\/leiklist.is\/en\/wp-json\/wp\/v2\/categories?post=2802"},{"taxonomy":"post_tag","embeddable":true,"href":"https:\/\/leiklist.is\/en\/wp-json\/wp\/v2\/tags?post=2802"}],"curies":[{"name":"wp","href":"https:\/\/api.w.org\/{rel}","templated":true}]}}