{"id":2794,"date":"2010-03-25T09:59:23","date_gmt":"2010-03-25T09:59:23","guid":{"rendered":"http:\/\/wp.leiklist.is\/?p=2794"},"modified":"2010-03-25T09:59:23","modified_gmt":"2010-03-25T09:59:23","slug":"leikhusveisla-a-akureyri-um-paskana","status":"publish","type":"post","link":"https:\/\/leiklist.is\/en\/leikhusveisla-a-akureyri-um-paskana\/","title":{"rendered":"Leikh\u00fasveisla \u00e1 Akureyri um p\u00e1skana"},"content":{"rendered":"<p>\u00dea\u00f0 ver\u00f0ur sannk\u00f6llu\u00f0 leikh\u00fasveisla um p\u00e1skana hj\u00e1 LA. Eftir skemmtilegan dag \u00ed brekkum Hl\u00ed\u00f0arfjalls e\u00f0a r\u00f3legan dag \u00ed f\u00f6grum mi\u00f0b\u00e6 Akureyrar, er tilvali\u00f0 a\u00f0 breg\u00f0a s\u00e9r \u00ed leikh\u00fas! Leikh\u00fasunnendur geta vali\u00f0 um \u00ferj\u00e1r s\u00fdningar, 39 \u00ferep, Horn \u00e1 h\u00f6f\u00f0i og F\u00falar \u00e1 m\u00f3ti auk \u00feess sem bo\u00f0i\u00f0 ver\u00f0ur upp \u00e1 \u00feri\u00f0ja leiklesturinn \u00ed Leiklestrar\u00f6\u00f0 LA sem \u00ed \u00feetta sinn er Bl\u00f3\u00f0br\u00fa\u00f0kaup eftir Garcia Lorca.<br \/>   <!--more-->  <br \/>\u00c1 fj\u00f6lum Samkomuh\u00fassins ver\u00f0ur hinn geysivins\u00e6li gamanleikur 39 \u00ferep sem hefur n\u00fa veri\u00f0 s\u00fdndur fyrir fullu h\u00fasi fr\u00e1 \u00fev\u00ed \u00ed jan\u00faar sl. \u00dear takast fj\u00f3rir hugrakkir leikarar \u00e1 vi\u00f0 139 hlutverk \u00ed einhverjum hr\u00f6\u00f0ustu, mest spennandi og fyndnustu 100 m\u00edn\u00fatum sem s\u00e9st hafa \u00e1 leiksvi\u00f0i. H\u00f6fundurinn Patrick Barlow byggir verki\u00f0 \u00e1 samnefndri kvikmynd Alfred Hitchcock. S\u00fdningin hentar allri fj\u00f6lskyldunni. <br \/>S\u00fdningar: 26. mars kl. 19.00, 27. mars kl. 19.00, 1. apr\u00edl kl. 19.00 og 22.00, 3. apr\u00edl kl. 19.00<\/p>\n<p>Horn \u00e1 h\u00f6f\u00f0i er s\u00fdnd \u00ed R\u00fdminu og er gestas\u00fdning fr\u00e1 GRAL Grindv\u00edska atvinnuleikh\u00fasinu. Bj\u00f6rn litli vaknar einn morgunn me\u00f0 horn \u00e1 h\u00f6f\u00f0inu. Hann f\u00e6r J\u00f3runni vinkonu s\u00edna til a\u00f0 hj\u00e1lpa s\u00e9r a\u00f0 komast a\u00f0 \u00e1st\u00e6\u00f0unni \u00fev\u00ed hann langar ekki a\u00f0 l\u00edta \u00fat eins og geit. \u00cd leit sinni a\u00f0 sannleikanum renna \u00feau inn \u00ed atbur\u00f0ar\u00e1s \u00e1 m\u00f6rkum \u00e6vint\u00fdris og veruleika. Spennandi og fyndin barna- og fj\u00f6lskyldus\u00fdning sem hloti\u00f0 hefur fr\u00e1b\u00e6rar vi\u00f0t\u00f6kur. T\u00f3nlistin er eftir Villa Naglb\u00edt og eiga l\u00f6gin \u00far s\u00fdningunni vonandi eftir a\u00f0 hlj\u00f3ma h\u00e1tt \u00ed sk\u00ed\u00f0abrekkunum \u00ed Hl\u00ed\u00f0arfjalli um p\u00e1skana.<br \/>S\u00fdningar: 31. mars kl. 16.00, 1. apr\u00edl kl. 14.00 og 16.00, 3. apr\u00edl kl. 14.00 og 16.00<\/p>\n<p>F\u00falar \u00e1 m\u00f3ti koma aftur til Akureyrar og skemmta gestum eins og \u00feeim einum er lagi\u00f0. \u00de\u00e6r Edda Bj\u00f6rgvins, Helga Braga og Bj\u00f6rk Jakobs fara \u00e1 kostum \u00ed einhverju vins\u00e6lasta uppistandi s\u00ed\u00f0ari t\u00edma. S\u00fdnt \u00e1 Mar\u00ednu (\u00e1\u00f0ur Oddvitinn) \u00fear sem seti\u00f0 er vi\u00f0 bor\u00f0 og h\u00e6gt a\u00f0 nj\u00f3ta lj\u00fafra drykkja.\u2028S\u00fdningar: 2. apr\u00edl kl. 21.00 og 3. apr\u00edl kl. 21.00<\/p>\n<p>\u00deann 7. apr\u00edl munu hiti og \u00e1str\u00ed\u00f0a fylla gamla Samkomuh\u00fasi\u00f0, \u00fev\u00ed \u00fe\u00e1 ver\u00f0ur \u00feri\u00f0ji leiklesturinn \u00ed Leiklestrar\u00f6\u00f0 LA. \u00a0Leikarar LA\u00a0 leiklesa verki\u00f0 Bl\u00f3\u00f0br\u00fa\u00f0kaup eftir\u00a0 Garcia Lorca,\u00a0 s\u00fdnd ver\u00f0ur stuttmynd eftir Lorca og Salvador Dali og Alberto Carmona mun sj\u00e1 um t\u00f3nlistarflutning og lei\u00f0a tang\u00f3band.\u00a0 Mi\u00f0aver\u00f0 a\u00f0eins 500 kr.<\/p>\n<p>H\u00e6gt er a\u00f0 finna allar n\u00e1nari uppl\u00fdsingar um vi\u00f0bur\u00f0ina \u00e1 heimas\u00ed\u00f0u LA, www.leikfelag.is Mi\u00f0asala er \u00ed s\u00edma: 4 600 200 og \u00e1 www.leikfelag.is<\/p>\n<p>{mos_fb_discuss:3}<\/p>","protected":false},"excerpt":{"rendered":"<p>\u00dea\u00f0 ver\u00f0ur sannk\u00f6llu\u00f0 leikh\u00fasveisla um p\u00e1skana hj\u00e1 LA. Eftir skemmtilegan dag \u00ed brekkum Hl\u00ed\u00f0arfjalls e\u00f0a r\u00f3legan dag \u00ed f\u00f6grum mi\u00f0b\u00e6 Akureyrar, er tilvali\u00f0 a\u00f0 breg\u00f0a s\u00e9r \u00ed leikh\u00fas! Leikh\u00fasunnendur geta vali\u00f0 um \u00ferj\u00e1r s\u00fdningar, 39 \u00ferep, Horn \u00e1 h\u00f6f\u00f0i og F\u00falar \u00e1 m\u00f3ti auk \u00feess sem bo\u00f0i\u00f0 ver\u00f0ur upp \u00e1 \u00feri\u00f0ja leiklesturinn \u00ed Leiklestrar\u00f6\u00f0 LA [&hellip;]<\/p>\n","protected":false},"author":3,"featured_media":2793,"comment_status":"open","ping_status":"open","sticky":false,"template":"","format":"standard","meta":{"_et_pb_use_builder":"","_et_pb_old_content":"","_et_gb_content_width":"","footnotes":""},"categories":[187],"tags":[],"class_list":["post-2794","post","type-post","status-publish","format-standard","has-post-thumbnail","hentry","category-allar-frir","et-has-post-format-content","et_post_format-et-post-format-standard"],"_links":{"self":[{"href":"https:\/\/leiklist.is\/en\/wp-json\/wp\/v2\/posts\/2794","targetHints":{"allow":["GET"]}}],"collection":[{"href":"https:\/\/leiklist.is\/en\/wp-json\/wp\/v2\/posts"}],"about":[{"href":"https:\/\/leiklist.is\/en\/wp-json\/wp\/v2\/types\/post"}],"author":[{"embeddable":true,"href":"https:\/\/leiklist.is\/en\/wp-json\/wp\/v2\/users\/3"}],"replies":[{"embeddable":true,"href":"https:\/\/leiklist.is\/en\/wp-json\/wp\/v2\/comments?post=2794"}],"version-history":[{"count":0,"href":"https:\/\/leiklist.is\/en\/wp-json\/wp\/v2\/posts\/2794\/revisions"}],"wp:featuredmedia":[{"embeddable":true,"href":"https:\/\/leiklist.is\/en\/wp-json\/"}],"wp:attachment":[{"href":"https:\/\/leiklist.is\/en\/wp-json\/wp\/v2\/media?parent=2794"}],"wp:term":[{"taxonomy":"category","embeddable":true,"href":"https:\/\/leiklist.is\/en\/wp-json\/wp\/v2\/categories?post=2794"},{"taxonomy":"post_tag","embeddable":true,"href":"https:\/\/leiklist.is\/en\/wp-json\/wp\/v2\/tags?post=2794"}],"curies":[{"name":"wp","href":"https:\/\/api.w.org\/{rel}","templated":true}]}}