{"id":2792,"date":"2010-03-23T11:09:02","date_gmt":"2010-03-23T11:09:02","guid":{"rendered":"http:\/\/wp.leiklist.is\/?p=2792"},"modified":"2010-03-23T11:09:02","modified_gmt":"2010-03-23T11:09:02","slug":"leikhuspaskar-a-isafirei","status":"publish","type":"post","link":"https:\/\/leiklist.is\/en\/leikhuspaskar-a-isafirei\/","title":{"rendered":"Leikh\u00fasp\u00e1skar \u00e1 \u00cdsafir\u00f0i"},"content":{"rendered":"<p>\u00dea\u00f0 ver\u00f0ur l\u00edf og fj\u00f6r \u00ed \u00cdsafjar\u00f0arb\u00e6 um p\u00e1skana einsog veri\u00f0 hefur \u00ed gegnum \u00e1ratugina. Fj\u00f6lmargt skemmtilegt ver\u00f0ur \u00ed bo\u00f0i allt fr\u00e1 rokki til sk\u00ed\u00f0alista. \u00cd leikh\u00fasinu ver\u00f0ur l\u00edka allt \u00ed botni og stu\u00f0i. K\u00f3med\u00eduleikh\u00fasi\u00f0 \u00ed samstarfi vi\u00f0 Litla leikkl\u00fabbinn \u00e1 \u00cdsafir\u00f0i og Leikdeild H\u00f6frungs \u00e1 \u00deingeyri bj\u00f3\u00f0a upp\u00e1 s\u00e9rstaka leikh\u00fasp\u00e1ska. Bo\u00f0i\u00f0 ver\u00f0ur upp\u00e1 \u00ferj\u00e1r s\u00fdningar sem allar hafa fengi\u00f0 g\u00f3\u00f0ar vi\u00f0t\u00f6kur \u00e1horfenda og hafa veri\u00f0 s\u00fdndar vi\u00f0 miklar vins\u00e6ldir \u00feennan vestfirska leik\u00fasvetur. <br \/>  <!--more-->  <br \/>Leikurinn hefst mi\u00f0vikudaginn 31. mars me\u00f0 s\u00fdningu \u00e1 Heilsug\u00e6slunni \u00ed Arndardal. S\u00ed\u00f0an tekur hver s\u00fdningin vi\u00f0 af annarri en r\u00e9tt er a\u00f0 geta \u00feess a\u00f0 mi\u00f0asala \u00e1 allar s\u00fdningar er \u00feegar hafin og r\u00e9tt a\u00f0 vera snemma a\u00f0 b\u00f3ka mi\u00f0a. Dagskr\u00e1 Leikh\u00fasp\u00e1ska 2010 er svona:<\/p>\n<p>Mi\u00f0vikudagur<br \/>31. mars kl.21.00 HEILSUG\u00c6SLAN \u00ed Arnardal &#8211; mi\u00f0as\u00f6lus\u00edmi: 860 6062\u2028\u2028Fimmtudagur, Sk\u00edrdagur<br \/>1. apr\u00edl kl.17.00 EIKIN \u00c6TTAR MINNAR \u00ed F\u00e9lagsheimili \u00deingeyrar &#8211; mi\u00f0as\u00f6lus\u00edmi: 848 4055<br \/>1. apr\u00edl kl.20.00 VEGIR LIGGJA TIL ALLRA \u00c1TTA \u00ed Edinborg \u00cdsafir\u00f0i &#8211; mi\u00f0as\u00f6lus\u00edmi: 450 5555<br \/>1. apr\u00edl kl.23.00 VEGIR LIGGJA TIL ALLRA \u00c1TTA \u00ed Edinborg \u00cdsafir\u00f0i &#8211; mi\u00f0as\u00f6lus\u00edmi: 450 5555<\/p>\n<p>F\u00f6studagurinn langi<br \/>2. apr\u00edl kl.17.00 EIKIN \u00c6TTAR MINNAR \u00ed F\u00e9lagsheimili \u00deingeyrar &#8211; mi\u00f0as\u00f6lus\u00edmi: 848 4055<br \/>2. apr\u00edl kl.21.00 HEILSUG\u00c6SLAN \u00ed Arnardal &#8211; mi\u00f0as\u00f6lus\u00edmi: 860 6062<br \/>2. apr\u00edl kl.21.00 VEGIR LIGGJA TIL ALLRA \u00c1TTA &#8211; mi\u00f0as\u00f6lus\u00edmi: 450 5555<br \/>2. apr\u00edl kl.23.30 HEILSUG\u00c6SLAN \u00ed Arnardal &#8211; mi\u00f0as\u00f6lus\u00edmi: 860 6062<\/p>\n<p>Auk leikh\u00fasp\u00e1ska er fj\u00f6lbreytt \u00farval skemmtunar \u00e1 Sk\u00ed\u00f0avikunni \u00e1 \u00cdsafir\u00f0i einsog sj\u00e1 m\u00e1 \u00e1 heimas\u00ed\u00f0u h\u00e1t\u00ed\u00f0arinnar www.skidavikan.is\u00a0 <br \/>G\u00f3\u00f0a skemmtun og velkomin \u00ed vestfirska leikh\u00fasi\u00f0.<\/p>\n<p>{mos_fb_discuss:2}<\/p>","protected":false},"excerpt":{"rendered":"<p>\u00dea\u00f0 ver\u00f0ur l\u00edf og fj\u00f6r \u00ed \u00cdsafjar\u00f0arb\u00e6 um p\u00e1skana einsog veri\u00f0 hefur \u00ed gegnum \u00e1ratugina. Fj\u00f6lmargt skemmtilegt ver\u00f0ur \u00ed bo\u00f0i allt fr\u00e1 rokki til sk\u00ed\u00f0alista. \u00cd leikh\u00fasinu ver\u00f0ur l\u00edka allt \u00ed botni og stu\u00f0i. K\u00f3med\u00eduleikh\u00fasi\u00f0 \u00ed samstarfi vi\u00f0 Litla leikkl\u00fabbinn \u00e1 \u00cdsafir\u00f0i og Leikdeild H\u00f6frungs \u00e1 \u00deingeyri bj\u00f3\u00f0a upp\u00e1 s\u00e9rstaka leikh\u00fasp\u00e1ska. Bo\u00f0i\u00f0 ver\u00f0ur upp\u00e1 \u00ferj\u00e1r [&hellip;]<\/p>\n","protected":false},"author":3,"featured_media":2482,"comment_status":"open","ping_status":"open","sticky":false,"template":"","format":"standard","meta":{"_et_pb_use_builder":"","_et_pb_old_content":"","_et_gb_content_width":"","footnotes":""},"categories":[187],"tags":[],"class_list":["post-2792","post","type-post","status-publish","format-standard","has-post-thumbnail","hentry","category-allar-frir","et-has-post-format-content","et_post_format-et-post-format-standard"],"_links":{"self":[{"href":"https:\/\/leiklist.is\/en\/wp-json\/wp\/v2\/posts\/2792","targetHints":{"allow":["GET"]}}],"collection":[{"href":"https:\/\/leiklist.is\/en\/wp-json\/wp\/v2\/posts"}],"about":[{"href":"https:\/\/leiklist.is\/en\/wp-json\/wp\/v2\/types\/post"}],"author":[{"embeddable":true,"href":"https:\/\/leiklist.is\/en\/wp-json\/wp\/v2\/users\/3"}],"replies":[{"embeddable":true,"href":"https:\/\/leiklist.is\/en\/wp-json\/wp\/v2\/comments?post=2792"}],"version-history":[{"count":0,"href":"https:\/\/leiklist.is\/en\/wp-json\/wp\/v2\/posts\/2792\/revisions"}],"wp:featuredmedia":[{"embeddable":true,"href":"https:\/\/leiklist.is\/en\/wp-json\/"}],"wp:attachment":[{"href":"https:\/\/leiklist.is\/en\/wp-json\/wp\/v2\/media?parent=2792"}],"wp:term":[{"taxonomy":"category","embeddable":true,"href":"https:\/\/leiklist.is\/en\/wp-json\/wp\/v2\/categories?post=2792"},{"taxonomy":"post_tag","embeddable":true,"href":"https:\/\/leiklist.is\/en\/wp-json\/wp\/v2\/tags?post=2792"}],"curies":[{"name":"wp","href":"https:\/\/api.w.org\/{rel}","templated":true}]}}