{"id":2791,"date":"2010-03-22T11:23:46","date_gmt":"2010-03-22T11:23:46","guid":{"rendered":"http:\/\/wp.leiklist.is\/?p=2791"},"modified":"2010-03-22T11:23:46","modified_gmt":"2010-03-22T11:23:46","slug":"ahugaleikhus-atvinnumanna-synir-mars","status":"publish","type":"post","link":"https:\/\/leiklist.is\/en\/ahugaleikhus-atvinnumanna-synir-mars\/","title":{"rendered":"\u00c1hugaleikh\u00fas atvinnumanna s\u00fdnir Mars"},"content":{"rendered":"<p>\u00c1 fimmtudaginn 25.mars frums\u00fdnir \u00c1hugaleikh\u00fas atvinnumanna \u00feri\u00f0ja \u00f6rverk sitt um \u00e1rattur, kenndir og kenjar.\u00a0 Verki\u00f0, sem ber heiti\u00f0 Mars, er 10 m\u00edn\u00fatna huglei\u00f0ing um l\u00ed\u00f0andi stund og er s\u00fdnt \u00ed beinni \u00fatsendingu \u00e1 www.herbergi408.is, fr\u00e1 \u00datger\u00f0, Hugmyndah\u00fass h\u00e1sk\u00f3lanna sem er n\u00fdtt gj\u00f6rningar\u00fdmi vi\u00f0 Grandagar\u00f0 16. S\u00fdningin er hluti af 12 verka r\u00f6\u00f0 sem mynda eina heild og ver\u00f0a s\u00fdnd \u00ed einu lagi \u00ed lok desember og ver\u00f0ur \u00fe\u00e1 einskonar ann\u00e1ll \u00e1rsins 2010.\u00a0 <br \/>  <!--more-->  <br \/>Listam\u00f6nnum \u00c1hugaleikh\u00fass atvinnumanna hefur n\u00fdveri\u00f0 veri\u00f0 \u00fathluta\u00f0 listamannalaunum \u00far launasj\u00f3\u00f0i svi\u00f0slistamanna vegna verkefna sinna en n\u00fa \u00ed vor mun leikh\u00fasi\u00f0 endurflytja \u00d3dau\u00f0legt verk um str\u00ed\u00f0 og fri\u00f0. Verki\u00f0 er n\u00fa \u00ed vinnslu h\u00f3psins en Hilmar \u00d6rn Hilmarson t\u00f3nsk\u00e1ld hefur lagt leikh\u00fasinu li\u00f0 og er \u00ed \u00feann mund a\u00f0 semja t\u00f3nverk undir leiks\u00fdninguna sem ver\u00f0ur s\u00fdnd \u00ed Hafnarfjar\u00f0arleikh\u00fasinu \u00ed ma\u00ed en fleiri \u00f3dau\u00f0leg verk eru \u00ed undirb\u00faningi.<\/p>\n<p>\u00ed tilefni frums\u00fdningar Mars \u00a0sem ver\u00f0ur \u00ed h\u00e1deginu kl.12:30 fimmtudaginn 25.mars, mun \u00c1hugaleikh\u00fas atvinnumanna s\u00fdna fyrsti \u00e1rsfj\u00f3r\u00f0ungurinn, Jan\u00faar, Febr\u00faar og Mars \u00ed samfellu \u00fea\u00f0 sama kv\u00f6ld kl. 20 og aftur kl.21. <\/p>\n<p>Leiks\u00fdningar \u00c1hugaleikh\u00fass atvinnumanna flokkast ekki undir marka\u00f0sv\u00f6ru heldur samtal og er \u00fev\u00ed \u00f3keypis \u00e1 alla vi\u00f0bur\u00f0i leikh\u00fassins. <\/p>\n<p><strong>\u00d6rverk um \u00e1r\u00e1ttur, kenndir og kenjar<\/strong><br \/>eftir Steinunni Kn\u00fatsd\u00f3ttir \u00ed samvinnu vi\u00f0 h\u00f3pinn <br \/>leikstj\u00f3ri Steinunn Kn\u00fatsd\u00f3ttir<\/p>\n<p><strong>Jan\u00faar<\/strong><br \/>Leikarar:<br \/>A\u00f0albj\u00f6rg \u00c1rnad\u00f3ttir<br \/>\u00d3l\u00f6f Ing\u00f3lfsd\u00f3ttir<\/p>\n<p><strong>Febr\u00faar<\/strong><br \/>Leikarar:<br \/>\u00c1rni P\u00e9tur Gu\u00f0j\u00f3nsson<br \/>Hannes \u00d3li \u00c1g\u00fastsson<\/p>\n<p><strong>Mars<\/strong><br \/>Leikarar:<br \/>\u00c1rni P\u00e9tur Gu\u00f0j\u00f3nsson<br \/>Kristjana Sk\u00falad\u00f3ttir<br \/>Sveinn \u00d3lafur Gunnarsson<\/p>\n<p>Myndvinnsla og \u00fatsendingar H\u00e1kon M\u00e1r Oddson og nemar Borgarholtssk\u00f3la.<\/p>\n<p>{mos_fb_discuss:2}<\/p>","protected":false},"excerpt":{"rendered":"<p>\u00c1 fimmtudaginn 25.mars frums\u00fdnir \u00c1hugaleikh\u00fas atvinnumanna \u00feri\u00f0ja \u00f6rverk sitt um \u00e1rattur, kenndir og kenjar.\u00a0 Verki\u00f0, sem ber heiti\u00f0 Mars, er 10 m\u00edn\u00fatna huglei\u00f0ing um l\u00ed\u00f0andi stund og er s\u00fdnt \u00ed beinni \u00fatsendingu \u00e1 www.herbergi408.is, fr\u00e1 \u00datger\u00f0, Hugmyndah\u00fass h\u00e1sk\u00f3lanna sem er n\u00fdtt gj\u00f6rningar\u00fdmi vi\u00f0 Grandagar\u00f0 16. S\u00fdningin er hluti af 12 verka r\u00f6\u00f0 sem mynda eina [&hellip;]<\/p>\n","protected":false},"author":3,"featured_media":2790,"comment_status":"open","ping_status":"open","sticky":false,"template":"","format":"standard","meta":{"_et_pb_use_builder":"","_et_pb_old_content":"","_et_gb_content_width":"","footnotes":""},"categories":[187],"tags":[],"class_list":["post-2791","post","type-post","status-publish","format-standard","has-post-thumbnail","hentry","category-allar-frir","et-has-post-format-content","et_post_format-et-post-format-standard"],"_links":{"self":[{"href":"https:\/\/leiklist.is\/en\/wp-json\/wp\/v2\/posts\/2791","targetHints":{"allow":["GET"]}}],"collection":[{"href":"https:\/\/leiklist.is\/en\/wp-json\/wp\/v2\/posts"}],"about":[{"href":"https:\/\/leiklist.is\/en\/wp-json\/wp\/v2\/types\/post"}],"author":[{"embeddable":true,"href":"https:\/\/leiklist.is\/en\/wp-json\/wp\/v2\/users\/3"}],"replies":[{"embeddable":true,"href":"https:\/\/leiklist.is\/en\/wp-json\/wp\/v2\/comments?post=2791"}],"version-history":[{"count":0,"href":"https:\/\/leiklist.is\/en\/wp-json\/wp\/v2\/posts\/2791\/revisions"}],"wp:featuredmedia":[{"embeddable":true,"href":"https:\/\/leiklist.is\/en\/wp-json\/"}],"wp:attachment":[{"href":"https:\/\/leiklist.is\/en\/wp-json\/wp\/v2\/media?parent=2791"}],"wp:term":[{"taxonomy":"category","embeddable":true,"href":"https:\/\/leiklist.is\/en\/wp-json\/wp\/v2\/categories?post=2791"},{"taxonomy":"post_tag","embeddable":true,"href":"https:\/\/leiklist.is\/en\/wp-json\/wp\/v2\/tags?post=2791"}],"curies":[{"name":"wp","href":"https:\/\/api.w.org\/{rel}","templated":true}]}}